{"id":232521,"date":"2025-11-12T20:30:10","date_gmt":"2025-11-12T20:30:10","guid":{"rendered":"https:\/\/www.europesays.com\/es\/232521\/"},"modified":"2025-11-12T20:30:10","modified_gmt":"2025-11-12T20:30:10","slug":"el-vacile-de-carlos-alcaraz-a-sinner-cuando-les-preguntan-por-su-rivalidad","status":"publish","type":"post","link":"https:\/\/www.europesays.com\/es\/232521\/","title":{"rendered":"El vacile de Carlos Alcaraz a Sinner cuando les preguntan por su rivalidad"},"content":{"rendered":"<p class=\"L6-news-detail__text\">En la previa de las ATP Finals, <b>Carlos Alcaraz<\/b> y <b>JannikSinner<\/b> concedieron una entrevista a la &#8216;CNN&#8217; en la que, entre otros aspectos, hablaron sobre su rivalidad. <\/p>\n<p class=\"L6-news-detail__text\">Este 2025, ambos se han enfrentado en las finales de <b>Roma, Roland Garros, Wimbledon, <\/b><b>Cincinnatti<\/b><b> y US Open<\/b>, adem\u00e1s de en el Six Kings Slam. <\/p>\n<p class=\"L6-news-detail__text\">\u00abYa lo dije en verano, <b>le veo m\u00e1s que a mi madre<\/b>\u00ab, afirm\u00f3 entre risas el murciano, que a\u00f1adi\u00f3: \u00abNunca me canso\u00bb.<\/p>\n<p class=\"L6-news-detail__text\">Sinner, con su temple tranquilo, ofreci\u00f3 su opini\u00f3n: \u00abEs bueno y malo, las dos, pero los dos estamos muy contentos de vernos. Cuando entrenamos juntos, cuando coincidimos en el vestuario es fant\u00e1stico. Es algo natural conocernos m\u00e1s cada vez, <b>hablamos sobre la familia, sobre la vida, cosas personales<\/b>\u00ab.<\/p>\n<p class=\"L6-news-detail__text\">\u00abPienso que la palabra rivalidad se queda en la parte profesional. Ten\u00edsticamente intentamos encontrar los puntos d\u00e9biles del otro en pista, pero luego cuando nos saludamos en la red y salimos de la pista somos totalmente diferente. En ocasiones<b> nos olvidamos de esa rivalidad y somos simplemente personas<\/b>\u00ab, replic\u00f3 Carlitos.<\/p>\n<p class=\"L6-support-news-video__title\">\u00abY lo que ha hecho en el Bayer&#8230;\u00bb<\/p>\n<p>            <a href=\"https:\/\/www.lasexta.com\/noticias\/deportes\/futbol\/pedro-leon-duda-pregunta-pedrerol-xabi-alonso-triunfar-real-madrid_202511126914b8a14d14723b1ecec138.html\" class=\"L6-news__link\" rel=\"nofollow noopener\" target=\"_blank\"><br \/>\n                Pedro Le\u00f3n no duda ante la pregunta de Pedrerol: \u00abXabi Alonso va a triunfar en el Real Madrid\u00bb<\/p>\n<p class=\"recirculation-video-desc\">En &#8216;El Cafelito&#8217;, el exjugador del conjunto blanco explic\u00f3 que tiene confianza plena en el que fuera su compa\u00f1ero.<\/p>\n<p>            <\/a><\/p>\n","protected":false},"excerpt":{"rendered":"En la previa de las ATP Finals, Carlos Alcaraz y JannikSinner concedieron una entrevista a la &#8216;CNN&#8217; en&hellip;\n","protected":false},"author":2,"featured_media":232522,"comment_status":"","ping_status":"","sticky":false,"template":"","format":"standard","meta":{"footnotes":""},"categories":[274],"tags":[168,25,24,23,167,327,326],"class_list":{"0":"post-232521","1":"post","2":"type-post","3":"status-publish","4":"format-standard","5":"has-post-thumbnail","7":"category-tenis","8":"tag-deportes","9":"tag-es","10":"tag-espana","11":"tag-spain","12":"tag-sports","13":"tag-tenis","14":"tag-tennis"},"share_on_mastodon":{"url":"https:\/\/pubeurope.com\/@es\/115538626016974851","error":""},"_links":{"self":[{"href":"https:\/\/www.europesays.com\/es\/wp-json\/wp\/v2\/posts\/232521","targetHints":{"allow":["GET"]}}],"collection":[{"href":"https:\/\/www.europesays.com\/es\/wp-json\/wp\/v2\/posts"}],"about":[{"href":"https:\/\/www.europesays.com\/es\/wp-json\/wp\/v2\/types\/post"}],"author":[{"embeddable":true,"href":"https:\/\/www.europesays.com\/es\/wp-json\/wp\/v2\/users\/2"}],"replies":[{"embeddable":true,"href":"https:\/\/www.europesays.com\/es\/wp-json\/wp\/v2\/comments?post=232521"}],"version-history":[{"count":0,"href":"https:\/\/www.europesays.com\/es\/wp-json\/wp\/v2\/posts\/232521\/revisions"}],"wp:featuredmedia":[{"embeddable":true,"href":"https:\/\/www.europesays.com\/es\/wp-json\/wp\/v2\/media\/232522"}],"wp:attachment":[{"href":"https:\/\/www.europesays.com\/es\/wp-json\/wp\/v2\/media?parent=232521"}],"wp:term":[{"taxonomy":"category","embeddable":true,"href":"https:\/\/www.europesays.com\/es\/wp-json\/wp\/v2\/categories?post=232521"},{"taxonomy":"post_tag","embeddable":true,"href":"https:\/\/www.europesays.com\/es\/wp-json\/wp\/v2\/tags?post=232521"}],"curies":[{"name":"wp","href":"https:\/\/api.w.org\/{rel}","templated":true}]}}