{"id":232539,"date":"2025-11-12T20:42:10","date_gmt":"2025-11-12T20:42:10","guid":{"rendered":"https:\/\/www.europesays.com\/es\/232539\/"},"modified":"2025-11-12T20:42:10","modified_gmt":"2025-11-12T20:42:10","slug":"cuba-llama-epidemia-al-brote-nacional-de-casos-de-chikunguna-dengue-y-oropouche","status":"publish","type":"post","link":"https:\/\/www.europesays.com\/es\/232539\/","title":{"rendered":"Cuba llama \u00abepidemia\u00bb al brote nacional de casos de chikungu\u00f1a, dengue y oropouche"},"content":{"rendered":"<p>La Habana (EFE).- El presidente de Cuba, Miguel D\u00edaz-Canel, calific\u00f3 de \u00abepidemia\u00bb el repunte de casos de dengue, chikungu\u00f1a y oropouche en la isla y llam\u00f3 a enfrentar esas arbovirosis como se hizo contra la covid-19, inform\u00f3 este mi\u00e9rcoles la prensa oficial.<\/p>\n<p>Esta es la primera vez que el Gobierno cubano designa como epidemia una situaci\u00f3n que oficialmente nombra como \u00abs\u00edndrome febril inespec\u00edfico\u00bb, porque las tres enfermedades provocan elevadas fiebres, tras un fuerte incremento de los contagios en el pa\u00eds que ha tensionado los servicios m\u00e9dicos.<\/p>\n<p>\u201cVamos a trabajar esta epidemia como mismo se trabaj\u00f3 la covid-19\u201d, afirm\u00f3 <a href=\"https:\/\/efe.com\/mundo\/2025-10-05\/presidente-cuba-crisis\/\" rel=\"nofollow noopener\" target=\"_blank\">el presidente<\/a> en una reuni\u00f3n con expertos del Ministerio de Salud P\u00fablica (Minsap) y otras instituciones cient\u00edficas, citas que se van a realizar de forma semanal para seguir la evoluci\u00f3n de la situaci\u00f3n sanitaria.<\/p>\n<p>Los datos del dengue, chikungu\u00f1a y oropouche en Cuba<\/p>\n<p>Seg\u00fan divulg\u00f3 el diario Granma, el n\u00famero acumulado de casos de chikungu\u00f1a (se entiende que en este brote) asciende a 21.681, con presencia de la enfermedad en catorce de las quince provincias del pa\u00eds y con mayor incidencia en Matanzas, La Habana y Artemisa (oeste), Cienfuegos y Villa Clara (centro), y Camag\u00fcey (este).<\/p>\n<p>En los reportes no se indicaron cifras de casos de dengue y oropouche. Los \u00faltimos datos oficiales, de hace tres semanas, hablaban de unos 2.360 afectados por dengue, principalmente de la variante m\u00e1s peligrosa para la salud.<\/p>\n<p><img data-recalc-dims=\"1\" fetchpriority=\"high\" decoding=\"async\" width=\"900\" height=\"628\" src=\"https:\/\/www.europesays.com\/es\/wp-content\/uploads\/2025\/11\/Cuba-dengue-2.webp\" alt=\"Cuba califica de &quot;epidemia&quot; el brote nacional de casos de chikungu\u00f1a, dengue y oropouche\" class=\"wp-image-2286085\" style=\"width:980px;height:auto\"  \/>Fotograf\u00eda de archivo de un soldado que fumiga para luchar contra el mosquito trasmisor del virus del zika, dengue y chikungunya, en La Habana (Cuba). EFE\/Ernesto Mastrascusa<\/p>\n<p>Seg\u00fan las autoridades cubanas, en 2025 tres personas diagnosticadas con dengue han fallecido.<\/p>\n<p>Sobre <a href=\"https:\/\/efe.com\/salud\/2024-08-25\/latinoamerica-brote-oropouche-virus\/\" rel=\"nofollow noopener\" target=\"_blank\">el oropouche<\/a> se indic\u00f3 que en las \u00faltimas dos semanas \u00abno se reportaron casos confirmados ni sospechosos\u00bb.<\/p>\n<p>Otro problema que se suma a la crisis<\/p>\n<p>El fuerte repunte de estas enfermedades en Cuba se produce en medio de una profunda crisis econ\u00f3mica, que se refleja en los diarios y prolongados cortes de energ\u00eda el\u00e9ctrica, irregularidades en el abastecimiento de agua, escaso transporte p\u00fablico y la dolarizaci\u00f3n parcial de la econom\u00eda.<\/p>\n<p>Esta situaci\u00f3n incide directamente en la propagaci\u00f3n de los insectos que transmiten estas enfermedades (mosquitos y otros insectos), porque por falta de combustible -el Estado no tiene divisas para importarlo- se han reducido las fumigaciones y no se recoge con frecuencia la basura, que se acumula durante d\u00edas en las calles.<\/p>\n<p>Las cifras reales de la epidemia son dif\u00edciles de estimar porque muchos centros m\u00e9dicos cubanos no tienen las pruebas para confirmar la enfermedad concreta y gran parte de los cubanos no acuden a los hospitales por el deterioro de los servicios sanitarios y la falta de medicinas.<\/p>\n<p>Varios pa\u00edses han actualizado sus advertencias de viaje a la isla en las \u00faltimas semanas para incluir avisos sobre el <a href=\"https:\/\/efe.com\/mundo\/2025-10-31\/cuba-evacuacion-damnificados-paso-huracan-melissa\/\" rel=\"nofollow noopener\" target=\"_blank\">aumento de casos<\/a> de estas enfermedades. Espa\u00f1a habla de \u00abgrave situaci\u00f3n epidemiol\u00f3gica\u00bb y Estados Unidos emiti\u00f3 una alerta de salud.<\/p>\n<p>De acuerdo con estad\u00edsticas de la Organizaci\u00f3n Panamericana de la Salud, en la \u00faltima d\u00e9cada, Cuba ha notificado en dos a\u00f1os distintos m\u00e1s de tres mil casos de dengue.<\/p>\n","protected":false},"excerpt":{"rendered":"La Habana (EFE).- El presidente de Cuba, Miguel D\u00edaz-Canel, calific\u00f3 de \u00abepidemia\u00bb el repunte de casos de dengue,&hellip;\n","protected":false},"author":2,"featured_media":232540,"comment_status":"","ping_status":"","sticky":false,"template":"","format":"standard","meta":{"footnotes":""},"categories":[92],"tags":[4170,1164,1293,25,24,165,166,23],"class_list":{"0":"post-232539","1":"post","2":"type-post","3":"status-publish","4":"format-standard","5":"has-post-thumbnail","7":"category-salud","8":"tag-crisis","9":"tag-cuba","10":"tag-enfermedades","11":"tag-es","12":"tag-espana","13":"tag-health","14":"tag-salud","15":"tag-spain"},"share_on_mastodon":{"url":"https:\/\/pubeurope.com\/@es\/115538673631241914","error":""},"_links":{"self":[{"href":"https:\/\/www.europesays.com\/es\/wp-json\/wp\/v2\/posts\/232539","targetHints":{"allow":["GET"]}}],"collection":[{"href":"https:\/\/www.europesays.com\/es\/wp-json\/wp\/v2\/posts"}],"about":[{"href":"https:\/\/www.europesays.com\/es\/wp-json\/wp\/v2\/types\/post"}],"author":[{"embeddable":true,"href":"https:\/\/www.europesays.com\/es\/wp-json\/wp\/v2\/users\/2"}],"replies":[{"embeddable":true,"href":"https:\/\/www.europesays.com\/es\/wp-json\/wp\/v2\/comments?post=232539"}],"version-history":[{"count":0,"href":"https:\/\/www.europesays.com\/es\/wp-json\/wp\/v2\/posts\/232539\/revisions"}],"wp:featuredmedia":[{"embeddable":true,"href":"https:\/\/www.europesays.com\/es\/wp-json\/wp\/v2\/media\/232540"}],"wp:attachment":[{"href":"https:\/\/www.europesays.com\/es\/wp-json\/wp\/v2\/media?parent=232539"}],"wp:term":[{"taxonomy":"category","embeddable":true,"href":"https:\/\/www.europesays.com\/es\/wp-json\/wp\/v2\/categories?post=232539"},{"taxonomy":"post_tag","embeddable":true,"href":"https:\/\/www.europesays.com\/es\/wp-json\/wp\/v2\/tags?post=232539"}],"curies":[{"name":"wp","href":"https:\/\/api.w.org\/{rel}","templated":true}]}}