{"id":232543,"date":"2025-11-12T20:44:12","date_gmt":"2025-11-12T20:44:12","guid":{"rendered":"https:\/\/www.europesays.com\/es\/232543\/"},"modified":"2025-11-12T20:44:12","modified_gmt":"2025-11-12T20:44:12","slug":"sony-presenta-un-nuevo-monitor-gaming-de-27-pulgadas-que-es-simplemente-perfecto-para-jugar-en-ps5","status":"publish","type":"post","link":"https:\/\/www.europesays.com\/es\/232543\/","title":{"rendered":"Sony presenta un nuevo monitor gaming de 27 pulgadas que es simplemente perfecto para jugar en PS5"},"content":{"rendered":"<p class=\"\">Anoche tuvo lugar un nuevo <a href=\"https:\/\/as.com\/meristation\/noticias\/confirmado-nuevo-state-of-play-de-ps5-dedicado-a-japon-y-al-resto-de-asia-fecha-y-hora-f202511-n\/?outputType=amp\" target=\"_blank\" rel=\"noreferrer nofollow noopener\" title=\"https:\/\/as.com\/meristation\/noticias\/confirmado-nuevo-state-of-play-de-ps5-dedicado-a-japon-y-al-resto-de-asia-fecha-y-hora-f202511-n\/?outputType=amp\">State of Play<\/a> centrado en videojuegos desarrollados en Jap\u00f3n y dem\u00e1s pa\u00edses asi\u00e1ticos, pero tambi\u00e9n hubo espacio para novedades jugosas en lo referente a hardware. Sony aprovech\u00f3 este evento para presentar un <a href=\"https:\/\/www.youtube.com\/watch?v=mRHgZ_l94F0\" target=\"_blank\" rel=\"noreferrer nofollow noopener\" title=\"https:\/\/www.youtube.com\/watch?v=mRHgZ_l94F0\"><b>nuevo monitor gaming oficial de PlayStation<\/b><\/a>, de <b>27 pulgadas <\/b>y pensado especialmente para exprimir al m\u00e1ximo la experiencia de jugar en <b>PS5<\/b>.<\/p>\n<p class=\"\">El presidente de Sony Interactive Entertainment, Hideaki Nishino, confirm\u00f3 que esta pantalla <b>se lanzar\u00e1 en Estados Unidos y Jap\u00f3n en 2026 <\/b>(de momento est\u00e1 confirmado para Espa\u00f1a). \u201cQuer\u00edamos ofrecer una experiencia de juego de escritorio optimizada para PS5, con un dise\u00f1o que combine est\u00e9tica y funcionalidad\u201d, explic\u00f3. Y la prueba de ello la podemos encontrar en<b> su gancho de carga integrado para el mando DualSense<\/b>, que permite tenerlo siempre preparado para jugar y sin ocupar espacio en tu mesa.<\/p>\n<p><b>El monitor perfecto para exprimir al m\u00e1ximo tu PS5<\/b><\/p>\n<p class=\"\">Este nuevo monitor de<b> 27 pulgadas QHD (2560&#215;1440)<\/b> utiliza un panel IPS con soporte HDR y tecnolog\u00eda de <b>Auto HDR Tone Mapping<\/b>, que lo que hace es ajustar autom\u00e1ticamente la imagen. al conectar una PS5 o PS5 Pro. Tambi\u00e9n ofrece <b>VRR <\/b>y <b>hasta 120 Hz en consola y 240 Hz en PC<\/b> o Mac compatibles, lo cual garantiza una experiencia de juego fluida en todo tipo de juegos.<\/p>\n<p class=\"\">En lo que respecta a conectividad, el monitor est\u00e1 bien equipado: posee <b>dos puertos HDMI 2.1<\/b>, un <b>DisplayPort 1.4<\/b>, dos<b> USB-A<\/b>, un<b> USB-C<\/b>, <b>altavoces est\u00e9reo integrados<\/b> y<b> salida de audio de 3,5mm<\/b>. Adem\u00e1s, es compatible con montajes VESA, lo cual facilita la instalaci\u00f3n de brazos o soportes de pared. Desde Sony afirman tambi\u00e9n es perfecto para utilizarse junto a otros accesorios de la compa\u00f1\u00eda, como el adaptador PlayStation Link o los altavoces inal\u00e1mbricos gaming que se anunciaron el pasado septiembre.<\/p>\n<p class=\"\">Por el momento<b> no sabemos si se podr\u00e1 comprar en Espa\u00f1a ni tampoco a qu\u00e9 precio se pondr\u00e1 a la venta<\/b>, pero es de agradecer que Sony contin\u00fae ampliando su cat\u00e1logo de hardware. Si cumple con todo lo que promete, pr\u00e1cticamente estamos ante<b> la pantalla perfecta para disfrutar con una PlayStation 5<\/b>.<\/p>\n<p>Noticias relacionadas<\/p>\n<p class=\"\">Sigue el <a href=\"https:\/\/twitter.com\/MeriStation?s=20\" target=\"_blank\" rel=\"noopener nofollow\">canal de MeriStation en Twitter<\/a>. Tu web de videojuegos y de entretenimiento, para conocer todas las noticias, novedades y \u00faltima hora sobre el mundo del videojuego, cine, series, manga y anime. Avances, an\u00e1lisis, entrevistas, tr\u00e1ileres, gameplays, podcasts y mucho m\u00e1s.<\/p>\n<p class=\"\">\u00a1Suscr\u00edbete! Si est\u00e1s interesado en licenciar este contenido, pincha <a href=\"https:\/\/profesional.elpais.com\/soluciones-sindicacion?utm_medium=interno&amp;utm_source=crosslinking&amp;utm_campaign=sindicacion_as_pie_articulos\" target=\"_blank\" rel=\"nofollow noopener\" title=\"https:\/\/profesional.elpais.com\/soluciones-sindicacion?utm_medium=interno&amp;utm_source=crosslinking&amp;utm_campaign=sindicacion_as_pie_articulos\">aqu\u00ed<\/a>.<\/p>\n<p><script async src=\"https:\/\/platform.twitter.com\/widgets.js\" charset=\"utf-8\"><\/script><\/p>\n","protected":false},"excerpt":{"rendered":"Anoche tuvo lugar un nuevo State of Play centrado en videojuegos desarrollados en Jap\u00f3n y dem\u00e1s pa\u00edses asi\u00e1ticos,&hellip;\n","protected":false},"author":2,"featured_media":232544,"comment_status":"","ping_status":"","sticky":false,"template":"","format":"standard","meta":{"footnotes":""},"categories":[81],"tags":[119,123,124,25,24,117,121,122,23,118,120],"class_list":{"0":"post-232543","1":"post","2":"type-post","3":"status-publish","4":"format-standard","5":"has-post-thumbnail","7":"category-ciencia-y-tecnologia","8":"tag-ciencia","9":"tag-ciencia-y-tecnologia","10":"tag-cienciaytecnologia","11":"tag-es","12":"tag-espana","13":"tag-science","14":"tag-science-and-technology","15":"tag-scienceandtechnology","16":"tag-spain","17":"tag-technology","18":"tag-tecnologia"},"share_on_mastodon":{"url":"https:\/\/pubeurope.com\/@es\/115538681214175741","error":""},"_links":{"self":[{"href":"https:\/\/www.europesays.com\/es\/wp-json\/wp\/v2\/posts\/232543","targetHints":{"allow":["GET"]}}],"collection":[{"href":"https:\/\/www.europesays.com\/es\/wp-json\/wp\/v2\/posts"}],"about":[{"href":"https:\/\/www.europesays.com\/es\/wp-json\/wp\/v2\/types\/post"}],"author":[{"embeddable":true,"href":"https:\/\/www.europesays.com\/es\/wp-json\/wp\/v2\/users\/2"}],"replies":[{"embeddable":true,"href":"https:\/\/www.europesays.com\/es\/wp-json\/wp\/v2\/comments?post=232543"}],"version-history":[{"count":0,"href":"https:\/\/www.europesays.com\/es\/wp-json\/wp\/v2\/posts\/232543\/revisions"}],"wp:featuredmedia":[{"embeddable":true,"href":"https:\/\/www.europesays.com\/es\/wp-json\/wp\/v2\/media\/232544"}],"wp:attachment":[{"href":"https:\/\/www.europesays.com\/es\/wp-json\/wp\/v2\/media?parent=232543"}],"wp:term":[{"taxonomy":"category","embeddable":true,"href":"https:\/\/www.europesays.com\/es\/wp-json\/wp\/v2\/categories?post=232543"},{"taxonomy":"post_tag","embeddable":true,"href":"https:\/\/www.europesays.com\/es\/wp-json\/wp\/v2\/tags?post=232543"}],"curies":[{"name":"wp","href":"https:\/\/api.w.org\/{rel}","templated":true}]}}