{"id":232560,"date":"2025-11-12T20:58:12","date_gmt":"2025-11-12T20:58:12","guid":{"rendered":"https:\/\/www.europesays.com\/es\/232560\/"},"modified":"2025-11-12T20:58:12","modified_gmt":"2025-11-12T20:58:12","slug":"el-momento-en-el-que-rechazaron-a-rosalia-en-tu-si-que-vales","status":"publish","type":"post","link":"https:\/\/www.europesays.com\/es\/232560\/","title":{"rendered":"El momento en el que rechazaron a Rosal\u00eda en T\u00fa s\u00ed que vales"},"content":{"rendered":"<p>\n        Quien no haya o\u00eddo hablar en los \u00faltimos d\u00edas de <a href=\"https:\/\/www.deia.eus\/tags\/rosalia\/\" title=\"Rosal\u00eda\" target=\"_blank\" class=\"link copy\" rel=\"nofollow noopener\">Rosal\u00eda <\/a>probablemente viva incomunicado en una caba\u00f1a de una monta\u00f1a rec\u00f3ndita. Porque est\u00e1 en todas partes con motivo de la publicaci\u00f3n de su \u00faltimo disco, <strong>Lux<\/strong>, el pasado <strong>7 de noviembre<\/strong>. La promoci\u00f3n en <strong>Madrid<\/strong> del lanzamiento, la <strong>filtraci\u00f3n de las canciones<\/strong> antes del estreno oficial o su aparici\u00f3n este lunes en <a href=\"https:\/\/www.deia.eus\/television\/2025\/11\/11\/revuelta-recibe-rosalia-por-todo-lo-alto-pedro-almodovar-ni-alexia-putellas-se-lo-quisieron-perder-10330383.html\" title=\"La Revuelta\" target=\"_blank\" class=\"link copy\" rel=\"nofollow noopener\">La Revuelta<\/a> en un programa espectacular y con una enorme audiencia han sido algunos de esos momentos que se recordar\u00e1n y que se suman a la <strong>exitosa trayectoria de la cantante catalana<\/strong>.\n<\/p>\n<p>            <a href=\"https:\/\/www.deia.eus\/cultura\/2025\/11\/11\/nuevo-disco-rosalia-convierte-album-lux-10336234.html\" title=\"El nuevo disco de Rosal\u00eda se convierte en el \u00e1lbum de una artista hispana m\u00e1s reproducido en un d\u00eda en Spotify\" class=\"new__media\" rel=\"nofollow noopener\" target=\"_blank\"><\/p>\n<p>                <img alt=\"El nuevo disco de Rosal\u00eda se convierte en el \u00e1lbum de una artista hispana m\u00e1s reproducido en un d\u00eda en Spotify\" data-src=\"https:\/\/www.europesays.com\/es\/wp-content\/uploads\/2025\/11\/8d89a536-c7b2-4aaa-b4a9-34662baf89a6_16-9-aspect-ratio_default_0.jpg\" class=\"lozad\"\/><\/p>\n<p>        <\/a><\/p>\n<p>        <a href=\"https:\/\/www.deia.eus\/cultura\/2025\/11\/11\/nuevo-disco-rosalia-convierte-album-lux-10336234.html\" title=\"El nuevo disco de Rosal\u00eda se convierte en el \u00e1lbum de una artista hispana m\u00e1s reproducido en un d\u00eda en Spotify\" class=\"new__headline\" rel=\"nofollow noopener\" target=\"_blank\"><br \/>\n            El nuevo disco de Rosal\u00eda se convierte en el \u00e1lbum de una artista hispana m\u00e1s reproducido en un d\u00eda en Spotify<br \/>\n        <\/a><\/p>\n<p>  \u00c9xito creciente<\/p>\n<p class=\"article-body__text \">\n        Una trayectoria que comenz\u00f3 en <strong>2017<\/strong> con el disco <strong>Los \u00c1ngeles<\/strong>, de la mano del productor <strong>Ra\u00fcl Refree<\/strong>, que pas\u00f3 bastante desapercibido aunque fue alabado por la cr\u00edtica. Su despegue lleg\u00f3 al a\u00f1o siguiente, con lo que era su proyecto de fin de carrera en la <strong>Escuela Superior de M\u00fasica de Catalunya<\/strong> y que se convirti\u00f3 en un \u00e1lbum superventas, <strong>El mal querer<\/strong>, que fusionaba el <strong>flamenco con la m\u00fasica pop y urbana<\/strong>. Cuatro a\u00f1os despu\u00e9s, en <strong>2022<\/strong>, se adentr\u00f3 en la <strong>m\u00fasica latina y urbana<\/strong> con <strong>Motomami<\/strong>, con el que sigui\u00f3 creciendo para convertirse en una <strong>estrella mundial<\/strong>. Y ahora ha llegado <strong>Lux<\/strong>, donde la catalana avanza hacia <strong>lo m\u00edstico y lo sinf\u00f3nico<\/strong>.\n<\/p>\n<p>  Rechazada en &#8216;T\u00fa s\u00ed que vales&#8217;<\/p>\n<p class=\"article-body__text \">\n        Este nuevo trabajo, en el que <strong>Rosal\u00eda<\/strong> ha dado otro giro notable a su m\u00fasica, se ha colado r\u00e1pidamente en lo m\u00e1s alto de todos los <strong>medidores de ventas y reproducciones<\/strong> y es la confirmaci\u00f3n de que la barcelonesa no tiene techo. Pero su \u00e9xito no le lleg\u00f3 a la primera, y en los \u00faltimos d\u00edas se ha vuelto viral un <strong>v\u00eddeo de cuando apenas contaba con 15 a\u00f1os<\/strong> y fue rechazada en el programa <strong>T\u00fa s\u00ed que vales<\/strong>, un <strong>talent show<\/strong> que se emit\u00eda en <strong>Telecinco<\/strong>.\n<\/p>\n<p>            <a href=\"https:\/\/www.deia.eus\/television\/2025\/11\/11\/visita-rosalia-la-revuelta-convierte-programa-mas-visto-historia-10331641.html\" title=\"La visita de Rosal\u00eda se convierte en el programa m\u00e1s visto de la historia de &#039;La Revuelta&#039;\" class=\"new__media\" rel=\"nofollow noopener\" target=\"_blank\"><\/p>\n<p>                <img alt=\"La visita de Rosal\u00eda se convierte en el programa m\u00e1s visto de la historia de 'La Revuelta'\" data-src=\"https:\/\/www.europesays.com\/es\/wp-content\/uploads\/2025\/11\/19eb79b0-9388-4802-bd0f-0286697b3bcf_16-9-aspect-ratio_default_0_x770y307.jpg\" class=\"lozad\"\/><\/p>\n<p>        <\/a><\/p>\n<p>        <a href=\"https:\/\/www.deia.eus\/television\/2025\/11\/11\/visita-rosalia-la-revuelta-convierte-programa-mas-visto-historia-10331641.html\" title=\"La visita de Rosal\u00eda se convierte en el programa m\u00e1s visto de la historia de &#039;La Revuelta&#039;\" class=\"new__headline\" rel=\"nofollow noopener\" target=\"_blank\"><br \/>\n            La visita de Rosal\u00eda se convierte en el programa m\u00e1s visto de la historia de &#8216;La Revuelta&#8217;<br \/>\n        <\/a><\/p>\n<p class=\"article-body__text \">\n        Era <strong>2008<\/strong>, <strong>Rosal\u00eda<\/strong> estudiaba <strong>4\u00ba de la ESO<\/strong> y acudi\u00f3 con su guitarra al espacio que presentaba <strong>Christian G\u00e1lvez<\/strong> y que en aquel momento ten\u00eda en el jurado a <strong>Noem\u00ed Galera<\/strong>, <strong>Javier Sard\u00e0<\/strong>, <strong>\u00c0ngel Ll\u00e0cer<\/strong> y <strong>Los Morancos<\/strong>, encajando bien sus cr\u00edticas, que le reprochaban que le faltaba fuerza y que desafinaba. No logr\u00f3 pasar a la final, demostrando que no siempre los <strong>cazatalentos<\/strong> saben captar a futuras estrellas y que estas a veces necesitan un tiempo para despuntar. \u201cNo se puede hacer todo. He intentado interpretar, cantar y bailar. He intentado hacer lo posible\u201d, se defend\u00eda tras quedar eliminada.\n<\/p>\n<p>  El fundador de Gestmusic<\/p>\n<p class=\"article-body__text \">\n        As\u00ed lo ha querido recordar tambi\u00e9n <strong>Josep Maria Mainat<\/strong>, miembro fundador de <strong>La Trinca<\/strong> y creador de <strong>Gestmusic<\/strong>, que adem\u00e1s de <strong>T\u00fa s\u00ed que vales<\/strong> produjo programas tan exitosos como <strong>No te r\u00edas que es peor<\/strong>, <strong>Cr\u00f3nicas Marcianas<\/strong>, <strong>Operaci\u00f3n Triunfo<\/strong> o <strong>\u00a1Mira qui\u00e9n baila!<\/strong>, entre muchos otros.\n<\/p>\n<blockquote class=\"twitter-tweet\" data-lang=\"es\" wp_automatic_readability=\"9.3862275449102\">\n<p lang=\"ca\" dir=\"ltr\">Aquest v\u00eddeo demostra que la progressi\u00f3 de la Rosalia ha estat majestuosa.<\/p>\n<p>Ha passat de fer desafinades tremendes a un c\u00e0sting que li vam fer pel programa TU S\u00cd QUE VALES, a fer discos sublims que emocionen universalment.<\/p>\n<p>No \u00e9s pot perdre mai la fe! <a href=\"https:\/\/t.co\/5fVWamZp8A\" rel=\"nofollow\">pic.twitter.com\/5fVWamZp8A<\/a><\/p>\n<p>\u2014 Josep M. Mainat (@MainatJM) <a href=\"https:\/\/twitter.com\/MainatJM\/status\/1988263825238335866?ref_src=twsrc%5Etfw\" rel=\"nofollow noopener\" target=\"_blank\">11 de noviembre de 2025<\/a><\/p><\/blockquote>\n<p class=\"article-body__text \">\n        El productor audiovisual ha subido a <strong>X (Twitter)<\/strong> un fragmento del paso de <strong>Rosal\u00eda<\/strong> por el citado <strong>T\u00fa s\u00ed que vales<\/strong> con el siguiente texto: \u201cEste v\u00eddeo demuestra que la <strong>progresi\u00f3n de Rosal\u00eda<\/strong> ha sido majestuosa. Ha pasado de hacer desafinaciones tremendas en un <strong>casting<\/strong> que le hicimos para el programa <strong>T\u00fa s\u00ed que vales<\/strong> a hacer <strong>discos sublimes que emocionan universalmente<\/strong>. \u00a1No se puede perder nunca la fe!\u201d, escribe en catal\u00e1n.\n<\/p>\n<p>            <script async src=\"https:\/\/platform.twitter.com\/widgets.js\" charset=\"utf-8\"><\/script><\/p>\n","protected":false},"excerpt":{"rendered":"Quien no haya o\u00eddo hablar en los \u00faltimos d\u00edas de Rosal\u00eda probablemente viva incomunicado en una caba\u00f1a de&hellip;\n","protected":false},"author":2,"featured_media":232561,"comment_status":"","ping_status":"","sticky":false,"template":"","format":"standard","meta":{"footnotes":""},"categories":[174],"tags":[255,60688,146,147,25,24,256,2812,39224,4147,23,2338],"class_list":{"0":"post-232560","1":"post","2":"type-post","3":"status-publish","4":"format-standard","5":"has-post-thumbnail","7":"category-famosos","8":"tag-celebrities","9":"tag-desafinar","10":"tag-entertainment","11":"tag-entretenimiento","12":"tag-es","13":"tag-espana","14":"tag-famosos","15":"tag-momento","16":"tag-rechazaron","17":"tag-rosalia","18":"tag-spain","19":"tag-video"},"share_on_mastodon":{"url":"https:\/\/pubeurope.com\/@es\/115538736257733604","error":""},"_links":{"self":[{"href":"https:\/\/www.europesays.com\/es\/wp-json\/wp\/v2\/posts\/232560","targetHints":{"allow":["GET"]}}],"collection":[{"href":"https:\/\/www.europesays.com\/es\/wp-json\/wp\/v2\/posts"}],"about":[{"href":"https:\/\/www.europesays.com\/es\/wp-json\/wp\/v2\/types\/post"}],"author":[{"embeddable":true,"href":"https:\/\/www.europesays.com\/es\/wp-json\/wp\/v2\/users\/2"}],"replies":[{"embeddable":true,"href":"https:\/\/www.europesays.com\/es\/wp-json\/wp\/v2\/comments?post=232560"}],"version-history":[{"count":0,"href":"https:\/\/www.europesays.com\/es\/wp-json\/wp\/v2\/posts\/232560\/revisions"}],"wp:featuredmedia":[{"embeddable":true,"href":"https:\/\/www.europesays.com\/es\/wp-json\/wp\/v2\/media\/232561"}],"wp:attachment":[{"href":"https:\/\/www.europesays.com\/es\/wp-json\/wp\/v2\/media?parent=232560"}],"wp:term":[{"taxonomy":"category","embeddable":true,"href":"https:\/\/www.europesays.com\/es\/wp-json\/wp\/v2\/categories?post=232560"},{"taxonomy":"post_tag","embeddable":true,"href":"https:\/\/www.europesays.com\/es\/wp-json\/wp\/v2\/tags?post=232560"}],"curies":[{"name":"wp","href":"https:\/\/api.w.org\/{rel}","templated":true}]}}