{"id":232562,"date":"2025-11-12T20:59:07","date_gmt":"2025-11-12T20:59:07","guid":{"rendered":"https:\/\/www.europesays.com\/es\/232562\/"},"modified":"2025-11-12T20:59:07","modified_gmt":"2025-11-12T20:59:07","slug":"el-ecce-homo-de-caravaggio-vuelve-a-colgar-de-las-galerias-del-prado-al-menos-hasta-2027","status":"publish","type":"post","link":"https:\/\/www.europesays.com\/es\/232562\/","title":{"rendered":"El \u2018Ecce Homo\u2019 de Caravaggio vuelve a colgar de las galer\u00edas del Prado, al menos hasta 2027"},"content":{"rendered":"<p class=\"paragraph\">Tras su participaci\u00f3n en la exposici\u00f3n <b>Capodimonte Doppio Caravaggio,<\/b> celebrada en el Museo di Capodimonte, el Ecce Homo de Caravaggio ha regresado al <b>Museo Nacional del Prado<\/b>, donde se integrar\u00e1 como pr\u00e9stamo temporal hasta 2027.<\/p>\n<p class=\"paragraph\">Esta cesi\u00f3n ha sido posible gracias a la generosidad de su actual propietario, que ha permitido su exhibici\u00f3n en una de las <b>instituciones art\u00edsticas m\u00e1s relevantes del mundo.<\/b><\/p>\n<p class=\"paragraph\">Considerada como uno de los hallazgos m\u00e1s importantes de la historia reciente del arte, la obra ha sido objeto de un meticuloso proceso de estudio t\u00e9cnico y documental que ha llevado a la atribuci\u00f3n un\u00e1nime al pintor italiano <b>Michelangelo Merisi da Caravaggio<\/b>.<\/p>\n<p class=\"paragraph\">Su vuelta a las <b>salas del Prado<\/b>, tras formar parte de dos muestras internacionales de gran resonancia tanto entre expertos como entre el p\u00fablico general, supone un hito para la pinacoteca madrile\u00f1a y un acontecimiento de primer orden para la comunidad art\u00edstica.<\/p>\n<p class=\"paragraph\">El lienzo se presenta desde hoy en la sala 7 del <b>edificio Villanueva<\/b>, donde queda enmarcado dentro del discurso permanente del museo. Esta ubicaci\u00f3n no es casual, pues se ha dispuesto en un eje visual que permite una conexi\u00f3n directa con otra obra capital del autor: David vencedor de Goliat, expuesta en la sala 7A.<\/p>\n<p class=\"paragraph\">Esta disposici\u00f3n permite al visitante no solo contemplar dos piezas excepcionales del pintor lombardo, sino tambi\u00e9n rastrear la evoluci\u00f3n estil\u00edstica que experiment\u00f3 su arte a lo largo de apenas una d\u00e9cada.<\/p>\n<p class=\"paragraph\">En David vencedor de Goliat se aprecian los ecos del clasicismo a\u00fan presentes en su lenguaje pl\u00e1stico, mientras que en Ecce Homo se manifiestan ya los recursos expresivos m\u00e1s dram\u00e1ticos y personales que marcar\u00edan su madurez art\u00edstica.<\/p>\n<p class=\"paragraph\">Este contraste enriquece la comprensi\u00f3n de la obra de Caravaggio y refuerza el car\u00e1cter pedag\u00f3gico de la <b>exposici\u00f3n permanente del Prado<\/b>.<\/p>\n<p class=\"paragraph\">Con esta incorporaci\u00f3n, el museo no solo incrementa el valor de su <b>discurso museogr\u00e1fico<\/b>, sino que brinda a los visitantes una oportunidad \u00fanica para aproximarse a una de las figuras m\u00e1s revolucionarias del barroco italiano.<\/p>\n<p class=\"paragraph\">La presencia simult\u00e1nea de estas dos obras en las salas del Prado permite redescubrir el <b>genio de Caravaggio <\/b>en un contexto que favorece el di\u00e1logo entre sus distintas etapas creativas.<\/p>\n","protected":false},"excerpt":{"rendered":"Tras su participaci\u00f3n en la exposici\u00f3n Capodimonte Doppio Caravaggio, celebrada en el Museo di Capodimonte, el Ecce Homo&hellip;\n","protected":false},"author":2,"featured_media":232563,"comment_status":"","ping_status":"","sticky":false,"template":"","format":"standard","meta":{"footnotes":""},"categories":[173],"tags":[229,233,231,230,232,234,146,147,25,24,23],"class_list":{"0":"post-232562","1":"post","2":"type-post","3":"status-publish","4":"format-standard","5":"has-post-thumbnail","7":"category-arte-y-diseno","8":"tag-arte","9":"tag-arte-y-diseno","10":"tag-arts","11":"tag-arts-and-design","12":"tag-design","13":"tag-diseno","14":"tag-entertainment","15":"tag-entretenimiento","16":"tag-es","17":"tag-espana","18":"tag-spain"},"share_on_mastodon":{"url":"https:\/\/pubeurope.com\/@es\/115538740060703761","error":""},"_links":{"self":[{"href":"https:\/\/www.europesays.com\/es\/wp-json\/wp\/v2\/posts\/232562","targetHints":{"allow":["GET"]}}],"collection":[{"href":"https:\/\/www.europesays.com\/es\/wp-json\/wp\/v2\/posts"}],"about":[{"href":"https:\/\/www.europesays.com\/es\/wp-json\/wp\/v2\/types\/post"}],"author":[{"embeddable":true,"href":"https:\/\/www.europesays.com\/es\/wp-json\/wp\/v2\/users\/2"}],"replies":[{"embeddable":true,"href":"https:\/\/www.europesays.com\/es\/wp-json\/wp\/v2\/comments?post=232562"}],"version-history":[{"count":0,"href":"https:\/\/www.europesays.com\/es\/wp-json\/wp\/v2\/posts\/232562\/revisions"}],"wp:featuredmedia":[{"embeddable":true,"href":"https:\/\/www.europesays.com\/es\/wp-json\/wp\/v2\/media\/232563"}],"wp:attachment":[{"href":"https:\/\/www.europesays.com\/es\/wp-json\/wp\/v2\/media?parent=232562"}],"wp:term":[{"taxonomy":"category","embeddable":true,"href":"https:\/\/www.europesays.com\/es\/wp-json\/wp\/v2\/categories?post=232562"},{"taxonomy":"post_tag","embeddable":true,"href":"https:\/\/www.europesays.com\/es\/wp-json\/wp\/v2\/tags?post=232562"}],"curies":[{"name":"wp","href":"https:\/\/api.w.org\/{rel}","templated":true}]}}