{"id":232570,"date":"2025-11-12T21:05:12","date_gmt":"2025-11-12T21:05:12","guid":{"rendered":"https:\/\/www.europesays.com\/es\/232570\/"},"modified":"2025-11-12T21:05:12","modified_gmt":"2025-11-12T21:05:12","slug":"nos-encontramos-en-una-autentica-carrera-contra-el-tiempo","status":"publish","type":"post","link":"https:\/\/www.europesays.com\/es\/232570\/","title":{"rendered":"Nos encontramos en una aut\u00e9ntica carrera contra el tiempo"},"content":{"rendered":"<p>Las<b> infecciones provocadas por bacterias multirresistentes a los antibi\u00f3ticos<\/b> ya suponen una \u00abamenaza creciente\u00bb para la salud en todo el mundo. Seg\u00fan expertos, si no se frena su expansi\u00f3n, en el a\u00f1o 2025 podr\u00edan causar ya m\u00e1s muertes que el c\u00e1ncer.<\/p>\n<p>Esta afirmaci\u00f3n tuvo lugar durante el XIX Congreso Nacional de Laboratorio Cl\u00ednico (LABCLIN 2025), organizado por la Sociedad Espa\u00f1ola de Medicina de Laboratorio (SEMEDLAB) y que recoge Europa Press. En este encuentro se ha abordado <b>uno de los asuntos que m\u00e1s preocupan a la comunidad cient\u00edfica: la propagaci\u00f3n de bacterias capaces de resistir a los antibi\u00f3ticos,<\/b> lo que dificulta la efectividad de los tratamientos, el aumento de la mortalidad y la elevaci\u00f3n de los costes hospitalarios.<\/p>\n<p>De hecho, seg\u00fan la Organizaci\u00f3n Mundial de la Salud (OMS),<b> las infecciones por bacterias resistentes podr\u00edan llegar a provocar hasta 10 millones de muertes anuales en todo el mundo<\/b> si no se intensifican las medidas de control, prevenci\u00f3n y desarrollo de nuevos f\u00e1rmacos.<\/p>\n<p>Prioridades en el desarrollo de antibi\u00f3ticos<\/p>\n<p>En un <b>informe <\/b>desarrollado por la OMS en 2024 sobre las<b> prioridades en el desarrollo de nuevos antibi\u00f3ticos<\/b> contra las bacterias multirresistentes, como la <b>Acinetob\u00e1cter, las enterobacterias y el Mycobacterium. <\/b>En <b>segundo nivel<\/b> de prioridad se encuentran las <b>Pseudomonas aeruginosa y Staphylococcus aureus, <\/b>entre otras. Adem\u00e1s, algunas de estas bacterias multirresistentes pueden contener un mayor n\u00famero de determinantes de virulencia, lo que incrementa su patogenicidad.<\/p>\n<p>\u00abNos encontramos en una aut\u00e9ntica<b> carrera contra el tiempo<\/b>. Aunque en los \u00faltimos a\u00f1os <b>se ha podido disponer de varios antibi\u00f3ticos nuevos<\/b> con actividad frente a algunas de estas superbacterias, ya<b> se han identificado cepas resistentes incluso a estas terapias<\/b> de \u00faltima generaci\u00f3n\u00bb, ha se\u00f1alado el doctor Luis Mart\u00ednez, Jefe del Servicio de Microbiolog\u00eda del Hospital Universitario Reina Sof\u00eda de C\u00f3rdoba.<\/p>\n<p>La situaci\u00f3n en Espa\u00f1a<\/p>\n<p>En Espa\u00f1a, <b>las cifras son \u00abigualmente preocupantes\u00bb,<\/b> han apuntado desde la organizaci\u00f3n. El Plan Nacional frente a la Resistencia a los Antibi\u00f3ticos (PRAN), impulsado por el Ministerio de Sanidad y la AEMPS, estima que las infecciones por <b>bacterias resistentes causan m\u00e1s de 4.000 muertes anuales en Espa\u00f1a<\/b> y generan un<b> sobrecoste<\/b> sanitario superior a los <b>150 millones de euros. <\/b><\/p>\n<p>Aunque <b>en los \u00faltimos a\u00f1os el consumo de antibi\u00f3ticos se ha reducido considerablemente, <\/b>los responsables de este Plan insisten en mantener la vigilancia activa, <b>promover un uso responsable y reforzar la investigaci\u00f3n <\/b>para evitar un retroceso.<\/p>\n<p>WhatsApp<a href=\"https:\/\/api.whatsapp.com\/send?text=https:\/\/www.eleconomista.es\/salud-bienestar\/enfermedades\/noticias\/13639927\/11\/25\/cientificos-advierten-de-lo-que-vendra-en-solo-25-anos-y-que-causara-mas-muertes-que-el-cancer-nos-encontramos-en-una-autentica-carrera-contra-el-tiempo.html?utm_source%3Dwhatsapp%26utm_medium%3Dshare_button&amp;id=1648118629957_whatsapp\" target=\"_blank\" data-action=\"share\/whatsapp\/share\" aria-label=\"Compartir en Whatsapp\" rel=\"nofollow noopener\"><\/a>Facebook<a id=\"fb-share\" href=\"#\" target=\"_blank\" rel=\"noopener noreferrer\" aria-label=\"Compartir en Facebook\"><\/a>Twitter<a href=\"https:\/\/twitter.com\/share?text=Cient%C3%ADficos+advierten+de+lo+que+vendr%C3%A1+en+solo+25+a%C3%B1os+y+que+causar%C3%A1+m%C3%A1s+muertes+que+el+c%C3%A1ncer%3A+%22Nos+encontramos+en+una+aut%C3%A9ntica+carrera+contra+el+tiempo%22&amp;url=https:\/\/www.eleconomista.es\/salud-bienestar\/enfermedades\/noticias\/13639927\/11\/25\/cientificos-advierten-de-lo-que-vendra-en-solo-25-anos-y-que-causara-mas-muertes-que-el-cancer-nos-encontramos-en-una-autentica-carrera-contra-el-tiempo.html&amp;via=elEconomistaes&amp;id=1648118839245_twitter\" target=\"_blank\" aria-label=\"Compartir en Twitter\" rel=\"nofollow noopener\"><\/a>Linkedin<a href=\"https:\/\/linkedin.com\/share?text=https:\/\/www.eleconomista.es\/salud-bienestar\/enfermedades\/noticias\/13639927\/11\/25\/cientificos-advierten-de-lo-que-vendra-en-solo-25-anos-y-que-causara-mas-muertes-que-el-cancer-nos-encontramos-en-una-autentica-carrera-contra-el-tiempo.html&amp;via=elEconomistaes\" target=\"_blank\" aria-label=\"Compartir en linkedin\" rel=\"nofollow noopener\"><\/a>Beloud<a href=\"https:\/\/beloud.com\/share?text=Cient%C3%ADficos+advierten+de+lo+que+vendr%C3%A1+en+solo+25+a%C3%B1os+y+que+causar%C3%A1+m%C3%A1s+muertes+que+el+c%C3%A1ncer%3A+%22Nos+encontramos+en+una+aut%C3%A9ntica+carrera+contra+el+tiempo%22&amp;url=https:\/\/www.eleconomista.es\/salud-bienestar\/enfermedades\/noticias\/13639927\/11\/25\/cientificos-advierten-de-lo-que-vendra-en-solo-25-anos-y-que-causara-mas-muertes-que-el-cancer-nos-encontramos-en-una-autentica-carrera-contra-el-tiempo.html&amp;via=elEconomistaes&amp;id=1648118839245_beloud\" target=\"_blank\" aria-label=\"Compartir en beloud\" rel=\"nofollow noopener\"><\/a>Bluesky<a href=\"https:\/\/bsky.app\/intent\/compose?text=https:\/\/bsky.app\/intent\/compose?text=https:\/\/www.eleconomista.es\/salud-bienestar\/enfermedades\/noticias\/13639927\/11\/25\/cientificos-advierten-de-lo-que-vendra-en-solo-25-anos-y-que-causara-mas-muertes-que-el-cancer-nos-encontramos-en-una-autentica-carrera-contra-el-tiempo.html&amp;url=https:\/\/www.eleconomista.es\/salud-bienestar\/enfermedades\/noticias\/13639927\/11\/25\/cientificos-advierten-de-lo-que-vendra-en-solo-25-anos-y-que-causara-mas-muertes-que-el-cancer-nos-encontramos-en-una-autentica-carrera-contra-el-tiempo.html&amp;via=elEconomistaes&amp;id=1648118839245_bluesky\" target=\"_blank\" aria-label=\"Compartir en bluesky\" rel=\"nofollow noopener\"><\/a><\/p>\n<p><script async src=\"https:\/\/platform.twitter.com\/widgets.js\" charset=\"utf-8\"><\/script><\/p>\n","protected":false},"excerpt":{"rendered":"Las infecciones provocadas por bacterias multirresistentes a los antibi\u00f3ticos ya suponen una \u00abamenaza creciente\u00bb para la salud en&hellip;\n","protected":false},"author":2,"featured_media":232571,"comment_status":"","ping_status":"","sticky":false,"template":"","format":"standard","meta":{"footnotes":""},"categories":[92],"tags":[25,24,165,166,4134,23],"class_list":{"0":"post-232570","1":"post","2":"type-post","3":"status-publish","4":"format-standard","5":"has-post-thumbnail","7":"category-salud","8":"tag-es","9":"tag-espana","10":"tag-health","11":"tag-salud","12":"tag-salud-bienestar","13":"tag-spain"},"share_on_mastodon":{"url":"https:\/\/pubeurope.com\/@es\/115538767737734514","error":""},"_links":{"self":[{"href":"https:\/\/www.europesays.com\/es\/wp-json\/wp\/v2\/posts\/232570","targetHints":{"allow":["GET"]}}],"collection":[{"href":"https:\/\/www.europesays.com\/es\/wp-json\/wp\/v2\/posts"}],"about":[{"href":"https:\/\/www.europesays.com\/es\/wp-json\/wp\/v2\/types\/post"}],"author":[{"embeddable":true,"href":"https:\/\/www.europesays.com\/es\/wp-json\/wp\/v2\/users\/2"}],"replies":[{"embeddable":true,"href":"https:\/\/www.europesays.com\/es\/wp-json\/wp\/v2\/comments?post=232570"}],"version-history":[{"count":0,"href":"https:\/\/www.europesays.com\/es\/wp-json\/wp\/v2\/posts\/232570\/revisions"}],"wp:featuredmedia":[{"embeddable":true,"href":"https:\/\/www.europesays.com\/es\/wp-json\/wp\/v2\/media\/232571"}],"wp:attachment":[{"href":"https:\/\/www.europesays.com\/es\/wp-json\/wp\/v2\/media?parent=232570"}],"wp:term":[{"taxonomy":"category","embeddable":true,"href":"https:\/\/www.europesays.com\/es\/wp-json\/wp\/v2\/categories?post=232570"},{"taxonomy":"post_tag","embeddable":true,"href":"https:\/\/www.europesays.com\/es\/wp-json\/wp\/v2\/tags?post=232570"}],"curies":[{"name":"wp","href":"https:\/\/api.w.org\/{rel}","templated":true}]}}