{"id":232576,"date":"2025-11-12T21:08:11","date_gmt":"2025-11-12T21:08:11","guid":{"rendered":"https:\/\/www.europesays.com\/es\/232576\/"},"modified":"2025-11-12T21:08:11","modified_gmt":"2025-11-12T21:08:11","slug":"verifactu-en-farmacias-como-prepararse-para-el-nuevo-sistema-de-facturacion","status":"publish","type":"post","link":"https:\/\/www.europesays.com\/es\/232576\/","title":{"rendered":"Verifactu en farmacias: c\u00f3mo prepararse para el nuevo sistema de facturaci\u00f3n"},"content":{"rendered":"<p>Aunque todav\u00eda faltan detalles t\u00e9cnicos por concretar, el nuevo sistema de control de la facturaci\u00f3n puesto en marcha por la Agencia Tributaria (AEAT), puede suponer cambios a la gesti\u00f3n diaria para empresas y aut\u00f3nomos, incluidas las farmacias, que deber\u00e1n adaptar sus programas de gesti\u00f3n para emitir facturas con un c\u00f3digo identificativo \u00fanico y registrarlas autom\u00e1ticamente ante Hacienda.<\/p>\n<p>Desde G\u00f3mez Cordoba Abogados se\u00f1alan que, en realidad, esta actualizaci\u00f3n se realizar\u00e1 directamente a trav\u00e9s del software de gesti\u00f3n, por lo que el farmac\u00e9utico s\u00f3lo deber\u00e1 asegurarse de que su proveedor est\u00e9 al d\u00eda y utilice una versi\u00f3n compatible.<\/p>\n<p>Como ya es conocido, cada documento llevar\u00e1 un identificador \u00fanico y se remitir\u00e1 electr\u00f3nicamente a la Agencia Tributaria en el momento de su emisi\u00f3n. En el caso de las farmacias, seg\u00fan explican desde esta asesor\u00eda, \u201cesto implica que su programa de gesti\u00f3n deber\u00e1 estar adaptado para comunicar la informaci\u00f3n contable de forma directa y segura\u201d.<\/p>\n<p>El objetivo de todo ello por parte de Hacienda es claro; por un lado evitar manipulaciones o ventas no registradas y por otro simplificar la revisi\u00f3n y control fiscal de los ingresos.<\/p>\n<p>Aunque la normativa todav\u00eda est\u00e1 en fase de desarrollo, se prev\u00e9 una implantaci\u00f3n progresiva entre 2025 y 2026, con un periodo de adaptaci\u00f3n para los distintos sectores.<\/p>\n<p>Por ello, \u201clas farmacias deber\u00edan ir familiariz\u00e1ndose ya con el sistema y planificar con sus asesores los posibles ajustes en sus procesos contables y fiscales\u201d, explican.<\/p>\n<p>Igualmente se\u00f1alan que \u201cla llegada de Verifactu no solo supone una actualizaci\u00f3n tecnol\u00f3gica, sino tambi\u00e9n una mayor exigencia en la organizaci\u00f3n contable\u201d, ya que tendr\u00e1 cambios relevantes tales como la facturaci\u00f3n autom\u00e1tica y trazable, ya que cada venta quedar\u00e1 registrada con un c\u00f3digo \u00fanico, reduciendo errores y discrepancias; la comunicaci\u00f3n directa con la AEAT, puesto que los datos se enviar\u00e1n en tiempo rea; la revisi\u00f3n de procesos internos., puesto que ser\u00e1 necesario verificar la forma en que se generan y almacenan las facturas. Finalmente, la nueva herramienta aportar\u00e1 mayor control y transparencia, lo que a su vez implica que \u201clas farmacias deber\u00e1n mantener una contabilidad impecable\u201d.<\/p>\n<p>Desde esta asesor\u00eda se han se\u00f1alado algunos consejos clave para que las farmacias est\u00e9n preparadas para este cambio. En primer lugar, desde G\u00f3mez-C\u00f3rdoba inciden en la importancia de mantenerse informado, siguiendo las comunicaciones oficiales de la AEAT y de su proveedor de software para conocer las fechas y requisitos definitivos.<\/p>\n<p>Adem\u00e1s es importante comprobar la compatibilidad del programa de gesti\u00f3n y que est\u00e9 preparado para enviar los datos a Verifactu cuando la normativa entre en vigor.<\/p>\n<p>Adem\u00e1s, y aunque el sistema automatizar\u00e1 el env\u00edo de datos, la coherencia de la informaci\u00f3n contable depender\u00e1 del orden interno con que se trabaje y finalmente se\u00f1alan la importancia de contar con asesoramiento especializado, ya que este cambio tendr\u00e1 implicaciones fiscales y un seguimiento profesional puede ayudarle a tomar decisiones correctas y evitar errores.<\/p>\n<p>En el lado positivo, esta asesor\u00eda considera que la adaptaci\u00f3n correcta a Verifactu, \u201cproyecta una imagen de fiabilidad y control, lo que puede influir positivamente en futuras operaciones financieras o de compraventa\u201d. De esta forma, se\u00f1alan, adaptarse bien al nuevo sistema \u201ces tambi\u00e9n una inversi\u00f3n en la solidez del propio negocio\u201d.<\/p>\n","protected":false},"excerpt":{"rendered":"Aunque todav\u00eda faltan detalles t\u00e9cnicos por concretar, el nuevo sistema de control de la facturaci\u00f3n puesto en marcha&hellip;\n","protected":false},"author":2,"featured_media":232577,"comment_status":"","ping_status":"","sticky":false,"template":"","format":"standard","meta":{"footnotes":""},"categories":[80],"tags":[259,82,95,94,25,24,5064,23,5072],"class_list":{"0":"post-232576","1":"post","2":"type-post","3":"status-publish","4":"format-standard","5":"has-post-thumbnail","7":"category-economia","8":"tag-andalucia","9":"tag-business","10":"tag-economia","11":"tag-economy","12":"tag-es","13":"tag-espana","14":"tag-gestion","15":"tag-spain","16":"tag-transparencia"},"share_on_mastodon":{"url":"https:\/\/pubeurope.com\/@es\/115538775510160755","error":""},"_links":{"self":[{"href":"https:\/\/www.europesays.com\/es\/wp-json\/wp\/v2\/posts\/232576","targetHints":{"allow":["GET"]}}],"collection":[{"href":"https:\/\/www.europesays.com\/es\/wp-json\/wp\/v2\/posts"}],"about":[{"href":"https:\/\/www.europesays.com\/es\/wp-json\/wp\/v2\/types\/post"}],"author":[{"embeddable":true,"href":"https:\/\/www.europesays.com\/es\/wp-json\/wp\/v2\/users\/2"}],"replies":[{"embeddable":true,"href":"https:\/\/www.europesays.com\/es\/wp-json\/wp\/v2\/comments?post=232576"}],"version-history":[{"count":0,"href":"https:\/\/www.europesays.com\/es\/wp-json\/wp\/v2\/posts\/232576\/revisions"}],"wp:featuredmedia":[{"embeddable":true,"href":"https:\/\/www.europesays.com\/es\/wp-json\/wp\/v2\/media\/232577"}],"wp:attachment":[{"href":"https:\/\/www.europesays.com\/es\/wp-json\/wp\/v2\/media?parent=232576"}],"wp:term":[{"taxonomy":"category","embeddable":true,"href":"https:\/\/www.europesays.com\/es\/wp-json\/wp\/v2\/categories?post=232576"},{"taxonomy":"post_tag","embeddable":true,"href":"https:\/\/www.europesays.com\/es\/wp-json\/wp\/v2\/tags?post=232576"}],"curies":[{"name":"wp","href":"https:\/\/api.w.org\/{rel}","templated":true}]}}