{"id":232593,"date":"2025-11-12T21:21:12","date_gmt":"2025-11-12T21:21:12","guid":{"rendered":"https:\/\/www.europesays.com\/es\/232593\/"},"modified":"2025-11-12T21:21:12","modified_gmt":"2025-11-12T21:21:12","slug":"adele-debutara-como-actriz-de-mano-de-tom-ford","status":"publish","type":"post","link":"https:\/\/www.europesays.com\/es\/232593\/","title":{"rendered":"Adele debutar\u00e1 como actriz de mano de Tom Ford"},"content":{"rendered":"<p>Sin noticias sobre el regreso discogr\u00e1fico de Adele, que no est\u00e1 previsto en absoluto de momento, al menos podremos verla en la gran pantalla. Hoy <a href=\"https:\/\/variety.com\/2025\/film\/news\/adele-acting-debut-tom-ford-cry-to-heaven-1236579669\/\" rel=\"nofollow noopener\" target=\"_blank\">Variety <\/a>informa de que Adele est\u00e1 en el elenco de \u2018Cry to Heaven\u2019.<\/p>\n<p>Se trata de <a href=\"https:\/\/jenesaispop.com\/2016\/12\/11\/283179\/defensa-del-intrusismo-tom-ford-otros-grandes-entrometidos-del-cine\/\" rel=\"nofollow noopener\" target=\"_blank\">una pel\u00edcula de Tom Ford<\/a>, inspirada en la novela de Anne Rice de 1982. Situada en la Italia del siglo XVIII, contar\u00e1 tambi\u00e9n con Nicholas Hoult, Aaron Taylor-Johnson, Ciar\u00e1n Hinds, George MacKay, Mark Strong, Colin Firth, Paul Bettany, Owen Cooper, Daniel Quinn-Toye, Hunter Schafer, Josephine Thiesen, Thandiwe Newton, Theodore Pellerin, Daryl McCormack, Cassian Bilton, Hauk Hannenmann y Lux Pascal.<\/p>\n<p>La pel\u00edcula est\u00e1 en pre-producci\u00f3n en Londres y Roma, la fotograf\u00eda se preparar\u00e1 en enero, y el estreno est\u00e1 previsto para finales de 2026. Tom Ford,  dise\u00f1ador de moda y director creativo de Gucci e Yves Saint Laurent, se pasaba al cine al dirigir \u2018<a href=\"https:\/\/jenesaispop.com\/2010\/02\/16\/33536\/a-single-man-un-anuncio-de-perfume-de-dos-horas\/\" rel=\"nofollow noopener\" target=\"_blank\">Un hombre soltero<\/a>\u2018 en 2009, que termin\u00f3 en la carrera de los Oscar. Lo mismo ocurri\u00f3 con \u2018Nocturnal Animals\u2019 en 2016. <\/p>\n","protected":false},"excerpt":{"rendered":"Sin noticias sobre el regreso discogr\u00e1fico de Adele, que no est\u00e1 previsto en absoluto de momento, al menos&hellip;\n","protected":false},"author":2,"featured_media":232594,"comment_status":"","ping_status":"","sticky":false,"template":"","format":"standard","meta":{"footnotes":""},"categories":[174],"tags":[30670,255,146,147,25,24,256,23],"class_list":{"0":"post-232593","1":"post","2":"type-post","3":"status-publish","4":"format-standard","5":"has-post-thumbnail","7":"category-famosos","8":"tag-adele","9":"tag-celebrities","10":"tag-entertainment","11":"tag-entretenimiento","12":"tag-es","13":"tag-espana","14":"tag-famosos","15":"tag-spain"},"share_on_mastodon":{"url":"https:\/\/pubeurope.com\/@es\/115538826930833059","error":""},"_links":{"self":[{"href":"https:\/\/www.europesays.com\/es\/wp-json\/wp\/v2\/posts\/232593","targetHints":{"allow":["GET"]}}],"collection":[{"href":"https:\/\/www.europesays.com\/es\/wp-json\/wp\/v2\/posts"}],"about":[{"href":"https:\/\/www.europesays.com\/es\/wp-json\/wp\/v2\/types\/post"}],"author":[{"embeddable":true,"href":"https:\/\/www.europesays.com\/es\/wp-json\/wp\/v2\/users\/2"}],"replies":[{"embeddable":true,"href":"https:\/\/www.europesays.com\/es\/wp-json\/wp\/v2\/comments?post=232593"}],"version-history":[{"count":0,"href":"https:\/\/www.europesays.com\/es\/wp-json\/wp\/v2\/posts\/232593\/revisions"}],"wp:featuredmedia":[{"embeddable":true,"href":"https:\/\/www.europesays.com\/es\/wp-json\/wp\/v2\/media\/232594"}],"wp:attachment":[{"href":"https:\/\/www.europesays.com\/es\/wp-json\/wp\/v2\/media?parent=232593"}],"wp:term":[{"taxonomy":"category","embeddable":true,"href":"https:\/\/www.europesays.com\/es\/wp-json\/wp\/v2\/categories?post=232593"},{"taxonomy":"post_tag","embeddable":true,"href":"https:\/\/www.europesays.com\/es\/wp-json\/wp\/v2\/tags?post=232593"}],"curies":[{"name":"wp","href":"https:\/\/api.w.org\/{rel}","templated":true}]}}