{"id":232630,"date":"2025-11-12T21:50:10","date_gmt":"2025-11-12T21:50:10","guid":{"rendered":"https:\/\/www.europesays.com\/es\/232630\/"},"modified":"2025-11-12T21:50:10","modified_gmt":"2025-11-12T21:50:10","slug":"asi-pudo-haber-sido-el-camp-nou-pero-el-fc-barcelona-rechazo-la-propuesta-del-arquitecto-britanico-norman-foster","status":"publish","type":"post","link":"https:\/\/www.europesays.com\/es\/232630\/","title":{"rendered":"As\u00ed pudo haber sido el Camp Nou, pero el FC Barcelona rechaz\u00f3 la propuesta del arquitecto brit\u00e1nico Norman Foster"},"content":{"rendered":"<p><img alt=\"El Camp Nou en obras\" class=\"global-image\" decoding=\"async\" fetchpriority=\"high\" height=\"1077\" loading=\"eager\" src=\"https:\/\/www.europesays.com\/es\/wp-content\/uploads\/2025\/11\/CZWGUYP2LFFHNBMXMIT56VOWNQ.jpg\" width=\"1915\"\/>El Camp Nou en obras (Europa Press)<\/p>\n<p class=\"paragraph\">El estadio <a rel=\"noopener noreferrer nofollow\" href=\"https:\/\/www.infobae.com\/espana\/2025\/11\/08\/las-obras-del-camp-nou-en-el-punto-de-mira-cascada-de-despidos-e-investigacion-por-explotacion-laboral-de-trabajadores-sin-papeles\/\" target=\"_self\" title=\"https:\/\/www.infobae.com\/espana\/2025\/11\/08\/las-obras-del-camp-nou-en-el-punto-de-mira-cascada-de-despidos-e-investigacion-por-explotacion-laboral-de-trabajadores-sin-papeles\/\">Camp Nou<\/a>, casa del <b>FC Barcelona<\/b> desde 1957, atraviesa una de sus etapas m\u00e1s determinantes en el contexto de la arquitectura deportiva europea. Las estructuras dise\u00f1adas por <b>Francesc Mitjans<\/b>, que incorporaron luego las ampliaciones de <b>Soteras<\/b> y <b>Garc\u00eda Barb\u00f3n<\/b>, sostuvieron al club durante m\u00e1s de cinco d\u00e9cadas, pero llegaron a comienzos del siglo XXI con evidentes signos de deterioro. El club reconoci\u00f3 entonces la urgencia de actualizar un recinto ya superado en criterios de seguridad, accesibilidad y requisitos tecnol\u00f3gicos. Hace m\u00e1s de dos a\u00f1os que comenzaron las obras y a\u00fan no han terminado. <\/p>\n<p class=\"paragraph\">En 2007, el prestigioso arquitecto brit\u00e1nico <b>Norman Foster<\/b> propuso una ambiciosa remodelaci\u00f3n que marcar\u00eda diferencias en la historia de los <a rel=\"noopener noreferrer nofollow\" href=\"https:\/\/www.infobae.com\/espana\/deportes\/2025\/11\/04\/los-trabajadores-de-las-obras-del-camp-nou-se-manifiestan-por-sus-condiciones-laborales-no-tienen-papeles\/\" target=\"_self\" title=\"https:\/\/www.infobae.com\/espana\/deportes\/2025\/11\/04\/los-trabajadores-de-las-obras-del-camp-nou-se-manifiestan-por-sus-condiciones-laborales-no-tienen-papeles\/\">estadios <\/a>futbol\u00edsticos europeos. Inspirado en el modernismo catal\u00e1n, su dise\u00f1o institucionaliz\u00f3 el uso de una \u201cpiel escamada\u201d que evocaba la t\u00e9cnica del trencad\u00eds propia de <b>Antoni Gaud\u00ed<\/b>, vistiendo la nueva envolvente del estadio con los colores azulgrana y adaptando la asimetr\u00eda hist\u00f3rica de la tercera grada. El plan contemplaba una cubierta integral de las gradas y <b>elevar la capacidad hasta los 106.000 asientos<\/b>.<\/p>\n<p class=\"paragraph\">El entonces presidente <b>Joan Laporta<\/b> se mostr\u00f3 favorable al proyecto de Foster. La propuesta brit\u00e1nica promet\u00eda transformar el <a rel=\"noopener noreferrer nofollow\" href=\"https:\/\/www.infobae.com\/espana\/deportes\/2025\/11\/08\/asi-ha-sido-la-reapertura-del-camp-nou-gruas-de-fondo-algunos-defectos-y-muchas-criticas-entre-los-aficionados\/#:~:text=Tras%20un%20largo%20periodo%20de,el%20viernes%207%20de%20noviembre.\" target=\"_self\" title=\"https:\/\/www.infobae.com\/espana\/deportes\/2025\/11\/08\/asi-ha-sido-la-reapertura-del-camp-nou-gruas-de-fondo-algunos-defectos-y-muchas-criticas-entre-los-aficionados\/#:~:text=Tras%20un%20largo%20periodo%20de,el%20viernes%207%20de%20noviembre.\">Camp Nou <\/a>en una obra reconocible en el panorama internacional y garantizar los m\u00e1ximos est\u00e1ndares de protecci\u00f3n frente a las inclemencias clim\u00e1ticas, gracias al uso de paneles de policarbonato de colores que permitir\u00edan la ventilaci\u00f3n natural y la protecci\u00f3n frente a la lluvia. El plazo estimado de ejecuci\u00f3n rondaba los tres a\u00f1os, pero <b>el contrato nunca se formaliz\u00f3<\/b> y la propuesta qued\u00f3 archivada.<\/p>\n<p><img alt=\"Los jugadores durante un entrenamiento\" class=\"global-image\" decoding=\"async\" fetchpriority=\"low\" height=\"3431\" loading=\"lazy\" src=\"https:\/\/www.europesays.com\/es\/wp-content\/uploads\/2025\/11\/B65FPFI7CRHV3BE4MI6PLVLZ5Q.JPG\" width=\"4879\"\/>Los jugadores durante un entrenamiento en el Camp Nou (REUTERS\/Albert Gea)<\/p>\n<p class=\"paragraph\">La d\u00e9cada siguiente supuso una nueva hoja de ruta. El club catal\u00e1n, enfrentado a restricciones presupuestarias y a la magnitud operativa que exig\u00eda la obra, opt\u00f3 por un enfoque diferente. El encargo recay\u00f3 en el despacho japon\u00e9s <b>Nikken Sekkei<\/b> tras la retirada de los arquitectos catalanes Joan Pascual y Ram\u00f3n Ausi\u00f3. El estudio asi\u00e1tico hab\u00eda presentado una alternativa para el concurso internacional de 2016, caracterizada por una apuesta<b> m\u00e1s funcional, <\/b>despojada del formalismo y complejidad t\u00e9cnica planteados por Foster.<\/p>\n<p class=\"paragraph\">La visi\u00f3n de Nikken Sekkei se sustenta en la apertura y ligereza del grader\u00edo, una fachada en tres niveles y la utilizaci\u00f3n de lamas verticales en los colores del club. Este dise\u00f1o otorga al estadio una apariencia contempor\u00e1nea, elegante y abierta, priorizando la integraci\u00f3n urbana y la gesti\u00f3n eficiente de flujos de p\u00fablico. El aforo se fija en <b>105.000 personas<\/b>, manteniendo el recinto entre los estadios m\u00e1s grandes del planeta.<\/p>\n<p class=\"paragraph\">Desde que comenzaran las obras hace m\u00e1s de dos a\u00f1os, se ha convertido en todo un quebradero de cabeza para el FC Barcelona. Los tiempos para la reapertura nunca llegaron a cumplir, obligando al club a retrasar la fecha e incluso hacer malabares para tener un estadio en el que poder jugar. A ellos se sumaron los problemas durante la reapertura. <\/p>\n<p>As\u00ed ser\u00e1 el nuevo estadio del FC Barcelona<\/p>\n<p class=\"paragraph\">El <b>FC Barcelona <\/b>volvi\u00f3 a abrir las puertas del <a rel=\"noopener noreferrer nofollow\" href=\"https:\/\/www.infobae.com\/espana\/deportes\/2025\/08\/21\/el-fc-barcelona-entre-la-espada-y-la-pared-por-la-reapertura-del-camp-nou-y-la-visita-de-la-uefa-para-acoger-los-partidos-de-la-champions\/\" target=\"_blank\" title=\"https:\/\/www.infobae.com\/espana\/deportes\/2025\/08\/21\/el-fc-barcelona-entre-la-espada-y-la-pared-por-la-reapertura-del-camp-nou-y-la-visita-de-la-uefa-para-acoger-los-partidos-de-la-champions\/\">Spotify Camp Nou <\/a>el viernes 7 de noviembre. La ocasi\u00f3n, concebida como un entrenamiento a puertas abiertas, ten\u00eda el objetivo de unir al equipo y la afici\u00f3n tras una extensa espera por las obras. El evento, sin embargo, termin\u00f3 exponiendo algunos defectos no resueltos en la remodelaci\u00f3n y dio origen a una cascada de cr\u00edticas en redes sociales. Los asistentes no solo se reencontraron con el estadio, sino que tambi\u00e9n <b>detectaron irregularidades <\/b>que empa\u00f1aron la jornada. Lo que supuso un reencuentro gris para los aficionados con su estadio.<\/p>\n","protected":false},"excerpt":{"rendered":"El Camp Nou en obras (Europa Press) El estadio Camp Nou, casa del FC Barcelona desde 1957, atraviesa&hellip;\n","protected":false},"author":2,"featured_media":232631,"comment_status":"","ping_status":"","sticky":false,"template":"","format":"standard","meta":{"footnotes":""},"categories":[173],"tags":[229,233,231,230,232,234,146,147,25,24,23],"class_list":{"0":"post-232630","1":"post","2":"type-post","3":"status-publish","4":"format-standard","5":"has-post-thumbnail","7":"category-arte-y-diseno","8":"tag-arte","9":"tag-arte-y-diseno","10":"tag-arts","11":"tag-arts-and-design","12":"tag-design","13":"tag-diseno","14":"tag-entertainment","15":"tag-entretenimiento","16":"tag-es","17":"tag-espana","18":"tag-spain"},"share_on_mastodon":{"url":"https:\/\/pubeurope.com\/@es\/115538940563660334","error":""},"_links":{"self":[{"href":"https:\/\/www.europesays.com\/es\/wp-json\/wp\/v2\/posts\/232630","targetHints":{"allow":["GET"]}}],"collection":[{"href":"https:\/\/www.europesays.com\/es\/wp-json\/wp\/v2\/posts"}],"about":[{"href":"https:\/\/www.europesays.com\/es\/wp-json\/wp\/v2\/types\/post"}],"author":[{"embeddable":true,"href":"https:\/\/www.europesays.com\/es\/wp-json\/wp\/v2\/users\/2"}],"replies":[{"embeddable":true,"href":"https:\/\/www.europesays.com\/es\/wp-json\/wp\/v2\/comments?post=232630"}],"version-history":[{"count":0,"href":"https:\/\/www.europesays.com\/es\/wp-json\/wp\/v2\/posts\/232630\/revisions"}],"wp:featuredmedia":[{"embeddable":true,"href":"https:\/\/www.europesays.com\/es\/wp-json\/wp\/v2\/media\/232631"}],"wp:attachment":[{"href":"https:\/\/www.europesays.com\/es\/wp-json\/wp\/v2\/media?parent=232630"}],"wp:term":[{"taxonomy":"category","embeddable":true,"href":"https:\/\/www.europesays.com\/es\/wp-json\/wp\/v2\/categories?post=232630"},{"taxonomy":"post_tag","embeddable":true,"href":"https:\/\/www.europesays.com\/es\/wp-json\/wp\/v2\/tags?post=232630"}],"curies":[{"name":"wp","href":"https:\/\/api.w.org\/{rel}","templated":true}]}}