{"id":232642,"date":"2025-11-12T21:57:09","date_gmt":"2025-11-12T21:57:09","guid":{"rendered":"https:\/\/www.europesays.com\/es\/232642\/"},"modified":"2025-11-12T21:57:09","modified_gmt":"2025-11-12T21:57:09","slug":"el-estreno-de-hasta-el-fin-del-mundo-en-la-1-de-rtve-acabara-a-las-225-y-su-post-a-las-3-de-la-madrugada","status":"publish","type":"post","link":"https:\/\/www.europesays.com\/es\/232642\/","title":{"rendered":"El estreno de &#8216;Hasta el fin del mundo&#8217; en La 1 de RTVE acabar\u00e1 a las 2:25, y su post a las 3 de la madrugada"},"content":{"rendered":"<p class=\"article-text\">\n        El reality show de aventuras <strong>Hasta el fin del mundo<\/strong> se estrena este <a href=\"https:\/\/www.eldiario.es\/vertele\/noticias\/rtve-pone-fecha-estreno-reality-mundo-completa-oferta-semanal-1_1_12749393.html\" target=\"_blank\" data-mrf-recirculation=\"links-noticia\" class=\"link\" rel=\"nofollow noopener\">mi\u00e9rcoles, 12 de noviembre<\/a>, en el prime time de <strong>RTVE<\/strong>. En esta ocasi\u00f3n, la oferta estelar de <strong>La 1<\/strong> se mantendr\u00e1 en pantalla hasta bien entrada la madrugada, provocando que muchos espectadores tengan que decidir entre ver la entrega \u00edntegra o marcharse a la cama antes de las <strong>2:25 horas<\/strong>. El post-show llamado <strong>M\u00e1s all\u00e1 del fin del mundo<\/strong>, tambi\u00e9n con <strong>Paula V\u00e1zquez <\/strong>al frente, corre la misma suerte:<strong> finalizar\u00e1 cerca de las 3:00 horas<\/strong>.\n    <\/p>\n<p>    <a href=\"https:\/\/www.eldiario.es\/vertele\/entrevistas\/paula-vazquez-hasta-el-fin-del-mundo-rtve-lanza-aventura-cristina-cifuentes-dia-desmayo-la-1_1_12758220.html\" data-mrf-recirculation=\"saber-mas\" data-dl-event=\"saber-mas\" rel=\"nofollow noopener\" target=\"_blank\"><\/p>\n<p class=\"know-more__title\">Paula V\u00e1zquez, a la aventura en RTVE con &#8216;Hasta el fin del mundo&#8217;: \u00abHe vivido el fracaso, pero s\u00e9 m\u00e1s qu\u00e9 son los \u00e9xitos\u00bb<\/p>\n<p>            <img decoding=\"async\" class=\"lazy\" loading=\"lazy\" data-src=\"https:\/\/static.eldiario.es\/clip\/fa1b4417-9baf-4ccf-bfd9-4c153963924b_16-9-aspect-ratio_default_0.jpg\" src=\"data:image\/svg+xml,%3Csvg xmlns=\" http:=\"\" viewbox=\"0 0 880 495\" alt=\"Paula V\u00e1zquez, a la aventura en RTVE con 'Hasta el fin del mundo': &quot;He vivido el fracaso, pero s\u00e9 m\u00e1s qu\u00e9 son los \u00e9xitos&quot;\"\/><\/p>\n<p>                        <\/a><\/p>\n<p class=\"article-text\">\n        Con una docena de famosos que se enfrentan a los mayores desaf\u00edos de sus vidas, RTVE apuesta por una extensa entrega que pondr\u00e1 a prueba la resistencia de los concursantes\u2026 y tambi\u00e9n de los espectadores. El programa arrancar\u00e1 a las 23:00 horas tras la emisi\u00f3n habitual de <strong>La Revuelta<\/strong><strong> <\/strong>con <strong>David Broncano<\/strong>, ocupando casi tres horas y media de la parrilla de La 1. Esta especie de marat\u00f3n no es nueva en la cadena: otros espacios como <strong>MasterChef<\/strong><strong> <\/strong>tambi\u00e9n suelen <strong>alargarse m\u00e1s de lo habitual<\/strong> en sus<strong> noches de estreno<\/strong>.\n    <\/p>\n<p class=\"article-text\">\n        El horario elegido vuelve a abrir el debate sobre la tard\u00eda hora a la que finalizan los espacios de prime time en nuestra televisi\u00f3n. Como ocurre en otras ocasiones, los espectadores se ver\u00e1n obligados a decidir si <strong>trasnochar <\/strong>para ver c\u00f3mo acaba la aventura o quedarse sin <strong>disfrutar del desenlace<\/strong> hasta el d\u00eda siguiente. Disfrutar del post-show ser\u00e1 todav\u00eda m\u00e1s complicado: se estrenar\u00e1 a partir de las 2:25 horas.\n    <\/p>\n<p class=\"article-text\">\n        As\u00ed queda la programaci\u00f3n nocturna de La 1 para este mi\u00e9rcoles:\n    <\/p>\n<ul>\n<li>21:00 horas \u2014 Telediario 2<\/li>\n<li>21:40 horas \u2014 Deportes<\/li>\n<li>21:45 horas \u2014 La Revuelta<\/li>\n<li>23:00 horas \u2014 Hasta el fin del mundo (Estreno)<\/li>\n<li>2:25 horas \u2014 M\u00e1s all\u00e1 del fin del mundo (Estreno)<\/li>\n<\/ul>\n<blockquote class=\"twitter-tweet\" data-lang=\"es\"><p><a href=\"https:\/\/twitter.com\/X\/status\/1988629918188450279?ref_src=twsrc%5Etfw\" rel=\"nofollow noopener\" target=\"_blank\"><\/p><\/blockquote>\n<p>    As\u00ed es &#8216;Hasta el fin del mundo&#8217;<\/p>\n<p class=\"article-text\">\n        Los famosos vuelven a ser clave en el entretenimiento de RTVE, someti\u00e9ndose a un reto que lleva por nombre Hasta el fin del mundo. Un total de <strong>seis parejas<\/strong> iniciar\u00e1n una carrera en el continente americano por llegar a meta, pero <strong>sin GPS ni m\u00f3vil ni recursos econ\u00f3micos<\/strong> pr\u00e1cticamente. En cada episodio, los concursantes tendr\u00e1n que alcanzar un punto de control y firmar el libro de viajes: es importante el orden de llegada porque determinar\u00e1 qui\u00e9n sale primero en la siguiente etapa.\n    <\/p>\n<p>    <a href=\"https:\/\/www.eldiario.es\/vertele\/noticias\/revuelta-muestra-no-vio-visita-rosalia-preparo-sketch-peticion-almodovar_1_12759277.html\" data-mrf-recirculation=\"saber-mas-abajo\" data-dl-event=\"saber-mas-abajo\" rel=\"nofollow noopener\" target=\"_blank\"><\/p>\n<p class=\"know-more__title\">&#8216;La Revuelta&#8217; muestra lo que no se vio de la visita de Rosal\u00eda: as\u00ed se prepar\u00f3 el sketch, con una petici\u00f3n de Almod\u00f3var<\/p>\n<p>            <img decoding=\"async\" class=\"lazy\" loading=\"lazy\" data-src=\"https:\/\/static.eldiario.es\/clip\/3ef68e58-3217-47fd-9190-adf6bede425f_16-9-aspect-ratio_default_0.jpg\" src=\"data:image\/svg+xml,%3Csvg xmlns=\" http:=\"\" viewbox=\"0 0 880 495\" alt=\"'La Revuelta' muestra lo que no se vio de la visita de Rosal\u00eda: as\u00ed se prepar\u00f3 el sketch, con una petici\u00f3n de Almod\u00f3var\"\/><\/p>\n<p>                        <\/a><\/p>\n<p class=\"article-text\">\n        Cada segundo es fundamental en la competici\u00f3n. <strong>Yolanda Ramos <\/strong>y <strong>Ainoa Olivares<\/strong>, <strong>Alba Carrillo <\/strong>y <strong>Cristina Cifuentes<\/strong>, <strong>Jedet <\/strong>y <strong>Andrea Compton<\/strong>, <strong>Roc\u00edo Carrasco <\/strong>y <strong>Anabel Due\u00f1as<\/strong>, <strong>Nia Correia <\/strong>y <strong>J Kbello<\/strong>, adem\u00e1s de <strong>Aldo Comas <\/strong>y <strong>Jos\u00e9 Lamu\u00f1o <\/strong>se asomar\u00e1n por primera vez a La 1 este mi\u00e9rcoles, con una entrega de estreno que se extender\u00e1 hasta la madugada. Cabe recordar que estar\u00e1 disponible en <strong>RTVE Play<\/strong> bajo demanda tras su pase por la televisi\u00f3n lineal.\n    <\/p>\n<p>                                <script async src=\"https:\/\/platform.twitter.com\/widgets.js\" charset=\"utf-8\"><\/script><\/p>\n","protected":false},"excerpt":{"rendered":"El reality show de aventuras Hasta el fin del mundo se estrena este mi\u00e9rcoles, 12 de noviembre, en&hellip;\n","protected":false},"author":2,"featured_media":232643,"comment_status":"","ping_status":"","sticky":false,"template":"","format":"standard","meta":{"footnotes":""},"categories":[91],"tags":[25482,146,147,25,24,1055,772,15819,6870,17745,3013,36480,518,23],"class_list":{"0":"post-232642","1":"post","2":"type-post","3":"status-publish","4":"format-standard","5":"has-post-thumbnail","7":"category-entretenimiento","8":"tag-acabara","9":"tag-entertainment","10":"tag-entretenimiento","11":"tag-es","12":"tag-espana","13":"tag-estreno","14":"tag-fin","15":"tag-hasta","16":"tag-la-1","17":"tag-madrugada","18":"tag-mundo","19":"tag-post","20":"tag-rtve","21":"tag-spain"},"share_on_mastodon":{"url":"https:\/\/pubeurope.com\/@es\/115538968332115664","error":""},"_links":{"self":[{"href":"https:\/\/www.europesays.com\/es\/wp-json\/wp\/v2\/posts\/232642","targetHints":{"allow":["GET"]}}],"collection":[{"href":"https:\/\/www.europesays.com\/es\/wp-json\/wp\/v2\/posts"}],"about":[{"href":"https:\/\/www.europesays.com\/es\/wp-json\/wp\/v2\/types\/post"}],"author":[{"embeddable":true,"href":"https:\/\/www.europesays.com\/es\/wp-json\/wp\/v2\/users\/2"}],"replies":[{"embeddable":true,"href":"https:\/\/www.europesays.com\/es\/wp-json\/wp\/v2\/comments?post=232642"}],"version-history":[{"count":0,"href":"https:\/\/www.europesays.com\/es\/wp-json\/wp\/v2\/posts\/232642\/revisions"}],"wp:featuredmedia":[{"embeddable":true,"href":"https:\/\/www.europesays.com\/es\/wp-json\/wp\/v2\/media\/232643"}],"wp:attachment":[{"href":"https:\/\/www.europesays.com\/es\/wp-json\/wp\/v2\/media?parent=232642"}],"wp:term":[{"taxonomy":"category","embeddable":true,"href":"https:\/\/www.europesays.com\/es\/wp-json\/wp\/v2\/categories?post=232642"},{"taxonomy":"post_tag","embeddable":true,"href":"https:\/\/www.europesays.com\/es\/wp-json\/wp\/v2\/tags?post=232642"}],"curies":[{"name":"wp","href":"https:\/\/api.w.org\/{rel}","templated":true}]}}