{"id":232648,"date":"2025-11-12T22:00:05","date_gmt":"2025-11-12T22:00:05","guid":{"rendered":"https:\/\/www.europesays.com\/es\/232648\/"},"modified":"2025-11-12T22:00:05","modified_gmt":"2025-11-12T22:00:05","slug":"primer-ministro-saliente-de-irak-reivindica-la-victoria-de-su-coalicion-en-elecciones-parlamentarias","status":"publish","type":"post","link":"https:\/\/www.europesays.com\/es\/232648\/","title":{"rendered":"Primer ministro saliente de Irak reivindica la victoria de su coalici\u00f3n en elecciones parlamentarias"},"content":{"rendered":"<p>    <img src=\"https:\/\/www.europesays.com\/es\/wp-content\/uploads\/2025\/11\/2025-11-12T213A063A10Z-90324176.jpg\" width=\"1024\" height=\"682\" alt=\"\" loading=\"eager\" decoding=\"sync\" fetchpriority=\"high\"\/><\/p>\n<p>            afp_tickers        <\/p>\n<p>        Este contenido fue publicado en    <\/p>\n<p>        12 noviembre 2025 &#8211; 22:37\n<\/p>\n<p>El primer ministro saliente de Irak, el chiita Mohamed Shia al Sudani, reivindic\u00f3 este mi\u00e9rcoles que su coalici\u00f3n gan\u00f3 las elecciones parlamentarias, despu\u00e9s de que los resultados preliminares mostraran que tiene una ventaja decisiva.\u00a0<\/p>\n<p>Durante la tarde, los primeros resultados publicados por la Comisi\u00f3n Electoral mostraron que su lista fue la m\u00e1s votada en las elecciones celebradas el martes con cerca de 1,3 millones de votos, con una ventaja de 217.500 con respecto a la siguiente formaci\u00f3n que sum\u00f3 m\u00e1s sufragios. \u00a0<\/p>\n<p>Los simpatizantes de Al Sudani se congregaron en la Plaza Tahrir de Bagdad con fuegos artificiales y m\u00fasica, constat\u00f3 la AFP.\u00a0<\/p>\n<p>El pol\u00edtico calific\u00f3 los resultados como un triunfo para todos los iraqu\u00edes y afirm\u00f3: \u00abLos felicitamos por la victoria de su coalici\u00f3n que gan\u00f3 el primer lugar en las elecciones parlamentarias\u00bb.<\/p>\n<p>Al Sudani declar\u00f3 en X que su coalici\u00f3n \u00abReconstrucci\u00f3n y Desarrollo\u00bb qued\u00f3 primera y expres\u00f3 \u00absu profundo agradecimiento al pueblo iraqu\u00ed por su apoyo\u00bb. \u00a0<\/p>\n<p>Los iraqu\u00edes fueron a votar el martes tras un periodo de inusual estabilidad en los \u00faltimos a\u00f1os mientras el pa\u00eds intenta superar d\u00e9cadas de guerra y represi\u00f3n bajo el r\u00e9gimen de Sadam Husein, y los estragos de la invasi\u00f3n liderada por Estados Unidos que lo derroc\u00f3.<\/p>\n<p>No obstante, este pa\u00eds de 46 millones de habitantes sufre de infraestructuras y servicios p\u00fablicos deficientes, adem\u00e1s de una corrupci\u00f3n end\u00e9mica.<\/p>\n<p>Adem\u00e1s, Irak enfrenta la dif\u00edcil tarea de mantener un equilibrio entre sus distintos aliados, pa\u00edses tan dis\u00edmiles como el vecino Ir\u00e1n y Estados Unidos.\u00a0<\/p>\n<p>Esta tarea se complica en un contexto donde estas alianzas quedaron sacudidas por un a\u00f1o turbulento en Oriente Medio.\u00a0<\/p>\n<p>La tasa de participaci\u00f3n fue de un 55% del electorado, una sorpresa ya que muchos observadores tem\u00edan una afluencia muy baja, tras un llamado de boicot del influyente cl\u00e9rigo chiita Moqtada Sadr. En las elecciones de 2021, la participaci\u00f3n fue del 41%.<\/p>\n<p>Las autoridades ya publicaron el recuento de los votos por provincia, pero no anunciaron cu\u00e1ntos esca\u00f1os tiene cada formaci\u00f3n.\u00a0<\/p>\n<p>\u2013 B\u00fasqueda de alianzas \u2013<\/p>\n<p>Una persona cercana a Al Sudani declar\u00f3 a AFP antes de la publicaci\u00f3n de los resultados que su lista se encaminaba hacia una \u00abvictoria importante\u00bb.\u00a0<\/p>\n<p>Otras dos fuentes estimaron que el bloque del primer ministro saliente es la mayor fuerza, con cerca de 50 de los 329 esca\u00f1os.<\/p>\n<p>Cuando se confirmen los resultados, los legisladores comenzar\u00e1n las negociaciones para nombrar a un primer ministro, una tarea que puede durar meses.\u00a0<\/p>\n<p>Por convenci\u00f3n desde la invasi\u00f3n estadounidense de 2003, un chiita ocupa el cargo de primer ministro en Irak y un sunita el de presidente del Parlamento, mientras que la presidencia, en gran parte ceremonial, recae en un kurdo.<\/p>\n<p>Dado que es casi imposible que una sola lista obtenga la mayor\u00eda absoluta, quien ocupe el cargo depender\u00e1 de la coalici\u00f3n que consiga suficientes alianzas tras las elecciones para formar una coalici\u00f3n.<\/p>\n<p>Al Sudani lleg\u00f3 al poder en 2022 gracias a una alianza gobernante de partidos y facciones chiitas vinculados a su vecino Ir\u00e1n. El dirigente destac\u00f3 en campa\u00f1a el \u00ab\u00e9xito\u00bb de su gesti\u00f3n al mantener a Irak relativamente indemne de la inestabilidad en Oriente Medio.<\/p>\n<p>bur-rh\/an\/jvb<\/p>\n","protected":false},"excerpt":{"rendered":"afp_tickers Este contenido fue publicado en 12 noviembre 2025 &#8211; 22:37 El primer ministro saliente de Irak, el&hellip;\n","protected":false},"author":2,"featured_media":232649,"comment_status":"","ping_status":"","sticky":false,"template":"","format":"standard","meta":{"footnotes":""},"categories":[42],"tags":[17,18,6654,13,14,4437,11,61,62,63,64,19,20,9,10,15,16,28415,88,90,12,21,22,65,66,67],"class_list":{"0":"post-232648","1":"post","2":"type-post","3":"status-publish","4":"format-standard","5":"has-post-thumbnail","7":"category-internacional","8":"tag-breaking-news","9":"tag-breakingnews","10":"tag-election","11":"tag-featured-news","12":"tag-featurednews","13":"tag-government","14":"tag-headlines","15":"tag-internacional","16":"tag-international","17":"tag-international-news","18":"tag-internationalnews","19":"tag-latest-news","20":"tag-latestnews","21":"tag-news","22":"tag-noticias","23":"tag-noticias-destacadas","24":"tag-noticiasdestacadas","25":"tag-parliament","26":"tag-politics","27":"tag-ticker","28":"tag-titulares","29":"tag-ultimas-noticias","30":"tag-ultimasnoticias","31":"tag-world","32":"tag-world-news","33":"tag-worldnews"},"share_on_mastodon":{"url":"https:\/\/pubeurope.com\/@es\/115538980148943490","error":""},"_links":{"self":[{"href":"https:\/\/www.europesays.com\/es\/wp-json\/wp\/v2\/posts\/232648","targetHints":{"allow":["GET"]}}],"collection":[{"href":"https:\/\/www.europesays.com\/es\/wp-json\/wp\/v2\/posts"}],"about":[{"href":"https:\/\/www.europesays.com\/es\/wp-json\/wp\/v2\/types\/post"}],"author":[{"embeddable":true,"href":"https:\/\/www.europesays.com\/es\/wp-json\/wp\/v2\/users\/2"}],"replies":[{"embeddable":true,"href":"https:\/\/www.europesays.com\/es\/wp-json\/wp\/v2\/comments?post=232648"}],"version-history":[{"count":0,"href":"https:\/\/www.europesays.com\/es\/wp-json\/wp\/v2\/posts\/232648\/revisions"}],"wp:featuredmedia":[{"embeddable":true,"href":"https:\/\/www.europesays.com\/es\/wp-json\/wp\/v2\/media\/232649"}],"wp:attachment":[{"href":"https:\/\/www.europesays.com\/es\/wp-json\/wp\/v2\/media?parent=232648"}],"wp:term":[{"taxonomy":"category","embeddable":true,"href":"https:\/\/www.europesays.com\/es\/wp-json\/wp\/v2\/categories?post=232648"},{"taxonomy":"post_tag","embeddable":true,"href":"https:\/\/www.europesays.com\/es\/wp-json\/wp\/v2\/tags?post=232648"}],"curies":[{"name":"wp","href":"https:\/\/api.w.org\/{rel}","templated":true}]}}