{"id":232656,"date":"2025-11-12T22:08:08","date_gmt":"2025-11-12T22:08:08","guid":{"rendered":"https:\/\/www.europesays.com\/es\/232656\/"},"modified":"2025-11-12T22:08:08","modified_gmt":"2025-11-12T22:08:08","slug":"el-team-totalenergies-correra-con-bicis-cube-a-partir-de-2026","status":"publish","type":"post","link":"https:\/\/www.europesays.com\/es\/232656\/","title":{"rendered":"El Team TotalEnergies correr\u00e1 con bicis CUBE a partir de 2026"},"content":{"rendered":"<p>La marca alemana CUBE y el equipo franc\u00e9s TotalEnergies han anunciado un acuerdo de colaboraci\u00f3n que comenzar\u00e1 en la temporada 2026, convirtiendo a <strong>CUBE en el patrocinador oficial de bicicletas de la formaci\u00f3n dirigida por Jean-Ren\u00e9 Bernaudeau.<\/strong><\/p>\n<p>Tras el final de su larga etapa junto a Intermarch\u00e9-Wanty, CUBE abre as\u00ed un nuevo cap\u00edtulo en el ciclismo profesional, manteniendo su presencia en la \u00e9lite y reforzando su apuesta por el desarrollo de producto a trav\u00e9s de la experiencia directa de los corredores.<\/p>\n<p>\u201cEs un gran orgullo seguir trabajando con un equipo ciclista profesional de alto nivel. Las opiniones de los ciclistas influyen directamente en el desarrollo de nuestros productos\u201d, ha se\u00f1alado Marcus P\u00fcrner, fundador y propietario de CUBE.\u00a0<img class=\" lazyload\" border=\"0\" alt=\"El Team TotalEnergies correr\u00e1 con bicis CUBE a partir de 2026\" width=\"8015\" height=\"5346\"  data-\/><\/p>\n<p>El Team TotalEnergies, con sede en Les Essarts (Vend\u00e9e), es una de las formaciones hist\u00f3ricas del ciclismo franc\u00e9s. Fundado en el a\u00f1o 2000, el equipo ha mantenido una fuerte conexi\u00f3n con el programa de desarrollo Vend\u00e9e U Pays-de-la-Loire, una de las canteras m\u00e1s destacadas del pa\u00eds. En los \u00faltimos a\u00f1os ha consolidado su progresi\u00f3n con un 10.\u00ba puesto en la general del Tour de Francia 2025 y una victoria de etapa en 2024.<\/p>\n<p>Gracias a esta alianza, todas las categor\u00edas del conjunto franc\u00e9s, desde el UCI ProTeam hasta los equipos de desarrollo U23 y U19, competir\u00e1n a partir de 2026 sobre las \u00faltimas bicicletas de competici\u00f3n de CUBE, benefici\u00e1ndose adem\u00e1s del trabajo conjunto con el P\u00f4le Performance de Le Manoir.<\/p>\n<p>\u201cCUBE nos aporta la precisi\u00f3n y la innovaci\u00f3n de la ingenier\u00eda alemana, pero tambi\u00e9n diez a\u00f1os de experiencia respaldando a un equipo profesional. Juntos queremos seguir escribiendo la historia de un ciclismo humano y aut\u00e9ntico\u201d, ha declarado Jean-Ren\u00e9 Bernaudeau, director del equipo TotalEnergies.<\/p>\n<p>Con esta colaboraci\u00f3n, ambas partes buscan combinar innovaci\u00f3n, experiencia y pasi\u00f3n, con un objetivo com\u00fan: formar a los campeones del ma\u00f1ana sin renunciar al rendimiento de \u00e9lite hoy.<\/p>\n","protected":false},"excerpt":{"rendered":"La marca alemana CUBE y el equipo franc\u00e9s TotalEnergies han anunciado un acuerdo de colaboraci\u00f3n que comenzar\u00e1 en&hellip;\n","protected":false},"author":2,"featured_media":232657,"comment_status":"","ping_status":"","sticky":false,"template":"","format":"standard","meta":{"footnotes":""},"categories":[273],"tags":[313,312,168,25,24,23,167],"class_list":{"0":"post-232656","1":"post","2":"type-post","3":"status-publish","4":"format-standard","5":"has-post-thumbnail","7":"category-ciclismo","8":"tag-ciclismo","9":"tag-cycling","10":"tag-deportes","11":"tag-es","12":"tag-espana","13":"tag-spain","14":"tag-sports"},"share_on_mastodon":{"url":"https:\/\/pubeurope.com\/@es\/115539011368985638","error":""},"_links":{"self":[{"href":"https:\/\/www.europesays.com\/es\/wp-json\/wp\/v2\/posts\/232656","targetHints":{"allow":["GET"]}}],"collection":[{"href":"https:\/\/www.europesays.com\/es\/wp-json\/wp\/v2\/posts"}],"about":[{"href":"https:\/\/www.europesays.com\/es\/wp-json\/wp\/v2\/types\/post"}],"author":[{"embeddable":true,"href":"https:\/\/www.europesays.com\/es\/wp-json\/wp\/v2\/users\/2"}],"replies":[{"embeddable":true,"href":"https:\/\/www.europesays.com\/es\/wp-json\/wp\/v2\/comments?post=232656"}],"version-history":[{"count":0,"href":"https:\/\/www.europesays.com\/es\/wp-json\/wp\/v2\/posts\/232656\/revisions"}],"wp:featuredmedia":[{"embeddable":true,"href":"https:\/\/www.europesays.com\/es\/wp-json\/wp\/v2\/media\/232657"}],"wp:attachment":[{"href":"https:\/\/www.europesays.com\/es\/wp-json\/wp\/v2\/media?parent=232656"}],"wp:term":[{"taxonomy":"category","embeddable":true,"href":"https:\/\/www.europesays.com\/es\/wp-json\/wp\/v2\/categories?post=232656"},{"taxonomy":"post_tag","embeddable":true,"href":"https:\/\/www.europesays.com\/es\/wp-json\/wp\/v2\/tags?post=232656"}],"curies":[{"name":"wp","href":"https:\/\/api.w.org\/{rel}","templated":true}]}}