{"id":232658,"date":"2025-11-12T22:10:10","date_gmt":"2025-11-12T22:10:10","guid":{"rendered":"https:\/\/www.europesays.com\/es\/232658\/"},"modified":"2025-11-12T22:10:10","modified_gmt":"2025-11-12T22:10:10","slug":"el-perimetro-vuelve-a-ser-solucion-el-gran-canaria-es-el-segundo-equipo-que-mas-triples-anota-en-acb","status":"publish","type":"post","link":"https:\/\/www.europesays.com\/es\/232658\/","title":{"rendered":"El per\u00edmetro vuelve a ser soluci\u00f3n: el Gran Canaria es el segundo equipo que m\u00e1s triples anota en ACB"},"content":{"rendered":"<p><a class=\"v-mdl-ath__fig-a\" href=\"https:\/\/www.canarias7.es\/autor\/daniel-herrera-rodriguez-6598.html\" title=\"Daniel Herrera Rodr\u00edguez\" rel=\"nofollow noopener\" target=\"_blank\"><br \/>\n<img decoding=\"async\" class=\"v-mdl-ath__img\" src=\"https:\/\/www.europesays.com\/es\/wp-content\/uploads\/2025\/08\/autor-6598-foto-1.jpeg\" alt=\"Daniel Herrera Rodr\u00edguez\"\/><br \/>\n<\/a><\/p>\n<p class=\"v-mdl-ath__p v-mdl-ath__p--6\">\nMi\u00e9rcoles, 12 de noviembre 2025, 19:25<\/p>\n<p>| Actualizado 19:42h.<\/p>\n<p class=\"v-p\">El Dreamland Gran Canaria vuelve a mirar al <strong>per\u00edmetro <\/strong>como garant\u00eda en su libreto, al menos en la ACB. Tras recuperarle el pulso a la Liga Endesa col\u00e1ndose s\u00e9ptimo en la tabla (3-3 de balance), el equipo claretiano ha cimentado parte de su \u00e9xito anotador en la mejora de las prestaciones en el tiro exterior, siendo hasta la fecha <strong>el segundo que m\u00e1s triples anota por encuentro (11).<\/strong><\/p>\n<p class=\"v-p\"><strong>Solo el Valencia Basket del examarillo Pedro Mart\u00ednez le supera en esta estad\u00edstica (13,1), <\/strong>siendo adem\u00e1s el l\u00edder de la competici\u00f3n. Adem\u00e1s, el conjunto dirigido desde la pizarra por el esloveno Jaka Lakovic es el cuarto con mejor porcentaje desde el <strong>6,75 (36,26%).<\/strong> Y para m\u00e1s m\u00e9rito, en cuanto al funcionamiento coral de la escuadra isle\u00f1a, ninguno de los jugadores copa el <strong>Top1<\/strong>5 en la tabla individual de la liga, lo que se traduce en un m\u00e1s que elocuente reparto de protagonismo en esta faceta.<\/p>\n<p class=\"v-p\">De hecho, el colombiano <strong>Braian Angola <\/strong>figura en la 16\u00aa posici\u00f3n entre los jugadores que m\u00e1s triples transforman en cada encuentro <strong>-2 por jornada<\/strong>-. Un equipo en el que no solo han demostrado su acierto desde dicha l\u00ednea tanto Angola como<strong> Brussino (1,7) Louis Labeyrie (1,7), Albicy (1,7) o Pierre Pelos (1,1).<\/strong> Incluso <strong>un p\u00edvot de 2,13 metros como Mike Tobey <\/strong>ha mostrado su polivalencia en este apartado, siendo ya un factor a tener en cuenta para erosionar sistemas defensivos. Cabe recordar que, en el pasado a\u00f1o, el Granca figuraba en este apartado como el d\u00e9cimo de la competici\u00f3n con un promedio de 9,9 triples convertidos, aunque la estad\u00edstica era ligeramente mejor (36,5%). Ya en la temporada 23-24, se calc\u00f3 la media (9,9) pero el acierto se resinti\u00f3 (34,3%). <\/p>\n<p class=\"v-p\">Ya en su momento,<strong> Jaka Lakovic<\/strong> reconoci\u00f3 en el triunfo ante el Morabanc Andorra que el equipo\u00abestaba recuperando sensaciones, pero sobre todo si las cosas van bien en defensa, se coge confianza en el triple y en ataque\u00bb. <\/p>\n<p>Reporta un error<\/p>\n","protected":false},"excerpt":{"rendered":"Mi\u00e9rcoles, 12 de noviembre 2025, 19:25 | Actualizado 19:42h. El Dreamland Gran Canaria vuelve a mirar al per\u00edmetro&hellip;\n","protected":false},"author":2,"featured_media":232659,"comment_status":"","ping_status":"","sticky":false,"template":"","format":"standard","meta":{"footnotes":""},"categories":[269],"tags":[302,12393,299,298,7221,168,25,24,3956,60704,1566,15428,23,167,30145,739],"class_list":{"0":"post-232658","1":"post","2":"type-post","3":"status-publish","4":"format-standard","5":"has-post-thumbnail","7":"category-baloncesto","8":"tag-acb","9":"tag-anota","10":"tag-baloncesto","11":"tag-basketball","12":"tag-canaria","13":"tag-deportes","14":"tag-es","15":"tag-espana","16":"tag-gran","17":"tag-perimetro","18":"tag-segundo","19":"tag-solucion","20":"tag-spain","21":"tag-sports","22":"tag-triples","23":"tag-vuelve"},"share_on_mastodon":{"url":"https:\/\/pubeurope.com\/@es\/115539019705687120","error":""},"_links":{"self":[{"href":"https:\/\/www.europesays.com\/es\/wp-json\/wp\/v2\/posts\/232658","targetHints":{"allow":["GET"]}}],"collection":[{"href":"https:\/\/www.europesays.com\/es\/wp-json\/wp\/v2\/posts"}],"about":[{"href":"https:\/\/www.europesays.com\/es\/wp-json\/wp\/v2\/types\/post"}],"author":[{"embeddable":true,"href":"https:\/\/www.europesays.com\/es\/wp-json\/wp\/v2\/users\/2"}],"replies":[{"embeddable":true,"href":"https:\/\/www.europesays.com\/es\/wp-json\/wp\/v2\/comments?post=232658"}],"version-history":[{"count":0,"href":"https:\/\/www.europesays.com\/es\/wp-json\/wp\/v2\/posts\/232658\/revisions"}],"wp:featuredmedia":[{"embeddable":true,"href":"https:\/\/www.europesays.com\/es\/wp-json\/wp\/v2\/media\/232659"}],"wp:attachment":[{"href":"https:\/\/www.europesays.com\/es\/wp-json\/wp\/v2\/media?parent=232658"}],"wp:term":[{"taxonomy":"category","embeddable":true,"href":"https:\/\/www.europesays.com\/es\/wp-json\/wp\/v2\/categories?post=232658"},{"taxonomy":"post_tag","embeddable":true,"href":"https:\/\/www.europesays.com\/es\/wp-json\/wp\/v2\/tags?post=232658"}],"curies":[{"name":"wp","href":"https:\/\/api.w.org\/{rel}","templated":true}]}}