{"id":232662,"date":"2025-11-12T22:12:14","date_gmt":"2025-11-12T22:12:14","guid":{"rendered":"https:\/\/www.europesays.com\/es\/232662\/"},"modified":"2025-11-12T22:12:14","modified_gmt":"2025-11-12T22:12:14","slug":"las-bonitas-fotografias-del-enlace","status":"publish","type":"post","link":"https:\/\/www.europesays.com\/es\/232662\/","title":{"rendered":"las bonitas fotograf\u00edas del enlace"},"content":{"rendered":"<p class=\"paragraph\" data-end=\"471\" data-start=\"173\" id=\"paragraph_1\">Este pasado martes, 11 de noviembre, la pareja formada por<a href=\"https:\/\/www.elespanol.com\/corazon\/famosos\/20251028\/marron-hormiguero-casa-periodista-arancha-morales-inesperada-manera-anunciado\/1003743989589_0.html?utm_cmp_rs=linksinline\" rel=\"nofollow noopener\" target=\"_blank\"><strong> Jorge Marron<\/strong><\/a> (45 a\u00f1os), colaborador de El Hormiguero, y la periodista <strong>Arancha Morales<\/strong> (45) se ha convertido de nuevo en protagonista al compartir im\u00e1genes de su enlace matrimonial.<\/p>\n<p class=\"paragraph\" data-end=\"815\" data-start=\"473\" id=\"paragraph_2\">Fue el pasado 28 de octubre cuando <strong>la pareja <a href=\"https:\/\/www.elespanol.com\/corazon\/famosos\/20251029\/imagenes-dia-primera-fotografia-marron-hormiguero-periodista-arancha-morales-marido-mujer-acompanados-hijo\/1003743990361_3.html?utm_cmp_rs=linksinline\" rel=\"nofollow noopener\" target=\"_blank\">se dio el &#8216;s\u00ed, quiero&#8217; tras siete a\u00f1os juntos<\/a> y un hijo en com\u00fan<\/strong>, <strong>Gael<\/strong>. Fue aquel un primer tr\u00e1mite que se hizo en la absoluta intimidad familiar y ahora, d\u00edas despu\u00e9s, ha tenido lugar la celebraci\u00f3n de su amor.<\/p>\n<p class=\"paragraph\" data-end=\"815\" data-start=\"473\" id=\"paragraph_3\">El hoy matrimonio ha mostrado <strong>las fotograf\u00edas m\u00e1s \u00edntimas y c\u00f3mplices de la celebraci\u00f3n de sus nupcias<\/strong>. En ellas, se puede ver el look completo, por primera vez, de los reci\u00e9n casados y la celebraci\u00f3n oficial, algo que hasta ahora no hab\u00edan mostrado ninguno de los dos.<\/p>\n<p><img loading=\"lazy\" decoding=\"async\" alt=\"DL_u536451_005\" height=\"180\" src=\"https:\/\/www.europesays.com\/es\/wp-content\/uploads\/2025\/11\/1003743989593_259624478_320x180.jpg\" width=\"320\" data-lazy-status=\"processed\" data-lazy-info=\"remove loading item 1\"\/><\/p>\n<p><img decoding=\"async\" alt=\"Jorge Marron, Arancha Morales y su hijo, Gael.\" height=\"862\" loading=\"lazy\" width=\"1706\" data-lazy-status=\"processed\" id=\"0a059db4dc\" src=\"https:\/\/www.elespanol.com\/corazon\/famosos\/20251112\/marron-hormiguero-periodista-arancha-morales-abren-album-boda-bonitas-fotografias-enlace\/[\" https:=\"\" data-lazy-info=\"changed src\"\/><\/p>\n<p>                                                            Jorge Marron, Arancha Morales y su hijo, Gael.<\/p>\n<p>                    Carlos Photo<\/p>\n<p>                    Instagram<\/p>\n<p class=\"paragraph\" data-end=\"1575\" data-start=\"1206\" id=\"paragraph_4\">\u00abJust married (segunda parte). <strong>Siempre<\/strong>,<strong> en familia<\/strong>\u00ab, ha comenzado escribiendo. La pareja eligi\u00f3 un total look en blanco para esta ocasi\u00f3n. Son personas que valoran la comodidad en su d\u00eda a d\u00eda, y <strong>as\u00ed fue tambi\u00e9n el d\u00eda de su boda<\/strong>.<\/p>\n<p class=\"paragraph\" data-end=\"1575\" data-start=\"1206\" id=\"paragraph_5\">Arancha visti\u00f3 un mono en color blanco de gasa, con pantal\u00f3n bombacho y zona superior vaporosa con mangas abullonadas y una gran lazada en el cuello. Este dise\u00f1o pertenece al atelier de la dise\u00f1adora <strong>Silvia Fern\u00e1ndez<\/strong>.<\/p>\n<p class=\"paragraph\" data-end=\"1885\" data-start=\"1577\" id=\"paragraph_6\">Para la ocasi\u00f3n, llev\u00f3 pendientes de la firma <strong>Majorica<\/strong> que se luc\u00edan bajo un discreto peinado desenfadado, mostrando las joyas con personalidad. Por otro lado, las alianzas fueron confirmadas en la firma de alta joyer\u00eda <strong>Tiffany &amp; Co<\/strong>, una marca que ya forma parte de la vida del reci\u00e9n estrenado matrimonio.<\/p>\n<p class=\"paragraph\" data-end=\"2181\" data-start=\"1887\" id=\"paragraph_7\">Por su parte, <strong>Jorge Marr\u00f3n eligi\u00f3 un traje sastre en color blanco<\/strong>, con camisa negra de pu\u00f1os dobles, que dej\u00f3 sobresalir ligeramente por la chaqueta, d\u00e1ndole un toque informal. Para el calzado, confi\u00f3 en unos mocasines en color rojo pasi\u00f3n con tachuelas plateadas, reflejo de su personalidad.<\/p>\n<p><img decoding=\"async\" alt=\"Gael, hijo de la pareja, siendo el protagonista de la celebraci\u00f3n.\" height=\"2271\" loading=\"lazy\" width=\"1706\" data-lazy-status=\"processed\" id=\"bd86e51337\" src=\"https:\/\/www.elespanol.com\/corazon\/famosos\/20251112\/marron-hormiguero-periodista-arancha-morales-abren-album-boda-bonitas-fotografias-enlace\/[\" https:=\"\" data-lazy-info=\"changed src\"\/><\/p>\n<p>                                                            Gael, hijo de la pareja, siendo el protagonista de la celebraci\u00f3n.<\/p>\n<p>                    Carlos Photo<\/p>\n<p>                    Instagram<\/p>\n<p class=\"paragraph\" data-end=\"2354\" data-start=\"2183\" id=\"paragraph_8\">Algo que tambi\u00e9n ha llamado la atenci\u00f3n es<strong> la elecci\u00f3n del vestuario de su hijo Gael<\/strong>, que luci\u00f3 un esmoquin en blanco y negro en versi\u00f3n mini, combinando con sus padres.<\/p>\n<p class=\"paragraph\" data-end=\"2666\" data-start=\"2356\" id=\"paragraph_9\">En este \u00e1lbum de boda, Marron y Arancha han mostrado que celebraron con familiares y amigos en un enclave m\u00e1s privado y cercano.<\/p>\n<p class=\"paragraph\" data-end=\"2666\" data-start=\"2356\" id=\"paragraph_10\">Adem\u00e1s, <strong>su hijo tuvo un momento destacado durante la celebraci\u00f3n<\/strong>, ya que hay im\u00e1genes en las que se le ve sobre una silla, dando lo que parece un peque\u00f1o discurso para sus padres.<\/p>\n<p class=\"paragraph\" data-end=\"2902\" data-start=\"2668\" id=\"paragraph_11\">Una vez m\u00e1s, el amor ha triunfado, y estas nupcias entre los televisivos se convierten en <strong>un antes y un despu\u00e9s para la pareja<\/strong>, que sell\u00f3 su amor de forma civil y lo comparti\u00f3 con todos sus seguidores en las redes sociales de ambos.<\/p>\n","protected":false},"excerpt":{"rendered":"Este pasado martes, 11 de noviembre, la pareja formada por Jorge Marron (45 a\u00f1os), colaborador de El Hormiguero,&hellip;\n","protected":false},"author":2,"featured_media":232663,"comment_status":"","ping_status":"","sticky":false,"template":"","format":"standard","meta":{"footnotes":""},"categories":[174],"tags":[3164,255,146,147,25,24,256,1913,1922,23,807],"class_list":{"0":"post-232662","1":"post","2":"type-post","3":"status-publish","4":"format-standard","5":"has-post-thumbnail","7":"category-famosos","8":"tag-bodas","9":"tag-celebrities","10":"tag-entertainment","11":"tag-entretenimiento","12":"tag-es","13":"tag-espana","14":"tag-famosos","15":"tag-maternidad","16":"tag-redes-sociales","17":"tag-spain","18":"tag-television"},"share_on_mastodon":{"url":"https:\/\/pubeurope.com\/@es\/115539028879486408","error":""},"_links":{"self":[{"href":"https:\/\/www.europesays.com\/es\/wp-json\/wp\/v2\/posts\/232662","targetHints":{"allow":["GET"]}}],"collection":[{"href":"https:\/\/www.europesays.com\/es\/wp-json\/wp\/v2\/posts"}],"about":[{"href":"https:\/\/www.europesays.com\/es\/wp-json\/wp\/v2\/types\/post"}],"author":[{"embeddable":true,"href":"https:\/\/www.europesays.com\/es\/wp-json\/wp\/v2\/users\/2"}],"replies":[{"embeddable":true,"href":"https:\/\/www.europesays.com\/es\/wp-json\/wp\/v2\/comments?post=232662"}],"version-history":[{"count":0,"href":"https:\/\/www.europesays.com\/es\/wp-json\/wp\/v2\/posts\/232662\/revisions"}],"wp:featuredmedia":[{"embeddable":true,"href":"https:\/\/www.europesays.com\/es\/wp-json\/wp\/v2\/media\/232663"}],"wp:attachment":[{"href":"https:\/\/www.europesays.com\/es\/wp-json\/wp\/v2\/media?parent=232662"}],"wp:term":[{"taxonomy":"category","embeddable":true,"href":"https:\/\/www.europesays.com\/es\/wp-json\/wp\/v2\/categories?post=232662"},{"taxonomy":"post_tag","embeddable":true,"href":"https:\/\/www.europesays.com\/es\/wp-json\/wp\/v2\/tags?post=232662"}],"curies":[{"name":"wp","href":"https:\/\/api.w.org\/{rel}","templated":true}]}}