{"id":232666,"date":"2025-11-12T22:15:10","date_gmt":"2025-11-12T22:15:10","guid":{"rendered":"https:\/\/www.europesays.com\/es\/232666\/"},"modified":"2025-11-12T22:15:10","modified_gmt":"2025-11-12T22:15:10","slug":"el-zasca-de-bustamante-a-broncano-en-la-revuelta-si-quieres-doy-la-direccion-donde-vives-tu","status":"publish","type":"post","link":"https:\/\/www.europesays.com\/es\/232666\/","title":{"rendered":"El &#8216;zasca&#8217; de Bustamante a Broncano en &#8216;La Revuelta&#8217;: \u00abSi quieres doy la direcci\u00f3n donde vives t\u00fa\u00bb"},"content":{"rendered":"<p class=\"c-paragraph\">El invitado de este mi\u00e9rcoles en <a href=\"https:\/\/www.20minutos.es\/tags\/temas\/la-revuelta.html\" title=\"La Revuelta\" rel=\"nofollow noopener\" target=\"_blank\">La Revuelta<\/a> era el cantante David Bustamante, quien comparti\u00f3 un rato de charla con <a href=\"https:\/\/www.20minutos.es\/tags\/personas\/broncano.html\" title=\"David Broncano\" rel=\"nofollow noopener\" target=\"_blank\">David Broncano<\/a> sobre cuestiones de lo m\u00e1s mundanas, <b>como las costumbres del d\u00eda a d\u00eda del int\u00e9rprete<\/b>, adem\u00e1s de anunciar el final de su gira, el 30 de noviembre en Madrid, en Las Ventas.\u00a0<\/p>\n<p class=\"c-paragraph\">En un momento dado sali\u00f3 a colaci\u00f3n c\u00f3mo es usar el transporte p\u00fablico cuando uno es famoso. \u00ab<b>Hace mucho que no cojo el metro. Vivo en Madrid y vivo en las afueras, pero cuando voy al extranjero me encanta<\/b>. En mi zona uso el autob\u00fas urbano, me gusta\u00bb, dec\u00eda Bustamante.\u00a0<\/p>\n<p class=\"c-paragraph\">\u00ab<b>Vivir\u00e1s en la zona oeste de Madrid, en la zona de los dineros\u2026<\/b>\u00ab, le dec\u00eda David Broncano, tratando de sonsacarle la zona en la que vive. A eso Bustamante respondi\u00f3 con un &#8216;zasca&#8217;: \u00abSi quieres doy la direcci\u00f3n donde vives t\u00fa\u00bb. Sin embargo, la amenaza, en tono de humor, no surti\u00f3 efecto: \u00abSeguramente se habr\u00e1 publicado ya\u00bb, respond\u00eda el presentador.\u00a0<\/p>\n<p class=\"c-paragraph\">Ya m\u00e1s adelante, Bustamante contaba que s\u00ed se puede coger el transporte p\u00fablico, pero que no es agradable cuando eres famoso. \u00ab<b>Se puede coger el transporte p\u00fablico, pero es extra\u00f1o<\/b>, desde que te ven entrar y te dicen\u2026 &#8216;\u00bferes? No eres&#8217;. Y digo s\u00ed. Y me dicen &#8216;no, mentiroso, no eres'\u00bb.<\/p>\n<p class=\"c-paragraph\">Adem\u00e1s, Bustamante cont\u00f3 c\u00f3mo es su d\u00eda a d\u00eda: \u00abYo me levanto a las seis de la ma\u00f1ana. Creo que me estoy haciendo mayor.<b> Salgo a caminar en ayunas una hora y hora y media<\/b>. Luego voy al estudio, me junto con los m\u00fasicos\u2026\u00bb, explicaba.\u00a0<\/p>\n<p class=\"c-paragraph\">Pero ser un cantante famoso no te libra de la adicci\u00f3n del siglo XXI: el m\u00f3vil. <b>\u00abLa \u00faltima vez que mir\u00e9 el uso de m\u00f3vil no me gust\u00f3 nada, porque me sal\u00edan como cinco horas<\/b>, porque todo lo tengo en el m\u00f3vil, noticias, entretenimiento&#8230;\u00bb, se excusaba, pero se lamentaba de que incluso cuando mira una pel\u00edcula se descubre mirando el tel\u00e9fono.\u00a0<\/p>\n<p class=\"c-paragraph\">Sobre sus costumbres aseguraba adem\u00e1s que ahora cuida su alimentaci\u00f3n: \u00ab<b>Estoy a dieta, no paso hambre, pero llevo una alimentaci\u00f3n saludable<\/b>. No como dulce. Como mucho pescado\u00bb, revelaba.<\/p>\n","protected":false},"excerpt":{"rendered":"El invitado de este mi\u00e9rcoles en La Revuelta era el cantante David Bustamante, quien comparti\u00f3 un rato de&hellip;\n","protected":false},"author":2,"featured_media":232667,"comment_status":"","ping_status":"","sticky":false,"template":"","format":"standard","meta":{"footnotes":""},"categories":[171],"tags":[146,147,25,24,528,23,214],"class_list":{"0":"post-232666","1":"post","2":"type-post","3":"status-publish","4":"format-standard","5":"has-post-thumbnail","7":"category-tv","8":"tag-entertainment","9":"tag-entretenimiento","10":"tag-es","11":"tag-espana","12":"tag-revuelta","13":"tag-spain","14":"tag-tv"},"share_on_mastodon":{"url":"https:\/\/pubeurope.com\/@es\/115539039038173497","error":""},"_links":{"self":[{"href":"https:\/\/www.europesays.com\/es\/wp-json\/wp\/v2\/posts\/232666","targetHints":{"allow":["GET"]}}],"collection":[{"href":"https:\/\/www.europesays.com\/es\/wp-json\/wp\/v2\/posts"}],"about":[{"href":"https:\/\/www.europesays.com\/es\/wp-json\/wp\/v2\/types\/post"}],"author":[{"embeddable":true,"href":"https:\/\/www.europesays.com\/es\/wp-json\/wp\/v2\/users\/2"}],"replies":[{"embeddable":true,"href":"https:\/\/www.europesays.com\/es\/wp-json\/wp\/v2\/comments?post=232666"}],"version-history":[{"count":0,"href":"https:\/\/www.europesays.com\/es\/wp-json\/wp\/v2\/posts\/232666\/revisions"}],"wp:featuredmedia":[{"embeddable":true,"href":"https:\/\/www.europesays.com\/es\/wp-json\/wp\/v2\/media\/232667"}],"wp:attachment":[{"href":"https:\/\/www.europesays.com\/es\/wp-json\/wp\/v2\/media?parent=232666"}],"wp:term":[{"taxonomy":"category","embeddable":true,"href":"https:\/\/www.europesays.com\/es\/wp-json\/wp\/v2\/categories?post=232666"},{"taxonomy":"post_tag","embeddable":true,"href":"https:\/\/www.europesays.com\/es\/wp-json\/wp\/v2\/tags?post=232666"}],"curies":[{"name":"wp","href":"https:\/\/api.w.org\/{rel}","templated":true}]}}