{"id":232670,"date":"2025-11-12T22:17:09","date_gmt":"2025-11-12T22:17:09","guid":{"rendered":"https:\/\/www.europesays.com\/es\/232670\/"},"modified":"2025-11-12T22:17:09","modified_gmt":"2025-11-12T22:17:09","slug":"no-te-pierdas-el-primer-trailer","status":"publish","type":"post","link":"https:\/\/www.europesays.com\/es\/232670\/","title":{"rendered":"\u00a1no te pierdas el primer tr\u00e1iler!"},"content":{"rendered":"<p id=\"eSBDkM0dot\" data-wc=\"150\"><strong>\u00ab\u00a1Ya era hora!\u00bb, ha escrito Meryl Streep\u00a0<\/strong>en sus redes sociales para anunciar la noticia m\u00e1s esperada<strong>: \u00a1Vuelve\u00a0El diablo se viste de Prada!\u00a0<\/strong>La estrella ha compartido en su perfil p\u00fablic<strong>o el tr\u00e1iler de la aclamada pel\u00edcula.<\/strong> En la primera escena aparece Miranda Priestly, interpretada por Streep, entrando en un ascensor; justo antes de que se cierren las puertas, aparece<a class=\"hm-link ho-link\" href=\"https:\/\/www.hola.com\/actualidad\/20250813849670\/anne-hathaway-diablo-se-vuelve-vestir-azul\/\" data-mrf-recirculation=\"article-body-link\" rel=\"nofollow noopener\" target=\"_blank\">\u00a0Andrea Sachs, interpretada por Anne Hathaway.<\/a> En ese momento se saludan y, con una peque\u00f1a sonrisa, pronuncian cuatro palabras significativas: \u201cTook you long enough\u201d (Por fin llegaste, en espa\u00f1ol). El anuncio ha revolucionado de inmediato a todos los fans que esperan con ansias la secuela de la ficci\u00f3n, cuyo estreno est\u00e1 previsto para la primavera del pr\u00f3ximo a\u00f1o. La expectaci\u00f3n es m\u00e1xima, ya que los actores regresan dos d\u00e9cadas despu\u00e9s para interpretar a sus personajes, aunque en esta ocasi\u00f3n de una manera muy diferente. No te pierdas el v\u00eddeo.<\/p>\n","protected":false},"excerpt":{"rendered":"\u00ab\u00a1Ya era hora!\u00bb, ha escrito Meryl Streep\u00a0en sus redes sociales para anunciar la noticia m\u00e1s esperada: \u00a1Vuelve\u00a0El diablo&hellip;\n","protected":false},"author":2,"featured_media":232671,"comment_status":"","ping_status":"","sticky":false,"template":"","format":"standard","meta":{"footnotes":""},"categories":[169],"tags":[517,8141,177,146,147,25,24,176,8142,175,23],"class_list":{"0":"post-232670","1":"post","2":"type-post","3":"status-publish","4":"format-standard","5":"has-post-thumbnail","7":"category-cine","8":"tag-actualidad","9":"tag-anne-hathaway","10":"tag-cine","11":"tag-entertainment","12":"tag-entretenimiento","13":"tag-es","14":"tag-espana","15":"tag-film","16":"tag-meryl-streep","17":"tag-movies","18":"tag-spain"},"share_on_mastodon":{"url":"https:\/\/pubeurope.com\/@es\/115539046994038316","error":""},"_links":{"self":[{"href":"https:\/\/www.europesays.com\/es\/wp-json\/wp\/v2\/posts\/232670","targetHints":{"allow":["GET"]}}],"collection":[{"href":"https:\/\/www.europesays.com\/es\/wp-json\/wp\/v2\/posts"}],"about":[{"href":"https:\/\/www.europesays.com\/es\/wp-json\/wp\/v2\/types\/post"}],"author":[{"embeddable":true,"href":"https:\/\/www.europesays.com\/es\/wp-json\/wp\/v2\/users\/2"}],"replies":[{"embeddable":true,"href":"https:\/\/www.europesays.com\/es\/wp-json\/wp\/v2\/comments?post=232670"}],"version-history":[{"count":0,"href":"https:\/\/www.europesays.com\/es\/wp-json\/wp\/v2\/posts\/232670\/revisions"}],"wp:featuredmedia":[{"embeddable":true,"href":"https:\/\/www.europesays.com\/es\/wp-json\/wp\/v2\/media\/232671"}],"wp:attachment":[{"href":"https:\/\/www.europesays.com\/es\/wp-json\/wp\/v2\/media?parent=232670"}],"wp:term":[{"taxonomy":"category","embeddable":true,"href":"https:\/\/www.europesays.com\/es\/wp-json\/wp\/v2\/categories?post=232670"},{"taxonomy":"post_tag","embeddable":true,"href":"https:\/\/www.europesays.com\/es\/wp-json\/wp\/v2\/tags?post=232670"}],"curies":[{"name":"wp","href":"https:\/\/api.w.org\/{rel}","templated":true}]}}