{"id":232682,"date":"2025-11-12T22:23:14","date_gmt":"2025-11-12T22:23:14","guid":{"rendered":"https:\/\/www.europesays.com\/es\/232682\/"},"modified":"2025-11-12T22:23:14","modified_gmt":"2025-11-12T22:23:14","slug":"los-denunciantes-del-safari-humano-para-disparar-a-personas-en-sarajevo-tenemos-la-esperanza-de-identificar-a-algunos-responsables-internacional","status":"publish","type":"post","link":"https:\/\/www.europesays.com\/es\/232682\/","title":{"rendered":"Los denunciantes del \u2018safari humano\u2019 para disparar a personas en Sarajevo: \u201cTenemos la esperanza de identificar a algunos responsables\u201d | Internacional"},"content":{"rendered":"<p class=\"\">La Fiscal\u00eda de Mil\u00e1n ya se est\u00e1 moviendo para intentar saber m\u00e1s de <a href=\"https:\/\/elpais.com\/internacional\/2025-11-11\/la-fiscalia-de-milan-investiga-safaris-humanos-en-sarajevo-viajes-a-la-guerra-en-los-noventa-pagando-por-disparar-a-personas.html\" target=\"_self\" rel=\"nofollow noopener\" title=\"https:\/\/elpais.com\/internacional\/2025-11-11\/la-fiscalia-de-milan-investiga-safaris-humanos-en-sarajevo-viajes-a-la-guerra-en-los-noventa-pagando-por-disparar-a-personas.html\">los safaris humanos en Sarajevo, denunciados en Italia<\/a> por un escritor y dos prestigiosos abogados curtidos en casos muy complejos: se sospecha que hab\u00eda italianos que, durante la guerra de Bosnia, en los noventa, pagaban por viajar a Sarajevo y poder disparar a personas como francotiradores de fin de semana, desde las colinas controladas por las milicias serbobosnias.<\/p>\n<p class=\"\">\u201cHemos presentado una documentaci\u00f3n llena de indicios que merecen profundizarse, y que hemos sugerido a la magistratura. Creemos firmemente que pueden llevar a identificar al menos a algunos de los responsables de estos horrendos cr\u00edmenes\u201d, conf\u00eda el abogado Nicola Brigida en conversaci\u00f3n telef\u00f3nica con EL PA\u00cdS. Espera que en alg\u00fan momento se pueda llegar a identificar el nombre de alg\u00fan investigado, lo que acelerar\u00eda las pesquisas.<\/p>\n<p class=\"\">Este mi\u00e9rcoles han trascendido m\u00e1s detalles de una de las fuentes clave citadas en la denuncia y que ser\u00e1 uno de los principales testigos, que deber\u00e1 prestar declaraci\u00f3n. Es un exagente de los servicios secretos bosnios que asegura que en 1993 informaron a la agencia italiana de inteligencia, entonces con las siglas SISMI, de la existencia de estos viajes organizados.<\/p>\n<p class=\"\">\u201cNos contestaron en dos o tres meses: \u2018Hemos descubierto que el safari sale de Trieste. Lo hemos interrumpido y ya no habr\u00e1 m\u00e1s safaris\u201d, declara el exagente en su testimonio, seg\u00fan informan medios italianos. La ruta de estos \u201cturistas de la guerra\u201d part\u00eda en avi\u00f3n de la ciudad italiana, fronteriza con Eslovenia, rumbo a Belgrado. Desde all\u00ed, iban por carretera hasta Sarajevo. <\/p>\n<p class=\"\">Despu\u00e9s no supieron m\u00e1s del tema. \u201cNo obtuvimos del SISMI nombres de los cazadores o de los organizadores, deber\u00eda existir un documento del SISMI que lo certifique\u201d, se\u00f1ala esta fuente. Es decir, podr\u00eda haber informaci\u00f3n reservada al respecto en los archivos del Estado italiano. Eso plantea una pregunta crucial: \u00bfpor qu\u00e9 no se actu\u00f3 entonces contra estas personas? Precisamente, una de las peticiones a la Fiscal\u00eda es verificar si en Italia existe copia de esa documentaci\u00f3n. <\/p>\n<p class=\"\">Brigida, que prefiere no dar m\u00e1s detalles del caso y dejar trabajar a los investigadores, es uno de los abogados que ha preparado el escrito presentado a la Fiscal\u00eda en julio, pero conocido esta semana. Lo ha hecho junto al exmagistrado Guido Salvini, con el material recopilado por el periodista y escritor Ezio Gavazzeni, que es quien ha investigado este asunto durante a\u00f1os y luego ha buscado su asesoramiento.<\/p>\n<p class=\"\">Brigida ha participado en casos judiciales de desaparecidos italianos en Argentina y Chile (procesos al almirante Massera y a los generales Su\u00e1rez Mason y Rivera, de la Junta Militar argentina; el de Oscar Alfonso Podlech Michaud, alto cargo de la dictadura de Pinochet en Chile; y de v\u00edctimas de la <a href=\"https:\/\/elpais.com\/noticias\/operacion-condor\/\" target=\"_self\" rel=\"nofollow noopener\" title=\"https:\/\/elpais.com\/noticias\/operacion-condor\/\">Operaci\u00f3n C\u00f3ndor<\/a>, entre otros), as\u00ed como en algunos de graves atentados de los a\u00f1os de plomo en Italia, como <a href=\"https:\/\/elpais.com\/diario\/1980\/08\/06\/portada\/334360803_850215.html\" target=\"_self\" rel=\"nofollow noopener\" title=\"https:\/\/elpais.com\/diario\/1980\/08\/06\/portada\/334360803_850215.html\">el de la estaci\u00f3n de Bolonia de 1980<\/a>. El otro letrado, Guido Salvini, es un prestigioso exmagistrado, ahora dedicado a la abogac\u00eda, que investig\u00f3 en el pasado tramas muy oscuras, como <a href=\"https:\/\/elpais.com\/internacional\/2025-11-01\/un-arresto-resucita-en-italia-la-oscura-trama-de-mafia-neofascismo-y-servicios-secretos-en-la-guerra-fria.html\" target=\"_self\" rel=\"nofollow noopener\" title=\"https:\/\/elpais.com\/internacional\/2025-11-01\/un-arresto-resucita-en-italia-la-oscura-trama-de-mafia-neofascismo-y-servicios-secretos-en-la-guerra-fria.html\">el terrorismo neofascista italiano<\/a>, el de las Brigadas Rojas o <a href=\"https:\/\/elpais.com\/diario\/1990\/11\/26\/internacional\/659574020_850215.html\" target=\"_self\" rel=\"nofollow noopener\" title=\"https:\/\/elpais.com\/diario\/1990\/11\/26\/internacional\/659574020_850215.html\">la red militar secreta Gladio<\/a>.<\/p>\n<p class=\"\">Por los casos que ha tenido que llevar a lo largo de su carrera, Brigida advierte que le resulta dif\u00edcil asombrarse: \u201cEsta historia me ha sorprendido hasta cierto punto: despu\u00e9s de haberme ocupado de cosas como los vuelos de la muerte, ya no me sorprende nada\u201d. Apunta que se trata de \u201cun grupo de criminales\u201d con un perfil com\u00fan: \u201cGente malvada, quiz\u00e1 tambi\u00e9n motivada ideol\u00f3gicamente, apasionada de armas, que iba a disparar a pol\u00edgonos de tiro\u201d.<\/p>\n<p class=\"\">Los dos abogados se han sumado a esta dif\u00edcil batalla por la verdad que ha comenzado con la presentaci\u00f3n de un escrito de 17 folios a la Fiscal\u00eda que indica una serie de pistas, indicios y posibles testigos a interrogar. Hilos de los que puede tirar a partir de ahora el fiscal Alessandro Gobbis, encargado del caso.<\/p>\n<p class=\"\">\u201cObviamente, nuestro escrito ha sido considerado fundamentado y serio, que merec\u00eda ser comprobado e indagado. La Fiscal\u00eda ha abierto una investigaci\u00f3n, que ha delegado en la secci\u00f3n de antiterrorismo del ROS [Raggruppamento Operativo Speciale, una unidad de los Carabinieri especializada en terrorismo]\u201d, explica el letrado.<\/p>\n<p>\u201cEra universalmente conocido\u201d, dice un escritor<\/p>\n<p class=\"\">Esta noticia ha creado conmoci\u00f3n en Italia, pero el escritor y activista italiano Adriano Sofri, que en aquellos a\u00f1os estaba en Sarajevo y mandaba cr\u00f3nicas a diarios italianos, ha publicado este mi\u00e9rcoles un art\u00edculo en el que asegura que el fen\u00f3meno era \u201cuniversalmente conocido\u201d. Es m\u00e1s, dice que los participantes en esta macabra actividad eran \u201centusiastas y numerosos\u201d. En su art\u00edculo ha reproducido frases de textos suyos de la \u00e9poca en los que habla de ello, como este del 17 de mayo de 1995: \u201cEn Grbavica, donde los francotiradores chetniks [milicia serbias ultranacionalistas] y la participaci\u00f3n venatoria internacional no se esconden, es m\u00e1s, son ostentadas por la televisi\u00f3n de Karadzic, incluso cuando el blanco son ni\u00f1os (objetivo m\u00e1s peque\u00f1o, logro mayor para el tirador), hay tambi\u00e9n un grupo griego y el notable caso de un voluntario japon\u00e9s\u201d. Sofri cuenta que este \u00faltimo explic\u00f3 a la televisi\u00f3n serbobosnia que hab\u00eda ido a disparar a Sarajevo \u201cpor una desilusi\u00f3n amorosa\u201d. En el mismo texto, Sofri tambi\u00e9n citaba que uno de los que fueron a disparar fue el ultranacionalista serbio Vojislav Sesejl, que derrib\u00f3 ante las c\u00e1maras a un transe\u00fante.<\/p>\n<p class=\"\">El ministerio p\u00fablico italiano, indica Brigida, tambi\u00e9n est\u00e1 adquiriendo los autos de los distintos procesos del Tribunal Penal Internacional (TPI) de La Haya para los cr\u00edmenes de la antigua Yugoslavia, celebrados en las \u00faltimas d\u00e9cadas. En ellos se hace referencia a estos \u201cturistas de la guerra\u201d en algunas declaraciones de testigos. La exalcaldesa de Sarajevo entre 2021 y 2024, Benjamina Karic, tambi\u00e9n ha mandado una comunicaci\u00f3n formal al tribunal de Mil\u00e1n con la informaci\u00f3n que conoce.<\/p>\n<p class=\"\">El caso no ha prescrito, explica Brigida, porque al tratarse de un delito de extrema gravedad que est\u00e1 castigado con la cadena perpetua, que en Italia est\u00e1 contemplada, no prescribe nunca. \u201cEl C\u00f3digo Penal prev\u00e9 que, aunque en estos delitos la fase final se haya cometido en otro pa\u00eds, se mantenga la jurisdicci\u00f3n de la justicia italiana y se pueda perseguir en Italia. Si no, se garantizar\u00eda la impunidad de un ciudadano que va al extranjero, comete cr\u00edmenes horribles y luego se refugia en Italia\u201c, argumenta.<\/p>\n","protected":false},"excerpt":{"rendered":"La Fiscal\u00eda de Mil\u00e1n ya se est\u00e1 moviendo para intentar saber m\u00e1s de los safaris humanos en Sarajevo,&hellip;\n","protected":false},"author":2,"featured_media":232683,"comment_status":"","ping_status":"","sticky":false,"template":"","format":"standard","meta":{"footnotes":""},"categories":[42],"tags":[16198,17,18,49576,13,14,4767,60404,11,61,62,63,64,628,41173,19,20,9,10,15,16,10791,5389,12,493,21,22,65,66,67],"class_list":{"0":"post-232682","1":"post","2":"type-post","3":"status-publish","4":"format-standard","5":"has-post-thumbnail","7":"category-internacional","8":"tag-bosnia","9":"tag-breaking-news","10":"tag-breakingnews","11":"tag-crimenes-contra-humanidad","12":"tag-featured-news","13":"tag-featurednews","14":"tag-fiscalia","15":"tag-guerra-bosnia","16":"tag-headlines","17":"tag-internacional","18":"tag-international","19":"tag-international-news","20":"tag-internationalnews","21":"tag-italia","22":"tag-justicia-internacional","23":"tag-latest-news","24":"tag-latestnews","25":"tag-news","26":"tag-noticias","27":"tag-noticias-destacadas","28":"tag-noticiasdestacadas","29":"tag-sarajevo","30":"tag-serbia","31":"tag-titulares","32":"tag-tribunales","33":"tag-ultimas-noticias","34":"tag-ultimasnoticias","35":"tag-world","36":"tag-world-news","37":"tag-worldnews"},"share_on_mastodon":{"url":"","error":"Validation failed: Text character limit of 500 exceeded"},"_links":{"self":[{"href":"https:\/\/www.europesays.com\/es\/wp-json\/wp\/v2\/posts\/232682","targetHints":{"allow":["GET"]}}],"collection":[{"href":"https:\/\/www.europesays.com\/es\/wp-json\/wp\/v2\/posts"}],"about":[{"href":"https:\/\/www.europesays.com\/es\/wp-json\/wp\/v2\/types\/post"}],"author":[{"embeddable":true,"href":"https:\/\/www.europesays.com\/es\/wp-json\/wp\/v2\/users\/2"}],"replies":[{"embeddable":true,"href":"https:\/\/www.europesays.com\/es\/wp-json\/wp\/v2\/comments?post=232682"}],"version-history":[{"count":0,"href":"https:\/\/www.europesays.com\/es\/wp-json\/wp\/v2\/posts\/232682\/revisions"}],"wp:featuredmedia":[{"embeddable":true,"href":"https:\/\/www.europesays.com\/es\/wp-json\/wp\/v2\/media\/232683"}],"wp:attachment":[{"href":"https:\/\/www.europesays.com\/es\/wp-json\/wp\/v2\/media?parent=232682"}],"wp:term":[{"taxonomy":"category","embeddable":true,"href":"https:\/\/www.europesays.com\/es\/wp-json\/wp\/v2\/categories?post=232682"},{"taxonomy":"post_tag","embeddable":true,"href":"https:\/\/www.europesays.com\/es\/wp-json\/wp\/v2\/tags?post=232682"}],"curies":[{"name":"wp","href":"https:\/\/api.w.org\/{rel}","templated":true}]}}