{"id":232686,"date":"2025-11-12T22:35:09","date_gmt":"2025-11-12T22:35:09","guid":{"rendered":"https:\/\/www.europesays.com\/es\/232686\/"},"modified":"2025-11-12T22:35:09","modified_gmt":"2025-11-12T22:35:09","slug":"jannik-sinner-no-se-rinde-y-busca-la-complicidad-de-musetti-para-acabar-como-numero-uno-atp","status":"publish","type":"post","link":"https:\/\/www.europesays.com\/es\/232686\/","title":{"rendered":"Jannik Sinner no se rinde y busca la complicidad de Musetti para acabar como n\u00famero uno ATP"},"content":{"rendered":"<p data-mrf-recirculation=\"Links P\u00e1rrafos\" class=\"ue-c-article__paragraph paragraph ue-c-article--first-letter-highlighted\"><strong>Jannik Sinner<\/strong> no se rinde en el intento de acabar la temporada con el cetro de maestro y con el n\u00famero 1 mundial. El italiano, a pesar de que depende de Carlos Alcaraz, <strong>est\u00e1 haciendo su trabajo. Gan\u00f3 este mi\u00e9rcoles a Alexander Zverev, por 6-4, 6-3 y pasa como l\u00edder del grupo Bj\u00f6rn Borg a las semifinales<\/strong>. Ya son 28 victorias consecutivas en superficie dura bajo techo y <strong>14 sets ganados sin fallo en las ATP Finals<\/strong>. Es, adem\u00e1s, el quinto triunfo seguido sobre el alem\u00e1n.\u00a0<\/p>\n<p data-mrf-recirculation=\"Links P\u00e1rrafos\" class=\"ue-c-article__paragraph paragraph\">Sinner busca este jueves la ayuda de su compatriota Lorenzo Musetti en su partido con Carlos Alcaraz.<strong> Una victoria de Lorenzo retrasar\u00eda la opci\u00f3n de que Alcaraz termine el a\u00f1o como primero del ranking y podr\u00eda llevar al murciano a un enfrentamiento directo entre ambos en las semifinales<\/strong>. Sobre la mesa estar\u00eda el pase a la final y el liderato del circuito masculino.\u00a0<\/p>\n<p>Posible semifinal entre los dos mejores<\/p>\n<p data-mrf-recirculation=\"Links P\u00e1rrafos\" class=\"ue-c-article__paragraph paragraph\">Esa circunstancia se dar\u00eda si <strong>pierde su partido con Musetti y Alex De Mi\u00f1aur gana a Taylor Fritz o si cae en tres sets y Fritz acaba con la resistencia del australiano en dos<\/strong>.\u00a0<\/p>\n<p data-mrf-recirculation=\"Links P\u00e1rrafos\" class=\"ue-c-article__paragraph paragraph\">Hay una doble carambola en la que el pupilo de Juan Carlos Ferrero y Samuel L\u00f3pez tendr\u00eda que hacer las maletas: perder con Musetti en dos sets y que Fritz gane en dos o tres mangas a De Mi\u00f1aur.<\/p>\n<p data-mrf-recirculation=\"Links P\u00e1rrafos\" class=\"ue-c-article__paragraph paragraph\"><strong>Zverev se jugar\u00e1 con Felix Auger-Aliassime el segundo puesto del grupo y Ben Shelton ya est\u00e1 eliminado<\/strong> y se ha quedado sin opciones de clasificaci\u00f3n en su primera participaci\u00f3n en el torneo que re\u00fane a los ocho mejores.\u00a0<\/p>\n","protected":false},"excerpt":{"rendered":"Jannik Sinner no se rinde en el intento de acabar la temporada con el cetro de maestro y&hellip;\n","protected":false},"author":2,"featured_media":232687,"comment_status":"","ping_status":"","sticky":false,"template":"","format":"standard","meta":{"footnotes":""},"categories":[274],"tags":[168,25,24,23,167,327,326],"class_list":{"0":"post-232686","1":"post","2":"type-post","3":"status-publish","4":"format-standard","5":"has-post-thumbnail","7":"category-tenis","8":"tag-deportes","9":"tag-es","10":"tag-espana","11":"tag-spain","12":"tag-sports","13":"tag-tenis","14":"tag-tennis"},"share_on_mastodon":{"url":"https:\/\/pubeurope.com\/@es\/115539117761578496","error":""},"_links":{"self":[{"href":"https:\/\/www.europesays.com\/es\/wp-json\/wp\/v2\/posts\/232686","targetHints":{"allow":["GET"]}}],"collection":[{"href":"https:\/\/www.europesays.com\/es\/wp-json\/wp\/v2\/posts"}],"about":[{"href":"https:\/\/www.europesays.com\/es\/wp-json\/wp\/v2\/types\/post"}],"author":[{"embeddable":true,"href":"https:\/\/www.europesays.com\/es\/wp-json\/wp\/v2\/users\/2"}],"replies":[{"embeddable":true,"href":"https:\/\/www.europesays.com\/es\/wp-json\/wp\/v2\/comments?post=232686"}],"version-history":[{"count":0,"href":"https:\/\/www.europesays.com\/es\/wp-json\/wp\/v2\/posts\/232686\/revisions"}],"wp:featuredmedia":[{"embeddable":true,"href":"https:\/\/www.europesays.com\/es\/wp-json\/wp\/v2\/media\/232687"}],"wp:attachment":[{"href":"https:\/\/www.europesays.com\/es\/wp-json\/wp\/v2\/media?parent=232686"}],"wp:term":[{"taxonomy":"category","embeddable":true,"href":"https:\/\/www.europesays.com\/es\/wp-json\/wp\/v2\/categories?post=232686"},{"taxonomy":"post_tag","embeddable":true,"href":"https:\/\/www.europesays.com\/es\/wp-json\/wp\/v2\/tags?post=232686"}],"curies":[{"name":"wp","href":"https:\/\/api.w.org\/{rel}","templated":true}]}}