{"id":232688,"date":"2025-11-12T22:36:11","date_gmt":"2025-11-12T22:36:11","guid":{"rendered":"https:\/\/www.europesays.com\/es\/232688\/"},"modified":"2025-11-12T22:36:11","modified_gmt":"2025-11-12T22:36:11","slug":"la-apuesta-mas-cara-de-mathieu-van-der-poel-debutara-en-otro-deporte-distinto-y-su-reto-mas-dificil-eurosport","status":"publish","type":"post","link":"https:\/\/www.europesays.com\/es\/232688\/","title":{"rendered":"La apuesta m\u00e1s cara de Mathieu van der Poel: Debutar\u00e1 en otro deporte distinto y su reto m\u00e1s dif\u00edcil &#8211; Eurosport"},"content":{"rendered":"<ol>\n<li><a href=\"https:\/\/news.google.com\/rss\/articles\/CBMi_AFBVV95cUxQUmNOV0ZuOVB6dC01ZHBkbDNGd04zQWktaDJQNGtmcWxWVWdKWjhLdVlIYkczYnd0TGE3VHp2MmRmcmtRQW9YM09SVUgzWlBCM19jWkxKZndZbkV5bkh4d0JkTUx2bGtYaDhwOFUxNUo2WktHM0hHWGY1Zkx2cFVpRkpXelh3dkJvY05CQXhxVU1LQXkxbG03VjhFNVU0Vm9CTUxRNGQ1X3N6dGUzdS02TVlzblpFRkQzYUdhd0xzbkl0dGh3THNNUnRoM2lBOVN5YnBzM0xDUkxOOGw5Y0hxZ0JRZ0t1UDN2cno1X01Ta0tYdXFfb2QyVHdkU3k?oc=5\" target=\"_blank\" rel=\"nofollow noopener\">La apuesta m\u00e1s cara de Mathieu van der Poel: Debutar\u00e1 en otro deporte distinto y su reto m\u00e1s dif\u00edcil<\/a>&nbsp;&nbsp;Eurosport<\/li>\n<li><a href=\"https:\/\/news.google.com\/rss\/articles\/CBMiigFBVV95cUxQOFgxeVM3dU50UkMtUm05dS1scjI1bFNHRFphOEViYzYxVHFONmF5eVdIZGJabWk2SjNhS2oyaDBUN01kSE9XRGlGd3cxbXR0ZlVhNW5MNnFnVHBPTUEyQjVQaml3SjdyNkZrOVBzUmZtbHZfWllJWUtfTDJxMGRWdnNTN2NzRXRpUnc?oc=5\" target=\"_blank\" rel=\"nofollow noopener\">Matthieu van der Poel mira al IRONMAN en la distancia<\/a>&nbsp;&nbsp;Planeta Triatl\u00f3n<\/li>\n<li><a href=\"https:\/\/news.google.com\/rss\/articles\/CBMipwFBVV95cUxQYlRjSDVIMFpFTk1fNGpyVzJ6UzNVOEU3TkpQVlV3bDVEWWQ2YmN0dS1sM0h5QkdBVEVRVUJtdENXbXAzeGpXY3FpVnBQTnFpMVdfMVlrbGFIemxxUUFDdUNYc2xHbGZHU1RiY1NWeG5XUnhNaDZCX0xoT0lLei1ibDEzNmI5X2hFM1B6Vzdib0lleVJnMGRTMmh0el9icnZOX01RYVNETQ?oc=5\" target=\"_blank\" rel=\"nofollow noopener\">La apuesta de Van der Poel: ser\u00e1 triatleta si llega a 100.000 \u201cme gusta\u201d<\/a>&nbsp;&nbsp;Ciclismo Internacional<\/li>\n<li><a href=\"https:\/\/news.google.com\/rss\/articles\/CBMisgFBVV95cUxPaUN6WGFmMU1fYU5zZEFBZnRESTBFdmt2OFQ1UG9TZDVZRUtXTmVxYTFDeFIzZ0VhMW13dzg0Mk5uSExOQ0RtbHB6Y1Z1VnJTR2hnaEVtVW5qbm40NWF6UE9IaFdoblRZVlVzemQ5UTlxSTF4aEFzRWFNNWdXSVZUV2lVaHBybmwxRWEwYXQxWlJ5VTgxZFNpR21iSHJPRG1lcjFNa21sejc3NTZ0ZzZTR1p3?oc=5\" target=\"_blank\" rel=\"nofollow noopener\">\u00a1Mathieu van der Poel sorprende con un posible debut en una disciplina muy dura!<\/a>&nbsp;&nbsp;Ciclismoaldia.es<\/li>\n<\/ol>\n","protected":false},"excerpt":{"rendered":"La apuesta m\u00e1s cara de Mathieu van der Poel: Debutar\u00e1 en otro deporte distinto y su reto m\u00e1s&hellip;\n","protected":false},"author":2,"featured_media":230551,"comment_status":"","ping_status":"","sticky":false,"template":"","format":"standard","meta":{"footnotes":""},"categories":[273],"tags":[313,312,168,25,24,23,167],"class_list":{"0":"post-232688","1":"post","2":"type-post","3":"status-publish","4":"format-standard","5":"has-post-thumbnail","7":"category-ciclismo","8":"tag-ciclismo","9":"tag-cycling","10":"tag-deportes","11":"tag-es","12":"tag-espana","13":"tag-spain","14":"tag-sports"},"share_on_mastodon":{"url":"https:\/\/pubeurope.com\/@es\/115539121431485184","error":""},"_links":{"self":[{"href":"https:\/\/www.europesays.com\/es\/wp-json\/wp\/v2\/posts\/232688","targetHints":{"allow":["GET"]}}],"collection":[{"href":"https:\/\/www.europesays.com\/es\/wp-json\/wp\/v2\/posts"}],"about":[{"href":"https:\/\/www.europesays.com\/es\/wp-json\/wp\/v2\/types\/post"}],"author":[{"embeddable":true,"href":"https:\/\/www.europesays.com\/es\/wp-json\/wp\/v2\/users\/2"}],"replies":[{"embeddable":true,"href":"https:\/\/www.europesays.com\/es\/wp-json\/wp\/v2\/comments?post=232688"}],"version-history":[{"count":0,"href":"https:\/\/www.europesays.com\/es\/wp-json\/wp\/v2\/posts\/232688\/revisions"}],"wp:featuredmedia":[{"embeddable":true,"href":"https:\/\/www.europesays.com\/es\/wp-json\/wp\/v2\/media\/230551"}],"wp:attachment":[{"href":"https:\/\/www.europesays.com\/es\/wp-json\/wp\/v2\/media?parent=232688"}],"wp:term":[{"taxonomy":"category","embeddable":true,"href":"https:\/\/www.europesays.com\/es\/wp-json\/wp\/v2\/categories?post=232688"},{"taxonomy":"post_tag","embeddable":true,"href":"https:\/\/www.europesays.com\/es\/wp-json\/wp\/v2\/tags?post=232688"}],"curies":[{"name":"wp","href":"https:\/\/api.w.org\/{rel}","templated":true}]}}