{"id":23269,"date":"2025-08-03T17:36:08","date_gmt":"2025-08-03T17:36:08","guid":{"rendered":"https:\/\/www.europesays.com\/es\/23269\/"},"modified":"2025-08-03T17:36:08","modified_gmt":"2025-08-03T17:36:08","slug":"packs-especiales-para-la-feria-taurina-de-valladolid","status":"publish","type":"post","link":"https:\/\/www.europesays.com\/es\/23269\/","title":{"rendered":"Packs especiales para la feria taurina de Valladolid"},"content":{"rendered":"<p>Tauroemoci\u00f3n ha puesto a la venta una serie de packs para que los aficionados taurinos puedan adelantarse a la venta de entradas sueltas, que comenzar\u00e1 el pr\u00f3ximo martes, 5 de agosto, a las once de la ma\u00f1ana.<\/p>\n<p>\u00abEsta alternativa es una manera de asegurarse de ver las corridas m\u00e1s demandas con hasta cinco combinaciones posibles\u00bb, se\u00f1alan desde Tauroemoci\u00f3n.<\/p>\n<p>As\u00ed, los packs ser\u00e1n para el 11 y 12 de septiembre, el 12 y 13 de septiembre, el\u00a011 y 13 de septiembre, el 12 y 14 de septiembre, y el 13 y 14 de septiembre.<\/p>\n<p>Esta acci\u00f3n viene ofertada debido a la gran afluencia de peticiones para las corridas del serial, especialmente para la del 12 de septiembre, donde con los toros de Garcigrande har\u00e1n el pase\u00edllo Morante de la Puebla, Roca Rey y Marco P\u00e9rez, siendo una de las combinaciones m\u00e1s demandas de la feria al ser un cartel in\u00e9dito que se va a dar por primera vez en Valladolid.<\/p>\n<p>Los packs se pueden comprar en la web <a href=\"https:\/\/www.tauroemocion.es\/\" rel=\"nofollow noopener\" target=\"_blank\">tauroemocion.com<\/a> y en las taquillas de la plaza de toros en horario de 11 a 14 y de 18 a 21 horas. Tambi\u00e9n estar\u00e1 disponible la venta telef\u00f3nica en el n\u00famero 603 210 713.<\/p>\n<p>Adem\u00e1s del cartel del d\u00eda 12, la feria tiene otros acontecimientos de gran inter\u00e9s con la presencia de m\u00e1ximas figuras del toreo a pie a caballo.<\/p>\n<p>Adem\u00e1s, las entradas para el concurso de cortes del 6 de septiembre contin\u00faan a la venta tanto en la taquilla como en la web.<\/p>\n<p>Las combinaciones son las siguientes:<\/p>\n<p>&#8211; 6 de septiembre: Concurso de cortes con novillos de Antonio Ba\u00f1uelos.<\/p>\n<p>&#8211; 7 de septiembre: Toros de El Capea para Andy Cartagena, Guillermo Hermoso de Mendoza y Sergio P\u00e9rez de Gregorio.<\/p>\n<p>&#8211; 11 de septiembre: Toros de Victoriano del R\u00edo para Talavante y Emilio de Justo, mano a mano.<\/p>\n<p>&#8211; 12 de septiembre: Toros de Garcigrande para Morante de la Puebla, Roca Rey y Marco P\u00e9rez.<\/p>\n<p>&#8211; 13 de septiembre: Toros de Victorino Mart\u00edn para Uceda Leal, Fortes y Tom\u00e1s Rufo.<\/p>\n<p>&#8211; 14 de septiembre: Toros de Antonio Ba\u00f1uelos para El Fandi, Manuel Escribano e Ismael Mart\u00edn.<\/p>\n","protected":false},"excerpt":{"rendered":"Tauroemoci\u00f3n ha puesto a la venta una serie de packs para que los aficionados taurinos puedan adelantarse a&hellip;\n","protected":false},"author":2,"featured_media":23270,"comment_status":"","ping_status":"","sticky":false,"template":"","format":"standard","meta":{"footnotes":""},"categories":[277],"tags":[373,4995,168,25,24,712,4317,1392,1389,4316,23,167,625,374,444,1607],"class_list":{"0":"post-23269","1":"post","2":"type-post","3":"status-publish","4":"format-standard","5":"has-post-thumbnail","7":"category-toreo","8":"tag-bullfighting","9":"tag-cartagena","10":"tag-deportes","11":"tag-es","12":"tag-espana","13":"tag-feria-taurina","14":"tag-la-puebla-de-montalban","15":"tag-morante-de-la-puebla","16":"tag-plaza-de-toros","17":"tag-roca-rey","18":"tag-spain","19":"tag-sports","20":"tag-tauromaquia","21":"tag-toreo","22":"tag-toros","23":"tag-valladolid"},"share_on_mastodon":{"url":"","error":""},"_links":{"self":[{"href":"https:\/\/www.europesays.com\/es\/wp-json\/wp\/v2\/posts\/23269","targetHints":{"allow":["GET"]}}],"collection":[{"href":"https:\/\/www.europesays.com\/es\/wp-json\/wp\/v2\/posts"}],"about":[{"href":"https:\/\/www.europesays.com\/es\/wp-json\/wp\/v2\/types\/post"}],"author":[{"embeddable":true,"href":"https:\/\/www.europesays.com\/es\/wp-json\/wp\/v2\/users\/2"}],"replies":[{"embeddable":true,"href":"https:\/\/www.europesays.com\/es\/wp-json\/wp\/v2\/comments?post=23269"}],"version-history":[{"count":0,"href":"https:\/\/www.europesays.com\/es\/wp-json\/wp\/v2\/posts\/23269\/revisions"}],"wp:featuredmedia":[{"embeddable":true,"href":"https:\/\/www.europesays.com\/es\/wp-json\/wp\/v2\/media\/23270"}],"wp:attachment":[{"href":"https:\/\/www.europesays.com\/es\/wp-json\/wp\/v2\/media?parent=23269"}],"wp:term":[{"taxonomy":"category","embeddable":true,"href":"https:\/\/www.europesays.com\/es\/wp-json\/wp\/v2\/categories?post=23269"},{"taxonomy":"post_tag","embeddable":true,"href":"https:\/\/www.europesays.com\/es\/wp-json\/wp\/v2\/tags?post=23269"}],"curies":[{"name":"wp","href":"https:\/\/api.w.org\/{rel}","templated":true}]}}