{"id":232693,"date":"2025-11-12T22:40:12","date_gmt":"2025-11-12T22:40:12","guid":{"rendered":"https:\/\/www.europesays.com\/es\/232693\/"},"modified":"2025-11-12T22:40:12","modified_gmt":"2025-11-12T22:40:12","slug":"la-pista-clave-sobre-las-campanadas-de-rtve-despues-de-que-todos-pidan-a-rosalia-como-presentadora","status":"publish","type":"post","link":"https:\/\/www.europesays.com\/es\/232693\/","title":{"rendered":"La pista clave sobre las Campanadas de RTVE despu\u00e9s de que todos pidan a Rosal\u00eda como presentadora"},"content":{"rendered":"<p>Tras firmar una entrega hist\u00f3rica en &#8216;La Revuelta&#8217; el pasado lunes, <a href=\"https:\/\/eltelevisero.huffingtonpost.es\/2025\/11\/en-la-prensa-extranjera-dan-eco-a-este-detalle-de-rosalia-en-la-revuelta-por-su-rareza-y-el-presidente-de-rtve-reacciona\/\" rel=\"nofollow noopener\" target=\"_blank\">Rosal\u00eda<\/a> ha dejado m\u00e1s que claro que su t\u00e1ndem junto a David Broncano equivale a oro televisivo. Un demoledor 20.4% de share y 2.706.000 espectadores que llev\u00f3 al humorista a su m\u00e1ximo dato de audiencia registrado y a ra\u00edz del cual muchos espectadores han exigido trasladar dicha f\u00f3rmula a la noche m\u00e1s esperada del a\u00f1o en TVE: las Campanadas.<\/p>\n<p>Con Nochevieja a la vuelta de la esquina, las distintas cadenas de televisi\u00f3n van desvelando qui\u00e9nes ser\u00e1n las estrellas encargadas de conducir la cuenta atr\u00e1s hacia el 2026 desde la Puerta del Sol. Si bien Telecinco ya ha adelantado que <a href=\"https:\/\/eltelevisero.huffingtonpost.es\/2025\/11\/el-lugar-inesperado-donde-sandra-barneda-y-xuso-jones-daran-las-campanadas-de-mediaset-lejos-de-la-puerta-del-sol\/\" data-type=\"link\" data-id=\"https:\/\/eltelevisero.huffingtonpost.es\/2025\/11\/el-lugar-inesperado-donde-sandra-barneda-y-xuso-jones-daran-las-campanadas-de-mediaset-lejos-de-la-puerta-del-sol\/\" rel=\"nofollow noopener\" target=\"_blank\">Xuso Jones y Sandra Barneda<\/a> ser\u00e1n sus maestros de ceremonias de este a\u00f1o desde un municipio de Arag\u00f3n en lugar de la capital madrile\u00f1a, TVE contin\u00faa guardando en secreto sus planes tras el arrollador \u00e9xito del a\u00f1o pasado.<\/p>\n<p>Y es que, TVE se alz\u00f3 como la retransmisi\u00f3n l\u00edder con las Campanadas 2024 de la mano de David Broncano y Lalachus, por lo que muchos podr\u00edan pensar que, al igual que otros a\u00f1os, el ente p\u00fablico optar\u00e1 por repetir la f\u00f3rmula del \u00e9xito. Sin embargo, el conductor de &#8216;La Revuelta&#8217; ha reiterado en numerosas ocasiones a lo largo del a\u00f1o que, pese a guardar un buen recuerdo de la gala, <a href=\"https:\/\/eltelevisero.huffingtonpost.es\/2025\/10\/david-broncano-y-lalachus-anuncian-si-seran-los-presentadores-de-las-campanadas-2026-y-su-firme-decision-en-tve\/\" data-type=\"link\" data-id=\"https:\/\/eltelevisero.huffingtonpost.es\/2025\/10\/david-broncano-y-lalachus-anuncian-si-seran-los-presentadores-de-las-campanadas-2026-y-su-firme-decision-en-tve\/\" rel=\"nofollow noopener\" target=\"_blank\">no busca repetir la experiencia <\/a>este a\u00f1o ni en un futuro, ni siquiera junto a Rosal\u00eda como muchos usuarios han comenzado a se\u00f1alar en redes.<\/p>\n<p>Jos\u00e9 Pablo L\u00f3pez aclara si Rosal\u00eda presentar\u00e1 las Campanadas de TVE junto a David Broncano<\/p>\n<p>Unos rumores que han aflorado en X tras el exitoso paso de la int\u00e9rprete de &#8216;Lux&#8217; por el espacio de TVE, donde brill\u00f3 por su simpat\u00eda, su sentido del humor y su buena qu\u00edmica con el humorista, con qui\u00e9n lleg\u00f3 a compartir incluso un pulso encima del escenario. Y ante las peticiones de la audiencia de volver a juntar al d\u00fao en la \u00faltima noche del a\u00f1o, Jos\u00e9 Pablo L\u00f3pez, presidente de RTVE, no ha dudado en despejar los rumores a trav\u00e9s de su cuenta en la citada plataforma.<\/p>\n<p><strong>\u00abMe parecer\u00eda un puntazo que consiguiesen dar las Campanadas Rosal\u00eda y Broncano. Lo ver\u00eda aceptado por todos los p\u00fablicos y bombazo\u00bb<\/strong>, ha sugerido un usuario de X. <strong>\u00abHaremos algo muy diferente. Ya ver\u00e1s\u00bb<\/strong>, ha escrito el presidente del ente, dejando claro que los planes de la corporaci\u00f3n para esta despedida de a\u00f1o distan mucho de lo que los espectadores puedan imaginar o de esa petici\u00f3n tan espec\u00edfica de conseguir el fichaje de Rosal\u00eda para una noche tan se\u00f1alada.<\/p>\n<blockquote class=\"twitter-tweet\" data-width=\"550\" data-dnt=\"true\">\n<p lang=\"es\" dir=\"ltr\">Haremos algo muy diferente. Ya ver\u00e1s&#8230; \ud83d\ude48<\/p>\n<p>&mdash; Jos\u00e9 Pablo L\u00f3pez (@Josepablo_ls) <a href=\"https:\/\/twitter.com\/Josepablo_ls\/status\/1988367618835636629?ref_src=twsrc%5Etfw\" rel=\"nofollow noopener\" target=\"_blank\">November 11, 2025<\/a><\/p><\/blockquote>\n<p><script async src=\"https:\/\/platform.twitter.com\/widgets.js\" charset=\"utf-8\"><\/script>\n<\/p>\n<p>Ante la pregunta de otro usuario de si ya han escogido los presentadores, Jos\u00e9 Pablo ha lanzado un mensaje de calma manteniendo el secretismo en torno a la gala. <strong>\u00abClaro, ya lo sabemos. Ser\u00e1 espectacular, cr\u00e9eme\u00bb<\/strong>, ha asegurado el directivo sin desvelar ning\u00fan detalle. Por otro lado, Atresmedia volver\u00e1 a apostar todo al d\u00fao formado por Cristina Pedroche y Alberto Chicote para despedir el a\u00f1o.<\/p>\n<blockquote class=\"twitter-tweet\" data-width=\"550\" data-dnt=\"true\">\n<p lang=\"es\" dir=\"ltr\">Claro. Ya lo sabemos. Ser\u00e1 espectacular, cr\u00e9eme.<\/p>\n<p>&mdash; Jos\u00e9 Pablo L\u00f3pez (@Josepablo_ls) <a href=\"https:\/\/twitter.com\/Josepablo_ls\/status\/1988501764736262540?ref_src=twsrc%5Etfw\" rel=\"nofollow noopener\" target=\"_blank\">November 12, 2025<\/a><\/p><\/blockquote>\n<p><script async src=\"https:\/\/platform.twitter.com\/widgets.js\" charset=\"utf-8\"><\/script>\n<\/p>\n<p>\t\t\t\t\t\t                    <script async src=\"https:\/\/platform.twitter.com\/widgets.js\" charset=\"utf-8\"><\/script><\/p>\n","protected":false},"excerpt":{"rendered":"Tras firmar una entrega hist\u00f3rica en &#8216;La Revuelta&#8217; el pasado lunes, Rosal\u00eda ha dejado m\u00e1s que claro que&hellip;\n","protected":false},"author":2,"featured_media":232694,"comment_status":"","ping_status":"","sticky":false,"template":"","format":"standard","meta":{"footnotes":""},"categories":[174],"tags":[255,146,147,25,24,256,23],"class_list":{"0":"post-232693","1":"post","2":"type-post","3":"status-publish","4":"format-standard","5":"has-post-thumbnail","7":"category-famosos","8":"tag-celebrities","9":"tag-entertainment","10":"tag-entretenimiento","11":"tag-es","12":"tag-espana","13":"tag-famosos","14":"tag-spain"},"share_on_mastodon":{"url":"https:\/\/pubeurope.com\/@es\/115539138145679965","error":""},"_links":{"self":[{"href":"https:\/\/www.europesays.com\/es\/wp-json\/wp\/v2\/posts\/232693","targetHints":{"allow":["GET"]}}],"collection":[{"href":"https:\/\/www.europesays.com\/es\/wp-json\/wp\/v2\/posts"}],"about":[{"href":"https:\/\/www.europesays.com\/es\/wp-json\/wp\/v2\/types\/post"}],"author":[{"embeddable":true,"href":"https:\/\/www.europesays.com\/es\/wp-json\/wp\/v2\/users\/2"}],"replies":[{"embeddable":true,"href":"https:\/\/www.europesays.com\/es\/wp-json\/wp\/v2\/comments?post=232693"}],"version-history":[{"count":0,"href":"https:\/\/www.europesays.com\/es\/wp-json\/wp\/v2\/posts\/232693\/revisions"}],"wp:featuredmedia":[{"embeddable":true,"href":"https:\/\/www.europesays.com\/es\/wp-json\/wp\/v2\/media\/232694"}],"wp:attachment":[{"href":"https:\/\/www.europesays.com\/es\/wp-json\/wp\/v2\/media?parent=232693"}],"wp:term":[{"taxonomy":"category","embeddable":true,"href":"https:\/\/www.europesays.com\/es\/wp-json\/wp\/v2\/categories?post=232693"},{"taxonomy":"post_tag","embeddable":true,"href":"https:\/\/www.europesays.com\/es\/wp-json\/wp\/v2\/tags?post=232693"}],"curies":[{"name":"wp","href":"https:\/\/api.w.org\/{rel}","templated":true}]}}