{"id":232699,"date":"2025-11-12T22:43:13","date_gmt":"2025-11-12T22:43:13","guid":{"rendered":"https:\/\/www.europesays.com\/es\/232699\/"},"modified":"2025-11-12T22:43:13","modified_gmt":"2025-11-12T22:43:13","slug":"desde-edicion-tuvimos-un-error","status":"publish","type":"post","link":"https:\/\/www.europesays.com\/es\/232699\/","title":{"rendered":"Desde edici\u00f3n tuvimos un error"},"content":{"rendered":"<p>Como ya suele ser habitual en <strong>&#8216;La Revuelta&#8217;<\/strong>, al inicio de cada programa,<strong> David Broncano<\/strong> hace un balance de<a href=\"https:\/\/www.lecturas.com\/television\/david-broncano-vuelve-a-carga-revuelta-su-reaccion-ganar-audiencia-a-hormiguero_182379\" target=\"_blank\" rel=\"nofollow noopener\"> c\u00f3mo han ido las audiencias <\/a>y si han conseguido ganar a Pablo Motos. Sin embargo, hoy han comenzado la noche no con un dato, sino con unas disculpas. As\u00ed es, el gran comienzo de semana que tuvieron con la <strong>entrevista de Rosal\u00eda<\/strong>, se ha visto algo empa\u00f1ado por un error que<strong> cometieron en el programa anterior y que tiene que ver con Estopa<\/strong>.\u00a0<\/p>\n<p>Tras llegar al escenario y saludar a algunas personas del p\u00fablico que le ha presentado Sergio Bezos, David Broncano se ha topado con<a href=\"https:\/\/www.lecturas.com\/television\/grison-descubre-directo-revuelta-problema-salud-que-sufre-david-verdaguer-tienes-que-ir-medico_183937\" target=\"_blank\" rel=\"nofollow noopener\"> una mala noticia<\/a> que le han comunicado en directo. Fernando, el encargado del departamento de edici\u00f3n, ha salido al teatro para <strong>disculparse con el p\u00fablico y con Estopa <\/strong>por un fallo que tuvieron en el programa del martes.\u00a0<\/p>\n<p>El fallo de &#8216;La Revuelta&#8217;<\/p>\n<p>Fernando ha recordado al presentador, que el problema inicial viene de \u00e9l mismo: \u00abAyer, si recuerdas, <strong>agradecimos a todos los que participaron en\u00a0<\/strong><a href=\"https:\/\/www.lecturas.com\/television\/rosalia-desmiente-teoria-sobre-su-cancion-berghain-revuelta-nunca-he-estado-esa-discoteca_184154\" target=\"_blank\" rel=\"nofollow noopener\">el sketch del lunes de Rosal\u00eda<\/a>, <strong>pero se te olvid\u00f3 mencionar a Estopa<\/strong>\u00ab. Sin embargo, David parec\u00eda no estar de acuerdo con ello: \u00abPero yo s\u00ed los mencion\u00e9. <strong>Es verdad que al principio no lo dije pero en seguida rectifiqu\u00e9<\/strong>\u00ab.\u00a0<\/p>\n<p><img loading=\"lazy\" decoding=\"async\"   src=\"https:\/\/www.europesays.com\/es\/wp-content\/uploads\/2025\/11\/la-revuelta-estopa_cc0e69db_251112230227_1200x676.webp.webp\" alt=\"La Revuelta Estopa\" class=\"lazyload\" width=\"1200\" height=\"676\" data-aspectratio=\"1200\/676\"\/><\/p>\n<p>Estopa en el sketch del lunes de &#8216;La Revuelta&#8217; en la que dieron la bienvenida a Rosal\u00eda.<\/p>\n<p>&#13;RTVE<\/p>\n<p>Pero esta equivocaci\u00f3n del jienense ha provocado que el resto de sus compa\u00f1eros tambi\u00e9n cometieran un error. \u00abClaro, t\u00fa rectificaste. Pero<strong> en el lapsus ese de 5 segundos en el que lo dijiste, desde edici\u00f3n tuvimos un error, y sin querer recortamos la parte en la que mencionas a Estopa<\/strong>\u00ab, ha explicado Fernando.<\/p>\n<p><img loading=\"lazy\" decoding=\"async\"   src=\"https:\/\/www.europesays.com\/es\/wp-content\/uploads\/2025\/11\/la-revuelta-david-broncano_d960aad1_251112230337_1200x655.webp.webp\" alt=\"La Revuelta David Broncano\" class=\"lazyload\" width=\"1200\" height=\"655\" data-aspectratio=\"1200\/655\"\/><\/p>\n<p>David Broncano se entera en directo que el programa anterior cometieron un error que perjudica a Estopa.\u00a0<\/p>\n<p>&#13;RTVE<\/p>\n<p>Mientras tanto, Ricardo Castella, director de &#8216;La Revuelta&#8217;, se ha lamentado: \u00abAy madre, <strong>encima son los que ven\u00edan de m\u00e1s lejos, de Barcelona<\/strong>\u00ab. Justo por eso, han querido dejar claro que Estopa tambi\u00e9n particip\u00f3 en el sketch para presentar a Rosal\u00eda: \u00abS\u00f3lo quer\u00eda volver a recordarlo y <strong>pedir, por favor, a edici\u00f3n que no cort\u00e9is este trozo<\/strong>\u00ab.<\/p>\n<p>Por su parte, David Broncano tambi\u00e9n ha querido manifestar que solo ha sido un error, pero &#8216;La Revuelta&#8217; mantiene una buena relaci\u00f3n con el d\u00fao de hermanos. \u00ab<strong>Estopa, unos m\u00e1quinas. Nosotros los queremos mucho<\/strong>\u00ab.\u00a0<\/p>\n<p>El sketch de Rosal\u00eda<img loading=\"lazy\" decoding=\"async\"   src=\"https:\/\/www.europesays.com\/es\/wp-content\/uploads\/2025\/11\/la-revuelta-rosalia_6acc034c_251112225322_1200x662.webp.webp\" alt=\"La Revuelta Rosal\u00eda\" class=\"lazyload\" width=\"1200\" height=\"662\" data-aspectratio=\"1200\/662\"\/><\/p>\n<p>&#8216;La Revuelta&#8217; hizo un sketch con varios famosos para presentar a Rosal\u00eda.\u00a0<\/p>\n<p>&#13;RTVE<\/p>\n<p>El pasado lunes, <strong>David Broncano por fin consigui\u00f3 la entrevista que tanto a\u00f1os llevaba intentando: la de Rosal\u00eda<\/strong>. Y por supuesto, &#8216;La Revuelta&#8217; quiso preparar una entrada especial para la llegada de la artista, y para ello, hizo una llamada a personas que tienen muy buena relaci\u00f3n con la cantante, y que ya son amigos del programa.\u00a0<\/p>\n<p><img decoding=\"async\" src=\"https:\/\/www.europesays.com\/es\/wp-content\/uploads\/2025\/11\/genoveva-casanova_d51c8037_251112121451_800x800.webp.webp\" alt=\"Genoveva Casanova\" class=\"image lazyload\"\/><img loading=\"lazy\" decoding=\"async\" src=\"https:\/\/www.europesays.com\/es\/wp-content\/uploads\/2025\/11\/genoveva-casanova_5648f19a_231107161831_251112121505_1280x720.webp.webp\" alt=\"El juzgado desestima la demanda de Genoveva Casanova sobre la intimidad y el honor\" class=\"image lazyload\" width=\"1280\" height=\"720\" data-aspectratio=\"1280\/720\"\/><\/p>\n<p>As\u00ed con la ayuda de<strong> Maria Escot\u00e9, Estopa, Carmen Machi, Pedro Almod\u00f3var, Javier Calvo, La Zowi, y Joan Pradells <\/strong>montaron un sketch al m\u00e1s puro estilo de &#8216;Aqu\u00ed no hay quien viva&#8217; y &#8216;La que se avecina&#8217;: con una junta de vecinos. Juntos, en un portal de al lado del teatro, estaban teniendo una reuni\u00f3n de vecinos, en la que discut\u00edan por un bal\u00f3n. Hasta que ha aparecido Rosal\u00eda, con el bal\u00f3n en la mano, y as\u00ed hizo su entrada triunfal en el programa de La 1.<\/p>\n","protected":false},"excerpt":{"rendered":"Como ya suele ser habitual en &#8216;La Revuelta&#8217;, al inicio de cada programa, David Broncano hace un balance&hellip;\n","protected":false},"author":2,"featured_media":232700,"comment_status":"","ping_status":"","sticky":false,"template":"","format":"standard","meta":{"footnotes":""},"categories":[171],"tags":[146,147,25,24,23,214],"class_list":{"0":"post-232699","1":"post","2":"type-post","3":"status-publish","4":"format-standard","5":"has-post-thumbnail","7":"category-tv","8":"tag-entertainment","9":"tag-entretenimiento","10":"tag-es","11":"tag-espana","12":"tag-spain","13":"tag-tv"},"share_on_mastodon":{"url":"https:\/\/pubeurope.com\/@es\/115539150411390045","error":""},"_links":{"self":[{"href":"https:\/\/www.europesays.com\/es\/wp-json\/wp\/v2\/posts\/232699","targetHints":{"allow":["GET"]}}],"collection":[{"href":"https:\/\/www.europesays.com\/es\/wp-json\/wp\/v2\/posts"}],"about":[{"href":"https:\/\/www.europesays.com\/es\/wp-json\/wp\/v2\/types\/post"}],"author":[{"embeddable":true,"href":"https:\/\/www.europesays.com\/es\/wp-json\/wp\/v2\/users\/2"}],"replies":[{"embeddable":true,"href":"https:\/\/www.europesays.com\/es\/wp-json\/wp\/v2\/comments?post=232699"}],"version-history":[{"count":0,"href":"https:\/\/www.europesays.com\/es\/wp-json\/wp\/v2\/posts\/232699\/revisions"}],"wp:featuredmedia":[{"embeddable":true,"href":"https:\/\/www.europesays.com\/es\/wp-json\/wp\/v2\/media\/232700"}],"wp:attachment":[{"href":"https:\/\/www.europesays.com\/es\/wp-json\/wp\/v2\/media?parent=232699"}],"wp:term":[{"taxonomy":"category","embeddable":true,"href":"https:\/\/www.europesays.com\/es\/wp-json\/wp\/v2\/categories?post=232699"},{"taxonomy":"post_tag","embeddable":true,"href":"https:\/\/www.europesays.com\/es\/wp-json\/wp\/v2\/tags?post=232699"}],"curies":[{"name":"wp","href":"https:\/\/api.w.org\/{rel}","templated":true}]}}