{"id":232715,"date":"2025-11-12T22:51:09","date_gmt":"2025-11-12T22:51:09","guid":{"rendered":"https:\/\/www.europesays.com\/es\/232715\/"},"modified":"2025-11-12T22:51:09","modified_gmt":"2025-11-12T22:51:09","slug":"los-diputados-franceses-aprueban-suspender-la-reforma-de-las-pensiones-con-mayoria-absoluta","status":"publish","type":"post","link":"https:\/\/www.europesays.com\/es\/232715\/","title":{"rendered":"Los diputados franceses aprueban suspender la reforma de las pensiones con mayor\u00eda absoluta"},"content":{"rendered":"<p>\n  Por&amp;nbsp<b>Euronews<\/b>\n<\/p>\n<p>\n         Publicado<br \/>\n            12\/11\/2025 &#8211; 22:49 CET\n            <\/p>\n<p>Los diputados franceses han votado este mi\u00e9rcoles suspender la ley estrella del segundo mandato de cinco a\u00f1os de Emmanuel Macron: <a href=\"https:\/\/www.youtube.com\/watch?v=e-eYNkDIKBg\" target=\"_blank\" rel=\"noreferrer nofollow noopener\">su pol\u00e9mica reforma de las pensiones<\/a>. De 505 diputados, solo 401 votaron: 255 a favor y 146 en contra, <strong>consiguiendo la mayor\u00eda absoluta para tumbarla<\/strong>.<\/p>\n<p>Esta ha sido una <strong>victoria para los socialistas del PS<\/strong>, que ped\u00edan suspender la reforma de la edad legal de jubilaci\u00f3n hasta enero de 2028 a cambio de no censurar &#8211;<a href=\"https:\/\/es.euronews.com\/2025\/10\/16\/lecornu-sobrevive-a-sus-dos-mociones-de-censura-tras-aplazar-la-reforma-de-las-pensiones\" rel=\"nofollow noopener\" target=\"_blank\">una vez m\u00e1s<\/a>&#8211; al primer ministro, el reelegido Lecornu.<\/p>\n<p>El aumento progresivo de la edad de jubilaci\u00f3n de <strong>62 a 64 a\u00f1os<\/strong> se adopt\u00f3 en 2023, bajo el mandato de la ex primera ministra Elisabeth Borne. La enmienda adoptada por los diputados prev\u00e9 aplazar la reforma hasta las elecciones presidenciales de 2027. En la pr\u00e1ctica, esto significa que <strong>la generaci\u00f3n de 1964 podr\u00e1 jubilarse a los 62 a\u00f1os y nueve meses en lugar de a los 63<\/strong>, edad prevista por la reforma.<\/p>\n<p>Seg\u00fan el Gobierno, suspender la reforma costar\u00e1 hasta 300 millones de euros en 2026 y <strong>1.900 millones en 2027<\/strong>. Los diputados deben debatir ahora un aumento de la cotizaci\u00f3n social general (CSG) sobre las rentas del capital para financiar la suspensi\u00f3n de la reforma de las pensiones.<\/p>\n<p>Los socialistas celebran su triunfo mientras la derecha critica la medida<\/p>\n<p>Los socialistas se han felicitado por haber forzado la mano del Gobierno. \u00abSe trata de una victoria para los <strong>3,5 millones de franceses que podr\u00e1n jubilarse antes\u00bb<\/strong>, ha escrito el partido en redes.<\/p>\n<p>Olivier Faure, primer secretario del PS, <strong>ha criticado a sus antiguos aliados de Francia Insumisa por votar en contra.<\/strong> \u00ab\u00bfEs la suspensi\u00f3n una panacea?\u00bb, se ha preguntado ret\u00f3ricamente. \u00abLa suspensi\u00f3n solo es v\u00e1lida hasta el 1 de enero de 2028. <strong>Pero ha ca\u00eddo un t\u00f3tem macronista<\/strong> y el debate sobre nuestro sistema de pensiones estar\u00e1 en el centro de las pr\u00f3ximas elecciones presidenciales\u00bb, ha defendido el socialista, reconociendo que a\u00fan queda trabajo por hacer.<\/p>\n<p>Fran\u00e7ois Ruffin, diputado de <strong>Debout por Somme<\/strong> (ex LFI), tambi\u00e9n se ha alegrado tras la votaci\u00f3n. \u00ab500.000 trabajadores se beneficiar\u00e1n saliendo tres o seis meses antes\u00bb, ha escrito, antes de publicar una larga publicaci\u00f3n en la que explica por qu\u00e9 ha votado a favor de la suspensi\u00f3n. \u00abRascamos lo que podemos rascar ahora mismo para la gente\u00bb, ha asegurado de forma pragm\u00e1tica.<\/p>\n<p>Para Bruno Retailleau, antiguo ministro del Interior y presidente de los <strong>Republicanos<\/strong> (el partido de <a href=\"https:\/\/es.euronews.com\/2025\/11\/10\/fiscal-puesta-libertad-sarkozy-abandonar-carcel\" rel=\"nofollow noopener\" target=\"_blank\">centroderecha en horas bajas<\/a> tras el ascenso de la extrema derecha y los macronistas) la suspensi\u00f3n es una aut\u00e9ntica bofetada. \u00abEstoy horrorizado por la cobard\u00eda del Gobierno, que acaba de sacrificar el futuro de nuestras j\u00f3venes generaciones en el altar de su supervivencia pol\u00edtica\u00bb, ha escrito.<\/p>\n<p>A su salida de la Asamblea Nacional, el ex primer ministro macronista <strong>Gabriel Attal<\/strong> ha considerado que esta votaci\u00f3n equivale a \u00abquitar un trozo de cinta de un sistema de pensiones que hace aguas por todas partes\u00bb.<\/p>\n<p>El texto pasa ahora al Senado, donde su presidente G\u00e9rard Larcher se ha comprometido a restablecer la reforma. En caso de que el texto sea enmendado por la C\u00e1mara Alta, o en comisi\u00f3n mixta, los diputados deber\u00e1n debatir de nuevo el tema. Y, sea cual sea el resultado de la enmienda, <strong>si no se aprobara ninguna otra reforma despu\u00e9s de las elecciones presidenciales de 2027<\/strong>, la reforma de \u00c9lisabeth Borne <strong>volver\u00eda a estar en vigor<\/strong>.<\/p>\n","protected":false},"excerpt":{"rendered":"Por&amp;nbspEuronews Publicado 12\/11\/2025 &#8211; 22:49 CET Los diputados franceses han votado este mi\u00e9rcoles suspender la ley estrella del&hellip;\n","protected":false},"author":2,"featured_media":232716,"comment_status":"","ping_status":"","sticky":false,"template":"","format":"standard","meta":{"footnotes":""},"categories":[42],"tags":[17,18,730,13,14,317,11,61,62,63,64,19,20,9,10,15,16,49809,51011,12,21,22,65,66,67],"class_list":{"0":"post-232715","1":"post","2":"type-post","3":"status-publish","4":"format-standard","5":"has-post-thumbnail","7":"category-internacional","8":"tag-breaking-news","9":"tag-breakingnews","10":"tag-emmanuel-macron","11":"tag-featured-news","12":"tag-featurednews","13":"tag-francia","14":"tag-headlines","15":"tag-internacional","16":"tag-international","17":"tag-international-news","18":"tag-internationalnews","19":"tag-latest-news","20":"tag-latestnews","21":"tag-news","22":"tag-noticias","23":"tag-noticias-destacadas","24":"tag-noticiasdestacadas","25":"tag-partido-socialista","26":"tag-reforma-de-las-jubilaciones","27":"tag-titulares","28":"tag-ultimas-noticias","29":"tag-ultimasnoticias","30":"tag-world","31":"tag-world-news","32":"tag-worldnews"},"share_on_mastodon":{"url":"","error":""},"_links":{"self":[{"href":"https:\/\/www.europesays.com\/es\/wp-json\/wp\/v2\/posts\/232715","targetHints":{"allow":["GET"]}}],"collection":[{"href":"https:\/\/www.europesays.com\/es\/wp-json\/wp\/v2\/posts"}],"about":[{"href":"https:\/\/www.europesays.com\/es\/wp-json\/wp\/v2\/types\/post"}],"author":[{"embeddable":true,"href":"https:\/\/www.europesays.com\/es\/wp-json\/wp\/v2\/users\/2"}],"replies":[{"embeddable":true,"href":"https:\/\/www.europesays.com\/es\/wp-json\/wp\/v2\/comments?post=232715"}],"version-history":[{"count":0,"href":"https:\/\/www.europesays.com\/es\/wp-json\/wp\/v2\/posts\/232715\/revisions"}],"wp:featuredmedia":[{"embeddable":true,"href":"https:\/\/www.europesays.com\/es\/wp-json\/wp\/v2\/media\/232716"}],"wp:attachment":[{"href":"https:\/\/www.europesays.com\/es\/wp-json\/wp\/v2\/media?parent=232715"}],"wp:term":[{"taxonomy":"category","embeddable":true,"href":"https:\/\/www.europesays.com\/es\/wp-json\/wp\/v2\/categories?post=232715"},{"taxonomy":"post_tag","embeddable":true,"href":"https:\/\/www.europesays.com\/es\/wp-json\/wp\/v2\/tags?post=232715"}],"curies":[{"name":"wp","href":"https:\/\/api.w.org\/{rel}","templated":true}]}}