{"id":232729,"date":"2025-11-12T23:04:12","date_gmt":"2025-11-12T23:04:12","guid":{"rendered":"https:\/\/www.europesays.com\/es\/232729\/"},"modified":"2025-11-12T23:04:12","modified_gmt":"2025-11-12T23:04:12","slug":"tres-cuadros-de-bob-ross-se-subastaron-por-mas-de-600-mil-dolares","status":"publish","type":"post","link":"https:\/\/www.europesays.com\/es\/232729\/","title":{"rendered":"Tres cuadros de Bob Ross se subastaron por m\u00e1s de 600 mil d\u00f3lares"},"content":{"rendered":"<p>\t\t\t\t\tLo que necesitas saber:<\/p>\n<p>La casa de subastas ten\u00eda calculado recaudar 50 mil pesos por las tres pinturas.<\/p>\n<p>No cabe duda que <a href=\"https:\/\/www.sopitas.com\/cine-y-tv\/disfruta-gratis-todos-los-episodios-the-joy-of-paintin-bob-ross-youtube\/\" rel=\"nofollow noopener\" target=\"_blank\">Bob Ross<\/a> marc\u00f3 a varias generaciones con sus clases de pintura y ese estilo \u00fanico para<strong> \u2018dibujar \u00e1rboles felices\u2019.<\/strong> Tanto as\u00ed que, tres de sus pinturas<strong> fueron subastadas por m\u00e1s de 600 mil d\u00f3lares.<\/strong> Una cifra que supero, por mucho, las expectativas que ten\u00edan. <\/p>\n<p>Y es que el dinero que se recaude con las subastas y venta de m\u00e1s de sus obras, va a ser destinado para aquellas estaciones de televisi\u00f3n que se vieron <strong>afectadas por los recortes de los fondos federales.<\/strong><\/p>\n<p>La buena noticia es que a\u00fan faltan varios cuadros m\u00e1s en ser subastados y vendidos, por lo que <strong>esa cifra seguir\u00e1 creciendo.<\/strong><\/p>\n<p><img loading=\"lazy\" decoding=\"async\" width=\"466\" height=\"320\" src=\"https:\/\/www.europesays.com\/es\/wp-content\/uploads\/2025\/11\/bob-ross-466x320.gif\" alt=\"\" class=\"wp-image-661812\" style=\"width:810px;height:auto\"  \/><\/p>\n<p>\u00bfCu\u00e1les fueron las pinturas subastadas de Bob Ross?<\/p>\n<p>Entre las tantas pinturas que hizo Bob Ross durante el programa \u2018The Joy of Painting\u2019, fueron; <strong>Winter\u2019s Peace, Home in the Valley y Cliffside<\/strong> las que superaron los 600 mil d\u00f3lares en la subasta de la casa <a href=\"https:\/\/www.bonhams.com\/auction\/30945\/lot\/97\/bob-ross-american-1942-1995-an-alpine-lake-under-pink-and-blue-skies-framed-645-x-797-x-32-cm-25-38-x-31-38-x-1-14-in\/\" rel=\"nofollow noopener\" target=\"_blank\">Bonhams<\/a>.<\/p>\n<p>Las primeras estimaciones no eran tan alentadoras, por el contrario, <strong>esperaban recolectar al menos 50 mil d\u00f3lares entre las tres obras<\/strong>, sin embargo, la sorpresa fue enorme y muy buena. <\/p>\n<ul class=\"wp-block-list\">\n<li>Winter\u2019s Peace: 318 mil d\u00f3lares<\/li>\n<li>Home in the Valley: 229 mil 100 d\u00f3lares<\/li>\n<li>Cliffside: 114 mil 800 d\u00f3lares<\/li>\n<\/ul>\n<p>Aaron Bastian, subastador de las obras, <strong>le mencion\u00f3 a todos los participantes que la subasta era por una buena causa<\/strong>, adem\u00e1s record\u00f3 que Bob Ross era una persona que los inspiraba a crear un mejor mundo. <\/p>\n<p>\u201cPor una buena causa, y se llevan el cuadro. <strong>Bob te recordar\u00eda que este es tu mundo, y puedes hacer lo que quieras<\/strong>\u201d.<\/p>\n<p><img loading=\"lazy\" decoding=\"async\" width=\"1024\" height=\"576\" src=\"https:\/\/www.europesays.com\/es\/wp-content\/uploads\/2025\/11\/winter-peace-bob-ross.jpg\" alt=\"Winter Peace - Bob Ross\" class=\"wp-image-1871052\"  \/>Winter Peace \u2013 Bob Ross \/ Captura de pantalla<\/p>\n<p><img loading=\"lazy\" decoding=\"async\" width=\"1024\" height=\"576\" data-id=\"1871054\" src=\"https:\/\/www.europesays.com\/es\/wp-content\/uploads\/2025\/11\/home-in-the-valley-bob-ross.jpg\" alt=\"Home in the Valley - Bob Ross\" class=\"wp-image-1871054\"  \/>Home in the Valley \u2013 Bob Ross \/ Captura de pantalla<\/p>\n<p><img loading=\"lazy\" decoding=\"async\" width=\"1024\" height=\"576\" data-id=\"1871056\" src=\"https:\/\/www.europesays.com\/es\/wp-content\/uploads\/2025\/11\/cliffside-bob-ross-1024x576.webp.webp\" alt=\"Cliffside - Bob Ross\" class=\"wp-image-1871056\"  \/>Cliffside \u2013 Bob Ross \/ Captura de pantalla<\/p>\n<p>Aunque no son las \u00fanicas pinturas en ser subastadas y vendidas, en total ser\u00e1n unas 30. <strong>La siguiente subasta est\u00e1 planeada para el 27 de enero del 2026 en  Massachusetts, por si andan interesados<\/strong>. Tambi\u00e9n habr\u00e1 ventas en Nueva York y Londres.<\/p>\n<p><strong>Bob Ross falleci\u00f3 en 1995, hace 30 a\u00f1os, <\/strong>a\u00fan as\u00ed sigue ayudando a las peque\u00f1as estaciones que se vieron afectadas por el recorte de 1100 millones de d\u00f3lares a las cadenas p\u00fablicas que autoriz\u00f3 el Congreso. <\/p>\n<p>Est\u00e1 es la oportunidad perfecta para que consigan un Bob Ross original. Si es que han so\u00f1ado con adornar su casa con alguna de est\u00e1s alegres pinturas. <\/p>\n<p>\t\tTodo lo que no sab\u00edas que necesitas saber lo encuentras en Sopitas.com<\/p>\n","protected":false},"excerpt":{"rendered":"Lo que necesitas saber: La casa de subastas ten\u00eda calculado recaudar 50 mil pesos por las tres pinturas.&hellip;\n","protected":false},"author":2,"featured_media":232730,"comment_status":"","ping_status":"","sticky":false,"template":"","format":"standard","meta":{"footnotes":""},"categories":[173],"tags":[229,233,231,230,232,234,146,147,25,24,23],"class_list":{"0":"post-232729","1":"post","2":"type-post","3":"status-publish","4":"format-standard","5":"has-post-thumbnail","7":"category-arte-y-diseno","8":"tag-arte","9":"tag-arte-y-diseno","10":"tag-arts","11":"tag-arts-and-design","12":"tag-design","13":"tag-diseno","14":"tag-entertainment","15":"tag-entretenimiento","16":"tag-es","17":"tag-espana","18":"tag-spain"},"share_on_mastodon":{"url":"https:\/\/pubeurope.com\/@es\/115539231806584409","error":""},"_links":{"self":[{"href":"https:\/\/www.europesays.com\/es\/wp-json\/wp\/v2\/posts\/232729","targetHints":{"allow":["GET"]}}],"collection":[{"href":"https:\/\/www.europesays.com\/es\/wp-json\/wp\/v2\/posts"}],"about":[{"href":"https:\/\/www.europesays.com\/es\/wp-json\/wp\/v2\/types\/post"}],"author":[{"embeddable":true,"href":"https:\/\/www.europesays.com\/es\/wp-json\/wp\/v2\/users\/2"}],"replies":[{"embeddable":true,"href":"https:\/\/www.europesays.com\/es\/wp-json\/wp\/v2\/comments?post=232729"}],"version-history":[{"count":0,"href":"https:\/\/www.europesays.com\/es\/wp-json\/wp\/v2\/posts\/232729\/revisions"}],"wp:featuredmedia":[{"embeddable":true,"href":"https:\/\/www.europesays.com\/es\/wp-json\/wp\/v2\/media\/232730"}],"wp:attachment":[{"href":"https:\/\/www.europesays.com\/es\/wp-json\/wp\/v2\/media?parent=232729"}],"wp:term":[{"taxonomy":"category","embeddable":true,"href":"https:\/\/www.europesays.com\/es\/wp-json\/wp\/v2\/categories?post=232729"},{"taxonomy":"post_tag","embeddable":true,"href":"https:\/\/www.europesays.com\/es\/wp-json\/wp\/v2\/tags?post=232729"}],"curies":[{"name":"wp","href":"https:\/\/api.w.org\/{rel}","templated":true}]}}