{"id":232743,"date":"2025-11-12T23:12:13","date_gmt":"2025-11-12T23:12:13","guid":{"rendered":"https:\/\/www.europesays.com\/es\/232743\/"},"modified":"2025-11-12T23:12:13","modified_gmt":"2025-11-12T23:12:13","slug":"cientificos-descubren-una-pequena-estrella-capaz-de-arrasar-planetas-hace-expulsiones-masivas-de-plasma-magnetizado","status":"publish","type":"post","link":"https:\/\/www.europesays.com\/es\/232743\/","title":{"rendered":"Cient\u00edficos descubren una peque\u00f1a estrella capaz de arrasar planetas: \u201cHace expulsiones masivas de plasma magnetizado\u201d"},"content":{"rendered":"<p class=\"\">El Sol tiene una peculiaridad que hasta ahora no se hab\u00eda detectado en otra estrella: salvajes tormentas que provocan las auroras boreales de nuestros cielos y alteran los sat\u00e9lites y GPS, entre otros efectos. Ahora, un grupo de cient\u00edficos del observatorio espacial XMM-Newton de la Agencia Espacial Europea (ESA) ha descubierto que la estrella enana roja <b>StKM 1-1262 <\/b>hace lo mismo que el Sol.<\/p>\n<p class=\"\">El estudio, publicado en la revista <a href=\"https:\/\/www.nature.com\/articles\/s41586-025-09715-3\" target=\"_blank\" rel=\"noreferrer nofollow noopener\" title=\"https:\/\/www.nature.com\/articles\/s41586-025-09715-3\">Nature <\/a>y en el que se ha utilizado el radiotelescopio LOFAR, asegura que StKM es m\u00e1s peque\u00f1a y fr\u00eda que el Sol, y se encuentra a unos 40 a\u00f1os luz de la Tierra. Esta estrella experiment\u00f3 una<b> erupci\u00f3n de ondas de radio en 1883, <\/b>pero la luz del fen\u00f3meno lleg\u00f3 a nuestro planeta en 2016, seg\u00fan explica a <a href=\"https:\/\/elpais.com\/ciencia\/2025-11-12\/una-estrella-mas-pequena-que-el-sol-desata-su-furia-una-llamarada-capaz-de-arrasar-planetas.html\" target=\"_blank\" rel=\"noreferrer nofollow noopener\" title=\"https:\/\/elpais.com\/ciencia\/2025-11-12\/una-estrella-mas-pequena-que-el-sol-desata-su-furia-una-llamarada-capaz-de-arrasar-planetas.html\">El Pa\u00eds<\/a> Cyril Tasse, investigador del Observatorio de Par\u00eds (Francia) y coautor del estudio.<\/p>\n<p class=\"\">Esa explosi\u00f3n, <b>que consiste en la expulsi\u00f3n de plasma magnetizado<\/b>, fue tan violenta que, de haber un planeta cercano, este habr\u00eda perdido por completo su atm\u00f3sfera, a pesar de que la eyecci\u00f3n dur\u00f3 tan solo un minuto. <\/p>\n<p class=\"\">Las mediciones se\u00f1alaron que el plasma expulsado viajaba a una velocidad de <b>2.400 kil\u00f3metros por segundo<\/b>, algo que solo ocurre en los episodios m\u00e1s violentos del Sol, aunque nuestra estrella nunca ha llegado a una rapidez de ese calibre. Si ocurriera, la Tierra podr\u00eda correr peligro. \u201cHasta ahora, se hab\u00edan observado llamaradas en rayos X, ultravioleta y \u00f3ptico. <b>Lo novedoso es la detecci\u00f3n en radio, que complementa esas observaciones y permite comparar directamente con los fen\u00f3menos solares<\/b>\u201d, explica al medio citado Benjam\u00edn Montesinos, astrof\u00edsico e investigador en el Centro de Astrobiolog\u00eda (CSIS).<\/p>\n<p class=\"\">Este tipo de explosiones pone en duda la existencia de vida en otros mundos. Si un planeta recibe de forma constante estas llamaradas, perder\u00eda su atm\u00f3sfera y la posibilidad de habitarlo ser\u00eda casi imposible. \u201cPara que exista agua l\u00edquida en la superficie de un planeta<b> se necesita mantener una temperatura adecuada<\/b>, y eso depende del efecto invernadero. Esto ocurre cuando la atm\u00f3sfera retiene parte de la energ\u00eda proveniente de la estrella\u201d, se\u00f1ala Montesinos.<\/p>\n<p class=\"\">El cient\u00edfico asegura que el reto no es solo encontrar planetas parecidos a la Tierra, sino que estos orbiten <b>\u201calrededor de estrellas parecidas al Sol\u201d<\/b>, en torno a una estrella que permita la habitabilidad.<\/p>\n<p>Noticias relacionadas<a href=\"https:\/\/as.com\/actualidad\/sociedad\/una-astrofisica-advierte-sobre-un-agujero-negro-supermasivo-sin-precedentes-algo-extremo-esta-sucediendo-n\/\" class=\"s_m_w _rt-16x9\" title=\" Un telescopio de rayos X capt\u00f3 destellos regulares procedentes de un agujero negro, los cient\u00edficos sospechan que los destellos son causados por una estrella muerta. \" data-tb-link=\"\" rel=\"nofollow noopener\" target=\"_blank\"><img decoding=\"async\" src=\"https:\/\/www.europesays.com\/es\/wp-content\/uploads\/2025\/11\/LV2CZIOF5NHWBDQXAZE5SY3AQE.jpg\" alt=\"Una astrof\u00edsica advierte sobre un agujero negro supermasivo sin precedentes: \u201cAlgo extremo est\u00e1 sucediendo\u201d\u2003\" class=\"\" height=\"9\" width=\"16\"   loading=\"lazy\" data-tb-thumbnail=\"\"\/><\/a><a href=\"https:\/\/as.com\/actualidad\/ciencia\/la-explosion-de-la-nova-t-coronae-borealis-a-tres-mil-anos-luz-que-sera-visible-desde-la-tierra-n\/\" class=\"s_m_w _rt-16x9\" title=\"El fen\u00f3meno astron\u00f3mico, que tiene lugar cada 80 a\u00f1os, aparecer\u00e1 como una nueva estrella en la constelaci\u00f3n Corona del Norte. Se registrar\u00e1 entre febrero y septiembre.\" data-tb-link=\"\" rel=\"nofollow noopener\" target=\"_blank\"><img decoding=\"async\" src=\"https:\/\/www.europesays.com\/es\/wp-content\/uploads\/2025\/11\/E6WUVBKLBVFLNAGJO3ROT2DBMI.png\" alt=\"La explosi\u00f3n de la nova T Coronae Borealis a tres mil a\u00f1os luz que ser\u00e1 visible desde la Tierra\" class=\"\" height=\"9\" width=\"16\"   loading=\"lazy\" data-tb-thumbnail=\"\"\/><\/a><\/p>\n<p class=\"\"><b>\u00a1Tus opiniones importan!<\/b> <\/p>\n<p class=\"\">Comenta en los art\u00edculos y suscr\u00edbete gratis a nuestra <a href=\"https:\/\/asfan.as.com\/newsletters\/\" target=\"_blank\" rel=\"nofollow noopener\" title=\"https:\/\/asfan.as.com\/newsletters\/\">newsletter<\/a> y a las alertas informativas en la <a href=\"https:\/\/as.com\/aplicacion-de-as-n\/\" target=\"_blank\" rel=\"nofollow noopener\" title=\"https:\/\/as.com\/aplicacion-de-as-n\/\">App<\/a> o el canal de <a href=\"https:\/\/www.whatsapp.com\/channel\/0029VaAasdA7j6g745nz9M10\" target=\"_blank\" rel=\"nofollow noopener\" title=\"https:\/\/www.whatsapp.com\/channel\/0029VaAasdA7j6g745nz9M10\">WhatsApp<\/a>. \u00bfBuscas licenciar contenido? Haz clic <a href=\"https:\/\/profesional.elpais.com\/soluciones-sindicacion?utm_medium=interno&amp;utm_source=crosslinking&amp;utm_campaign=sindicacion_as_pie_articulos\" target=\"_blank\" rel=\"nofollow noopener\" title=\"https:\/\/profesional.elpais.com\/soluciones-sindicacion?utm_medium=interno&amp;utm_source=crosslinking&amp;utm_campaign=sindicacion_as_pie_articulos\">aqu\u00ed<\/a><\/p>\n","protected":false},"excerpt":{"rendered":"El Sol tiene una peculiaridad que hasta ahora no se hab\u00eda detectado en otra estrella: salvajes tormentas que&hellip;\n","protected":false},"author":2,"featured_media":232744,"comment_status":"","ping_status":"","sticky":false,"template":"","format":"standard","meta":{"footnotes":""},"categories":[81],"tags":[119,123,124,25,24,117,121,122,23,118,120],"class_list":{"0":"post-232743","1":"post","2":"type-post","3":"status-publish","4":"format-standard","5":"has-post-thumbnail","7":"category-ciencia-y-tecnologia","8":"tag-ciencia","9":"tag-ciencia-y-tecnologia","10":"tag-cienciaytecnologia","11":"tag-es","12":"tag-espana","13":"tag-science","14":"tag-science-and-technology","15":"tag-scienceandtechnology","16":"tag-spain","17":"tag-technology","18":"tag-tecnologia"},"share_on_mastodon":{"url":"https:\/\/pubeurope.com\/@es\/115539263751028840","error":""},"_links":{"self":[{"href":"https:\/\/www.europesays.com\/es\/wp-json\/wp\/v2\/posts\/232743","targetHints":{"allow":["GET"]}}],"collection":[{"href":"https:\/\/www.europesays.com\/es\/wp-json\/wp\/v2\/posts"}],"about":[{"href":"https:\/\/www.europesays.com\/es\/wp-json\/wp\/v2\/types\/post"}],"author":[{"embeddable":true,"href":"https:\/\/www.europesays.com\/es\/wp-json\/wp\/v2\/users\/2"}],"replies":[{"embeddable":true,"href":"https:\/\/www.europesays.com\/es\/wp-json\/wp\/v2\/comments?post=232743"}],"version-history":[{"count":0,"href":"https:\/\/www.europesays.com\/es\/wp-json\/wp\/v2\/posts\/232743\/revisions"}],"wp:featuredmedia":[{"embeddable":true,"href":"https:\/\/www.europesays.com\/es\/wp-json\/wp\/v2\/media\/232744"}],"wp:attachment":[{"href":"https:\/\/www.europesays.com\/es\/wp-json\/wp\/v2\/media?parent=232743"}],"wp:term":[{"taxonomy":"category","embeddable":true,"href":"https:\/\/www.europesays.com\/es\/wp-json\/wp\/v2\/categories?post=232743"},{"taxonomy":"post_tag","embeddable":true,"href":"https:\/\/www.europesays.com\/es\/wp-json\/wp\/v2\/tags?post=232743"}],"curies":[{"name":"wp","href":"https:\/\/api.w.org\/{rel}","templated":true}]}}