{"id":232749,"date":"2025-11-12T23:15:10","date_gmt":"2025-11-12T23:15:10","guid":{"rendered":"https:\/\/www.europesays.com\/es\/232749\/"},"modified":"2025-11-12T23:15:10","modified_gmt":"2025-11-12T23:15:10","slug":"teresa-ribera-reconoce-errores-en-la-planificacion-del-barranco-del-poyo-un-ano-despues-de-la-dana","status":"publish","type":"post","link":"https:\/\/www.europesays.com\/es\/232749\/","title":{"rendered":"Teresa Ribera reconoce errores en la planificaci\u00f3n del barranco del Poyo un a\u00f1o despu\u00e9s de la dana"},"content":{"rendered":"<p style=\"\">M\u00e1s de a\u00f1o despu\u00e9s de la catastr\u00f3fica <a href=\"https:\/\/www.abc.es\/noticias\/dana\/\" target=\"_self\" data-voc-vtm-id=\"in-text-traffic\" title=\"dana\" data-mrf-link=\"www.abc.es\" rel=\"nofollow noopener\">dana<\/a> del 29 de octubre de 2024, quien era entonces ministra para la Transici\u00f3n Ecol\u00f3gica, <a href=\"https:\/\/www.abc.es\/noticias\/teresa-ribera\/\" target=\"_self\" data-voc-vtm-id=\"in-text-traffic\" title=\"Teresa Ribera\" data-mrf-link=\"www.abc.es\" rel=\"nofollow noopener\">Teresa Ribera<\/a>, ha vuelto a referirse a la tragedia sin dar explicaciones sobre la <strong>falta de ejecuci\u00f3n de las obras hidr\u00e1ulicas<\/strong> &#8230;  que habr\u00edan paliado los efectos de las inundaciones en la comarca de l&#8217;Horta Sud.<\/p>\n<p class=\"voc-p\" style=\"\">No obstante, ha reconocido que los barrancos del Poyo -el que provoc\u00f3 la mayor\u00eda de fallecidos- y la Saleta, en la zona cero de la provincia de Valencia, no estaban acondicionados para la tromba de agua que dej\u00f3 229 muertos en \u00abun episodio extremo\u00bb.<\/p>\n<p class=\"voc-p\" style=\"\">Estaban \u00abpreparados para periodos de 100 a\u00f1os y, sin embargo, aquello supuso una escorrent\u00eda superior a los 500\u00bb. <strong>\u00abProbablemente se acercaba a los mil a\u00f1os de retorno\u00bb <\/strong>-el tiempo promedio que se calcula cuando se dise\u00f1an para que un evento vuelva a ocurrir-, ha aseverado durante su intervenci\u00f3n en unas jornadas organizadas por el PSOE en una sala del Parlamento Europeo, con la participaci\u00f3n de una nutrida representaci\u00f3n de dirigentes socialistas valencianos y de organizaciones de v\u00edctimas. El marco: la aprobaci\u00f3n este jueves en Bruselas de 946,1 millones de euros del fondo de solidaridad para paliar las consecuencias de la cat\u00e1strofe.<\/p>\n<p class=\"voc-p\" style=\"\">Ribera dej\u00f3 el Gobierno de Espa\u00f1a menos de un mes despu\u00e9s de la barrancada para ser nombrada vicepresidenta de la Comisi\u00f3n Europea. Si bien rindi\u00f3 cuentas sobre su gesti\u00f3n de la dana en el Congreso y en el Senado, <strong>nunca lleg\u00f3 a visitar la zona cero<\/strong>. De su departamento depend\u00eda la Confederaci\u00f3n Hidrogr\u00e1fica del J\u00facar y las infraestructuras hidr\u00e1ulicas que llevaban d\u00e9cadas en un caj\u00f3n y que tampoco impuls\u00f3 tras llegar al Ejecutivo con Pedro S\u00e1nchez en 2018.<\/p>\n<p class=\"voc-p\" style=\"\">En su intervenci\u00f3n, Ribera ha urgido a prepararse mejor ante episodios cada vez m\u00e1s extremos que pueden volver a producirse, con \u00abinfraestructuras verdes, llanuras de inundaci\u00f3n y soluciones basadas en la naturaleza\u00bb. En ese sentido, ha hablado de estudiar \u00abun servicio de alertas de emergencias por sat\u00e9lite\u00bb, a trav\u00e9s del sistema Galileo, en todo el territorio de la Uni\u00f3n Europea, as\u00ed como de la necesidad de <strong>\u00abseguir mejorando\u00bb las alertas meteorol\u00f3gicas e hidrol\u00f3gicas<\/strong>.<\/p>\n<p class=\"voc-p\" style=\"\">Tambi\u00e9n ha llamado a hacer frente a quienes niegan el cambio clim\u00e1tico. \u00abCuando estos d\u00edas ve\u00edamos mensajes a prop\u00f3sito de cuales son las eventuales <strong>premisas para un acuerdo de gobierno<\/strong>, a m\u00ed me preocupa profundamente\u00bb, ha se\u00f1alado, refiri\u00e9ndose a las exigencias de Vox -rechazar el pacto verde europeo- para investir al candidato del PP, Juanfran P\u00e9rez Llorca, como presidente de la Generalitat Valenciana tras la dimisi\u00f3n de Carlos Maz\u00f3n.<\/p>\n<p class=\"voc-p\" style=\"\">La comisaria ha lamentado que haya municipios en Espa\u00f1a -pr\u00f3ximos a Valencia- que quieran que se revise la cartograf\u00eda que se hizo en 2007 para construir en lo que ahora est\u00e1 catalogado como <strong>zonas inundables<\/strong> o que directamente se haya construido en esos puntos despu\u00e9s de que el Ministerio estableciera esos criterios. <\/p>\n","protected":false},"excerpt":{"rendered":"M\u00e1s de a\u00f1o despu\u00e9s de la catastr\u00f3fica dana del 29 de octubre de 2024, quien era entonces ministra&hellip;\n","protected":false},"author":2,"featured_media":232750,"comment_status":"","ping_status":"","sticky":false,"template":"","format":"standard","meta":{"footnotes":""},"categories":[8],"tags":[1611,17,18,1681,25,24,13,14,11,19,20,9,10,15,16,8531,105,2807,57,23,9703,12,21,22],"class_list":{"0":"post-232749","1":"post","2":"type-post","3":"status-publish","4":"format-standard","5":"has-post-thumbnail","7":"category-espana","8":"tag-ano","9":"tag-breaking-news","10":"tag-breakingnews","11":"tag-dana","12":"tag-es","13":"tag-espana","14":"tag-featured-news","15":"tag-featurednews","16":"tag-headlines","17":"tag-latest-news","18":"tag-latestnews","19":"tag-news","20":"tag-noticias","21":"tag-noticias-destacadas","22":"tag-noticiasdestacadas","23":"tag-ribera","24":"tag-rompe","25":"tag-silencio","26":"tag-sobre","27":"tag-spain","28":"tag-teresa","29":"tag-titulares","30":"tag-ultimas-noticias","31":"tag-ultimasnoticias"},"share_on_mastodon":{"url":"https:\/\/pubeurope.com\/@es\/115539274833447897","error":""},"_links":{"self":[{"href":"https:\/\/www.europesays.com\/es\/wp-json\/wp\/v2\/posts\/232749","targetHints":{"allow":["GET"]}}],"collection":[{"href":"https:\/\/www.europesays.com\/es\/wp-json\/wp\/v2\/posts"}],"about":[{"href":"https:\/\/www.europesays.com\/es\/wp-json\/wp\/v2\/types\/post"}],"author":[{"embeddable":true,"href":"https:\/\/www.europesays.com\/es\/wp-json\/wp\/v2\/users\/2"}],"replies":[{"embeddable":true,"href":"https:\/\/www.europesays.com\/es\/wp-json\/wp\/v2\/comments?post=232749"}],"version-history":[{"count":0,"href":"https:\/\/www.europesays.com\/es\/wp-json\/wp\/v2\/posts\/232749\/revisions"}],"wp:featuredmedia":[{"embeddable":true,"href":"https:\/\/www.europesays.com\/es\/wp-json\/wp\/v2\/media\/232750"}],"wp:attachment":[{"href":"https:\/\/www.europesays.com\/es\/wp-json\/wp\/v2\/media?parent=232749"}],"wp:term":[{"taxonomy":"category","embeddable":true,"href":"https:\/\/www.europesays.com\/es\/wp-json\/wp\/v2\/categories?post=232749"},{"taxonomy":"post_tag","embeddable":true,"href":"https:\/\/www.europesays.com\/es\/wp-json\/wp\/v2\/tags?post=232749"}],"curies":[{"name":"wp","href":"https:\/\/api.w.org\/{rel}","templated":true}]}}