{"id":232759,"date":"2025-11-12T23:31:12","date_gmt":"2025-11-12T23:31:12","guid":{"rendered":"https:\/\/www.europesays.com\/es\/232759\/"},"modified":"2025-11-12T23:31:12","modified_gmt":"2025-11-12T23:31:12","slug":"del-beso-entre-vinas-de-retuerta-al-baile-con-su-padre","status":"publish","type":"post","link":"https:\/\/www.europesays.com\/es\/232759\/","title":{"rendered":"del beso entre vi\u00f1as de Retuerta al baile con su padre"},"content":{"rendered":"<p class=\"paragraph\">Nunca es tarde y nunca es suficiente si hay que presumir de algo que te enorgullece. Y en esa labor se empe\u00f1a la hija de<b> Antonio Banderas<\/b> para, cuatro semanas despu\u00e9s de su \u00abs\u00ed, quiero\u00bb la <b><a href=\"https:\/\/www.diariodevalladolid.es\/valladolid\/provincia\/251013\/275393\/monasterio-valladolid-convertido-bodega-hotel-lujo-casara-hija-banderas.html\" target=\"_blank\" rel=\"nofollow noopener\">bodega de Abad\u00eda Retuerta<\/a><\/b>, revelar algunas de las instant\u00e1neas de su boda en Valladolid. Un carrusel de fotos en el que se pueden descubrir una serie de secretos de la celebraci\u00f3n en el emblem\u00e1tico espacio arrinconado en Sard\u00f3n de Duero, desde el beso con<b>\u00a0\u00c1lex Gruszynski<\/b> entre vi\u00f1edos hasta su baile con<b> Antonio Banderas<\/b>.<\/p>\n<p class=\"paragraph\">Si esa exclusiva perteneci\u00f3 a la revista \u00a1Hola!, de la que<a href=\"https:\/\/www.diariodevalladolid.es\/valladolid\/251022\/276136\/boda-gotica-hija-banderas-valladolid-descubre-todos-detalles.html\" target=\"_blank\" rel=\"nofollow noopener\"> se hizo eco este mismo peri\u00f3dico<\/a>, ahora es la propia protagonista de la rom\u00e1ntica historia quien publica las im\u00e1genes del que fue\u00a0evento del a\u00f1o, <a href=\"https:\/\/www.diariodevalladolid.es\/valladolid\/250718\/272760\/lujosa-bodega-ribera-hija-antonio-banderas-melanie-griffith-valladolid.html\" target=\"_blank\" rel=\"nofollow noopener\">adelantado por este medio en el mes de julio<\/a>. Lo que no se pierde en la publicaci\u00f3n de Stella del Carmen Banderas es ese blanco y negro que luci\u00f3 en su reportaje con \u00a1Hola! y que encajaba a la perfecci\u00f3n con el estilo \u00abg\u00f3tico\u00bb que le quiso impregnar a su fiesta. Un mismo tono que destaca en la primera de las fotograf\u00edas y que inmortaliza su beso\u00a0\u00c1lex Gruszynski convertido ya en su esposo.<\/p>\n<p>            <a href=\"#\" title=\"\"><\/p>\n<p>                    <img loading=\"lazy\" decoding=\"async\" data-index=\"\" width=\"140\" height=\"140\" alt=\"Rosal\u00eda con David Broncano en 'La Revuelta'\" data-full=\"[object Object]\" data-original=\"[object Object]\" src=\"https:\/\/imagenes.diariodevalladolid.es\/files\/related_image\/uploads\/2025\/11\/11\/69136c0ac437c.jpeg\" data-full-src=\"https:\/\/www.europesays.com\/es\/wp-content\/uploads\/2025\/11\/69136c0ac437c.jpeg\"\/><\/p>\n<p>            <\/a><\/p>\n<p class=\"paragraph\">Ese tono monocromo es el que tambi\u00e9n destaca cuando en la galer\u00eda aparecen las damas de honor, con una presencia totalmente reconocible de <b>Dakota Johnson<\/b>, hermanastra de Stella, que a\u00f1adi\u00f3 una elegante una capa al vestido de encaje negro que tambi\u00e9n lucieron <b>Atherton Grace Johnson<\/b> (la hija de Don Johnson y Kelley Phleger) y <b>Adaline Gruszynski<\/b>.<\/p>\n<p class=\"paragraph\">Con el resto de fotos, uno se puede dar cuenta que es <b>una publicaci\u00f3n de tono totalmente familiar<\/b> y en la que no hay rastro de los m\u00e1s de 200 invitados que estuvieron en Abad\u00eda Retuerta. A Stella se la puede ver en una imagen acompa\u00f1ada de su madre, <b>Melanie Griffith<\/b>, mientras que en otra hay una foto conjunta entre la pareja y los padres de cada uno en el jard\u00edn de la bodega vallisoletana. O con\u00a0<b>Jesse Johnson<\/b>, hermanastro de la hija de Banderas, con quien protagoniza la \u00faltima de las instant\u00e1neas en la que el resplandeciente blanco del vestido de la novia se rompi\u00f3 con el ramo de calas negras que Stella eligi\u00f3.<\/p>\n<p class=\"paragraph\">\u00bfY Antonio Banderas? M\u00e1s all\u00e1 de esa foto en familia y su entrada a la iglesia en compa\u00f1\u00eda de su hija, el actor malague\u00f1o no aparece en ninguna otra fotograf\u00eda pese a ser<a href=\"https:\/\/www.diariodevalladolid.es\/valladolid\/251018\/276025\/brindis-banderas-boda-hija-gracias-gente-castilla-leon-valladolid-bien-portado.html\" rel=\"nofollow noopener\" target=\"_blank\"> uno de los grandes protagonistas de la velada<\/a>. Pero Stella del Carmen ha preferido subir una estampa m\u00e1s personal a trav\u00e9s de un story en su perfil de Instagram, donde se la ve disfrutando de un baile con su padre sin faltar una sonrisa en ambos rostros.\u00a0<\/p>\n<p class=\"c-detail__media__subtitle\">\n<p>                La boda de la hija de Antonio Banderas en Abad\u00eda RetuertaINSTAGRAM | stellabanderasgriffith<\/p>\n<p>        La boda de la hija de Antonio Banderas en Abad\u00eda Retuerta<\/p>\n<p class=\"c-detail__media__subtitle\">\n<p>                La boda de la hija de Antonio Banderas en Abad\u00eda RetuertaINSTAGRAM | stellabanderasgriffith<\/p>\n<p>        La boda de la hija de Antonio Banderas en Abad\u00eda Retuerta<\/p>\n<p class=\"c-detail__media__subtitle\">\n<p>                La boda de la hija de Antonio Banderas en Abad\u00eda RetuertaINSTAGRAM | stellabanderasgriffith<\/p>\n<p>        La boda de la hija de Antonio Banderas en Abad\u00eda Retuerta<\/p>\n<p class=\"c-detail__media__subtitle\">\n<p>                La boda de la hija de Antonio Banderas en Abad\u00eda RetuertaINSTAGRAM | stellabanderasgriffith<\/p>\n<p>        La boda de la hija de Antonio Banderas en Abad\u00eda Retuerta<\/p>\n<p class=\"c-detail__media__subtitle\">\n<p>                La boda de la hija de Antonio Banderas en Abad\u00eda RetuertaINSTAGRAM | stellabanderasgriffith<\/p>\n<p>        La boda de la hija de Antonio Banderas en Abad\u00eda Retuerta<\/p>\n<p class=\"c-detail__media__subtitle\">\n<p>                La boda de la hija de Antonio Banderas en Abad\u00eda RetuertaINSTAGRAM | stellabanderasgriffith<\/p>\n<p>        La boda de la hija de Antonio Banderas en Abad\u00eda Retuerta<\/p>\n<p class=\"c-detail__media__subtitle\">\n<p>                La boda de la hija de Antonio Banderas en Abad\u00eda RetuertaINSTAGRAM | stellabanderasgriffith<\/p>\n<p>        La boda de la hija de Antonio Banderas en Abad\u00eda Retuerta<\/p>\n<p class=\"c-detail__media__subtitle\">\n<p>                La boda de la hija de Antonio Banderas en Abad\u00eda RetuertaINSTAGRAM | stellabanderasgriffith<\/p>\n<p>        La boda de la hija de Antonio Banderas en Abad\u00eda Retuerta<\/p>\n<p class=\"c-detail__media__subtitle\">\n<p>                La boda de la hija de Antonio Banderas en Abad\u00eda RetuertaINSTAGRAM | stellabanderasgriffith<\/p>\n<p>        La boda de la hija de Antonio Banderas en Abad\u00eda Retuerta<\/p>\n<p class=\"c-detail__media__subtitle\">\n<p>                La boda de la hija de Antonio Banderas en Abad\u00eda RetuertaINSTAGRAM | stellabanderasgriffith<\/p>\n<p>        La boda de la hija de Antonio Banderas en Abad\u00eda Retuerta<\/p>\n<p class=\"c-detail__media__subtitle\">\n<p>                La boda de la hija de Antonio Banderas en Abad\u00eda RetuertaINSTAGRAM | stellabanderasgriffith<\/p>\n<p>        La boda de la hija de Antonio Banderas en Abad\u00eda Retuerta<\/p>\n<p class=\"c-detail__media__subtitle\">\n<p>                La boda de la hija de Antonio Banderas en Abad\u00eda RetuertaINSTAGRAM | stellabanderasgriffith<\/p>\n<p>        La boda de la hija de Antonio Banderas en Abad\u00eda Retuerta<\/p>\n<p class=\"c-detail__media__subtitle\">\n<p>                La boda de la hija de Antonio Banderas en Abad\u00eda RetuertaINSTAGRAM | stellabanderasgriffith<\/p>\n<p>        La boda de la hija de Antonio Banderas en Abad\u00eda Retuerta<\/p>\n<p class=\"c-detail__media__subtitle\">\n<p>                La boda de la hija de Antonio Banderas en Abad\u00eda RetuertaINSTAGRAM | stellabanderasgriffith<\/p>\n<p>        La boda de la hija de Antonio Banderas en Abad\u00eda Retuerta<\/p>\n<p class=\"c-detail__media__subtitle\">\n<p>                La boda de la hija de Antonio Banderas en Abad\u00eda RetuertaINSTAGRAM | stellabanderasgriffith<\/p>\n<p>        La boda de la hija de Antonio Banderas en Abad\u00eda Retuerta<\/p>\n<p class=\"c-detail__media__subtitle\">\n<p>                La boda de la hija de Antonio Banderas en Abad\u00eda RetuertaINSTAGRAM | stellabanderasgriffith<\/p>\n<p>        La boda de la hija de Antonio Banderas en Abad\u00eda Retuerta<\/p>\n<p class=\"c-detail__media__subtitle\">\n<p>                La boda de la hija de Antonio Banderas en Abad\u00eda RetuertaINSTAGRAM | stellabanderasgriffith<\/p>\n<p>        La boda de la hija de Antonio Banderas en Abad\u00eda Retuerta<\/p>\n","protected":false},"excerpt":{"rendered":"Nunca es tarde y nunca es suficiente si hay que presumir de algo que te enorgullece. Y en&hellip;\n","protected":false},"author":2,"featured_media":232760,"comment_status":"","ping_status":"","sticky":false,"template":"","format":"standard","meta":{"footnotes":""},"categories":[174],"tags":[255,146,147,25,24,256,23,1607],"class_list":{"0":"post-232759","1":"post","2":"type-post","3":"status-publish","4":"format-standard","5":"has-post-thumbnail","7":"category-famosos","8":"tag-celebrities","9":"tag-entertainment","10":"tag-entretenimiento","11":"tag-es","12":"tag-espana","13":"tag-famosos","14":"tag-spain","15":"tag-valladolid"},"share_on_mastodon":{"url":"https:\/\/pubeurope.com\/@es\/115539338285888525","error":""},"_links":{"self":[{"href":"https:\/\/www.europesays.com\/es\/wp-json\/wp\/v2\/posts\/232759","targetHints":{"allow":["GET"]}}],"collection":[{"href":"https:\/\/www.europesays.com\/es\/wp-json\/wp\/v2\/posts"}],"about":[{"href":"https:\/\/www.europesays.com\/es\/wp-json\/wp\/v2\/types\/post"}],"author":[{"embeddable":true,"href":"https:\/\/www.europesays.com\/es\/wp-json\/wp\/v2\/users\/2"}],"replies":[{"embeddable":true,"href":"https:\/\/www.europesays.com\/es\/wp-json\/wp\/v2\/comments?post=232759"}],"version-history":[{"count":0,"href":"https:\/\/www.europesays.com\/es\/wp-json\/wp\/v2\/posts\/232759\/revisions"}],"wp:featuredmedia":[{"embeddable":true,"href":"https:\/\/www.europesays.com\/es\/wp-json\/wp\/v2\/media\/232760"}],"wp:attachment":[{"href":"https:\/\/www.europesays.com\/es\/wp-json\/wp\/v2\/media?parent=232759"}],"wp:term":[{"taxonomy":"category","embeddable":true,"href":"https:\/\/www.europesays.com\/es\/wp-json\/wp\/v2\/categories?post=232759"},{"taxonomy":"post_tag","embeddable":true,"href":"https:\/\/www.europesays.com\/es\/wp-json\/wp\/v2\/tags?post=232759"}],"curies":[{"name":"wp","href":"https:\/\/api.w.org\/{rel}","templated":true}]}}