{"id":232761,"date":"2025-11-12T23:32:10","date_gmt":"2025-11-12T23:32:10","guid":{"rendered":"https:\/\/www.europesays.com\/es\/232761\/"},"modified":"2025-11-12T23:32:10","modified_gmt":"2025-11-12T23:32:10","slug":"quieres-ser-disenador-grafico-la-escuela-de-arte-te-adentra-en-esta-profesion-con-una-de-las-mejores-exposiciones-nacionales","status":"publish","type":"post","link":"https:\/\/www.europesays.com\/es\/232761\/","title":{"rendered":"\u00bfQuieres ser dise\u00f1ador gr\u00e1fico? La Escuela de Arte te adentra en esta profesi\u00f3n con una de las mejores exposiciones nacionales"},"content":{"rendered":"<p class=\"prip\"><strong>\u2018I Love Branding\u2019<\/strong> es el nombre de la exposici\u00f3n con la que la Escuela de Arte y Superior de Dise\u00f1o de Soria quiere hacer ver la importancia de esta profesi\u00f3n en la sociedad. Adem\u00e1s de los alumnos del centro, todos los interesados pueden acudir a verla <strong>hasta el pr\u00f3ximo 15 de enero<\/strong> en horario de 12:00h. a 14:00h. de lunes a viernes. Los mi\u00e9rcoles tambi\u00e9n estar\u00e1 abierta por la tarde de 17:00h. a 19:00h.<\/p>\n<p>Los primeros en poder presenciar estos trabajos han sido unos estudiantes que se han quedado asombrados al conocer de primera mano <strong>la minuciosidad de estas obras gr\u00e1ficas.<\/strong><\/p>\n<p>Esta muestra, que expone trabajos de <strong>DIME<\/strong> (Dise\u00f1adores de la Meseta), cuenta con la colaboraci\u00f3n de diez de los estudios m\u00e1s importantes de Castilla y Le\u00f3n. La directora de la Escuela,<strong> Gloria Rubio<\/strong>, ha expresado su satisfacci\u00f3n al contar con ella, ya que varios de sus propulsores han recibido premios de enorme prestigio por unos dise\u00f1os que habitualmente se pueden visitar en el <strong>Palacio Quintanar de Segovia.<\/strong><\/p>\n<p>Entre los propulsores de esta exposici\u00f3n se encuentra <strong>Eduardo Ayll\u00f3n<\/strong>, integrante de la agrupaci\u00f3n organizadora y exalumno del centro soriano. <strong>\u201cQueremos que se reconozca esta profesi\u00f3n<\/strong> y que se valore como una actividad profesional que aporta valor a la actividad empresarial e institucional\u201d, ha manifestado.<\/p>\n<p>A ese respecto, el dise\u00f1ador soriano ha hecho hincapi\u00e9 en que su estudio, al igual que el resto de los que forman parte de DIME, lleva a cabo arduas labores para <strong>dar vida a las ideas de empresas y administraciones p\u00fablicas que necesitan de su ayuda para promocionarse y darse a conocer.<\/strong> En el caso de Soria, tambi\u00e9n existe una Asociaci\u00f3n que defiende los derechos de cinco estudios de dise\u00f1adores gr\u00e1ficos. La cifra aumentar\u00e1 en las pr\u00f3ximas semanas, ya que se espera que se incorpore uno nuevo: \u201cNos encantar\u00eda que cada vez m\u00e1s profesionales se unan a nosotros\u201d.<\/p>\n<p>Para conseguir todos estos retos, la Escuela de Arte, encabezada por su directora, promueve exposiciones sobre dise\u00f1o gr\u00e1fico en una sala que habitualmente cuenta con este tipo de trabajos:<strong> \u201cNuestro objetivo es mostrar al mundo profesiones que son un poco desconocidas\u201d.<\/strong><\/p>\n","protected":false},"excerpt":{"rendered":"\u2018I Love Branding\u2019 es el nombre de la exposici\u00f3n con la que la Escuela de Arte y Superior&hellip;\n","protected":false},"author":2,"featured_media":232762,"comment_status":"","ping_status":"","sticky":false,"template":"","format":"standard","meta":{"footnotes":""},"categories":[173],"tags":[229,233,231,230,232,234,146,147,25,24,246,23],"class_list":{"0":"post-232761","1":"post","2":"type-post","3":"status-publish","4":"format-standard","5":"has-post-thumbnail","7":"category-arte-y-diseno","8":"tag-arte","9":"tag-arte-y-diseno","10":"tag-arts","11":"tag-arts-and-design","12":"tag-design","13":"tag-diseno","14":"tag-entertainment","15":"tag-entretenimiento","16":"tag-es","17":"tag-espana","18":"tag-soria","19":"tag-spain"},"share_on_mastodon":{"url":"https:\/\/pubeurope.com\/@es\/115539341648561812","error":""},"_links":{"self":[{"href":"https:\/\/www.europesays.com\/es\/wp-json\/wp\/v2\/posts\/232761","targetHints":{"allow":["GET"]}}],"collection":[{"href":"https:\/\/www.europesays.com\/es\/wp-json\/wp\/v2\/posts"}],"about":[{"href":"https:\/\/www.europesays.com\/es\/wp-json\/wp\/v2\/types\/post"}],"author":[{"embeddable":true,"href":"https:\/\/www.europesays.com\/es\/wp-json\/wp\/v2\/users\/2"}],"replies":[{"embeddable":true,"href":"https:\/\/www.europesays.com\/es\/wp-json\/wp\/v2\/comments?post=232761"}],"version-history":[{"count":0,"href":"https:\/\/www.europesays.com\/es\/wp-json\/wp\/v2\/posts\/232761\/revisions"}],"wp:featuredmedia":[{"embeddable":true,"href":"https:\/\/www.europesays.com\/es\/wp-json\/wp\/v2\/media\/232762"}],"wp:attachment":[{"href":"https:\/\/www.europesays.com\/es\/wp-json\/wp\/v2\/media?parent=232761"}],"wp:term":[{"taxonomy":"category","embeddable":true,"href":"https:\/\/www.europesays.com\/es\/wp-json\/wp\/v2\/categories?post=232761"},{"taxonomy":"post_tag","embeddable":true,"href":"https:\/\/www.europesays.com\/es\/wp-json\/wp\/v2\/tags?post=232761"}],"curies":[{"name":"wp","href":"https:\/\/api.w.org\/{rel}","templated":true}]}}