{"id":232781,"date":"2025-11-12T23:53:09","date_gmt":"2025-11-12T23:53:09","guid":{"rendered":"https:\/\/www.europesays.com\/es\/232781\/"},"modified":"2025-11-12T23:53:09","modified_gmt":"2025-11-12T23:53:09","slug":"las-bofetadas-de-realidad-de-carlos-alcaraz-y-sinner-a-djokovic-son-mejores-que-yo","status":"publish","type":"post","link":"https:\/\/www.europesays.com\/es\/232781\/","title":{"rendered":"Las \u00abbofetadas de realidad\u00bb de Carlos Alcaraz y Sinner a Djokovic: \u00abSon mejores que yo\u00bb"},"content":{"rendered":"<p class=\"L6-news-detail__text\">En una entrevista con Piers Morgan en la que tambi\u00e9n ha hablado sobre <b><a title=\"Rafa Nadal y Roger Federer\" href=\"https:\/\/www.lasexta.com\/noticias\/deportes\/tenis\/djokovic-gran-pregunta-siente-mejor-que-rafa-nadal-federer_202511116913ad409c30fb266520a7f4.html\" target=\"_blank\" rel=\"nofollow noopener\">Rafa Nadal y Roger Federer<\/a><\/b>, <b>Novak Djokovic<\/b> se ha pronunciado sobre el &#8216;Big Two&#8217; que reina actualmente en el mundo del tenis. <\/p>\n<p class=\"L6-news-detail__text\"><b>Carlos Alcaraz y JannikSinner<\/b> han disputado tres de las \u00faltimas cuatro finales de Grand Slams y todo apunta a que ambos dominar\u00e1n el circuito en los pr\u00f3ximos a\u00f1os. <\/p>\n<p class=\"L6-news-detail__text\">Y &#8216;Nole&#8217; es consciente de ello: \u00abSoy consciente de que, ahora mismo, <b>los dos son mejores que yo<\/b>. Esa es la realidad\u00bb.<\/p>\n<p class=\"L6-news-detail__text\">A pesar de no querer resignarse ante la realidad, este 2025 ha sido esclarecedor para el balc\u00e1nico: \u00abConf\u00edo mucho en el poder de los pensamientos, pero al mismo tiempo tambi\u00e9n creo en la biolog\u00eda, tengo 38 a\u00f1os y el desgaste es real. Y <b>me he llevado un par de bofetadas de realidad este \u00faltimo a\u00f1o<\/b>\u00ab.<\/p>\n<p class=\"L6-news-detail__text\">\u00abAmbos han hecho que <b>tenga dudas de que pueda ganar otro Grand <\/b><b>Slam<\/b>, pero cuando entro en pista, no me importa a qui\u00e9n tengo delante, siempre que soy mejor y que voy a ganar y que voy a darlo todo para conseguirlo. Sigo teniendo la mentalidad de un ganador y solo espero seguir manteniendo mi cuerpo en forma\u00bb, ha explicado.<\/p>\n<p class=\"L6-news-detail__text\">\u00ab<b>Sab\u00eda que esto pasar\u00eda tarde o temprano en mi carrera<\/b>, es un progreso natural y evolutivo. La aparici\u00f3n de Alcaraz y Sinner es incre\u00edble para nuestro deporte, ya han jugado uno de los partidos m\u00e1s \u00e9picos de la historia del deporte en la final de Roland Garros\u00bb, ha zanjado. <\/p>\n<p class=\"L6-support-news-video__title\">Cada socio, una acci\u00f3n<\/p>\n<p>            <a href=\"https:\/\/www.lasexta.com\/noticias\/deportes\/futbol\/nuevo-modelo-que-quiere-plantear-florentino-perez-real-madrid_202511116913575585bb3560c189d180.html\" class=\"L6-news__link\" rel=\"nofollow noopener\" target=\"_blank\"><br \/>\n                El nuevo modelo que quiere plantear Florentino P\u00e9rez en el Real Madrid<\/p>\n<p class=\"recirculation-video-desc\">El presidente del conjunto blanco ha convocado una asamblea extraordinaria para plantear un cambio de modelo que verse en repartir el total del patrimonio del club entre los socios.<\/p>\n<p>            <\/a><\/p>\n","protected":false},"excerpt":{"rendered":"En una entrevista con Piers Morgan en la que tambi\u00e9n ha hablado sobre Rafa Nadal y Roger Federer,&hellip;\n","protected":false},"author":2,"featured_media":67008,"comment_status":"","ping_status":"","sticky":false,"template":"","format":"standard","meta":{"footnotes":""},"categories":[274],"tags":[168,25,24,23,167,327,326],"class_list":{"0":"post-232781","1":"post","2":"type-post","3":"status-publish","4":"format-standard","5":"has-post-thumbnail","7":"category-tenis","8":"tag-deportes","9":"tag-es","10":"tag-espana","11":"tag-spain","12":"tag-sports","13":"tag-tenis","14":"tag-tennis"},"share_on_mastodon":{"url":"https:\/\/pubeurope.com\/@es\/115539424556951520","error":""},"_links":{"self":[{"href":"https:\/\/www.europesays.com\/es\/wp-json\/wp\/v2\/posts\/232781","targetHints":{"allow":["GET"]}}],"collection":[{"href":"https:\/\/www.europesays.com\/es\/wp-json\/wp\/v2\/posts"}],"about":[{"href":"https:\/\/www.europesays.com\/es\/wp-json\/wp\/v2\/types\/post"}],"author":[{"embeddable":true,"href":"https:\/\/www.europesays.com\/es\/wp-json\/wp\/v2\/users\/2"}],"replies":[{"embeddable":true,"href":"https:\/\/www.europesays.com\/es\/wp-json\/wp\/v2\/comments?post=232781"}],"version-history":[{"count":0,"href":"https:\/\/www.europesays.com\/es\/wp-json\/wp\/v2\/posts\/232781\/revisions"}],"wp:featuredmedia":[{"embeddable":true,"href":"https:\/\/www.europesays.com\/es\/wp-json\/wp\/v2\/media\/67008"}],"wp:attachment":[{"href":"https:\/\/www.europesays.com\/es\/wp-json\/wp\/v2\/media?parent=232781"}],"wp:term":[{"taxonomy":"category","embeddable":true,"href":"https:\/\/www.europesays.com\/es\/wp-json\/wp\/v2\/categories?post=232781"},{"taxonomy":"post_tag","embeddable":true,"href":"https:\/\/www.europesays.com\/es\/wp-json\/wp\/v2\/tags?post=232781"}],"curies":[{"name":"wp","href":"https:\/\/api.w.org\/{rel}","templated":true}]}}