{"id":232782,"date":"2025-11-12T23:54:20","date_gmt":"2025-11-12T23:54:20","guid":{"rendered":"https:\/\/www.europesays.com\/es\/232782\/"},"modified":"2025-11-12T23:54:20","modified_gmt":"2025-11-12T23:54:20","slug":"de-vlaeminck-no-ve-comparacion-entre-pogacar-y-merckx","status":"publish","type":"post","link":"https:\/\/www.europesays.com\/es\/232782\/","title":{"rendered":"De Vlaeminck no ve comparaci\u00f3n entre Pogacar y Merckx"},"content":{"rendered":"<p><img fetchpriority=\"high\" decoding=\"async\" class=\"aligncenter size-full wp-image-67398\" src=\"data:image\/svg+xml,%3Csvg%20xmlns=\" http:=\"\" alt=\"\" width=\"1025\" height=\"400\" data-lazy- data-lazy- data-lazy-src=\"https:\/\/www.europesays.com\/es\/wp-content\/uploads\/2025\/11\/anunci-generic-bla-1-1024x120-px-v3-02.jpg\"\/><\/p>\n<p>De Vlaeminck no ve comparaci\u00f3n entre Pogacar y Merckx<\/p>\n<p>C\u00f3mo me habr\u00eda gustado ver correr a Roger De Vlaeminck\u2026 aquel ciclista malhumorado, nadando en talento, ante un gigante como Eddy Merckx.<\/p>\n<p>El problema es que habla como pedaleaba.<\/p>\n<p><a class=\"wppaslink\" href=\"https:\/\/joanseguidor.com\/pas\/ccmm-valenciana\/44016\/0\" target=\"_blank\" rel=\"nofollow noopener\"><img decoding=\"async\" src=\"data:image\/svg+xml,%3Csvg%20xmlns=\" http:=\"\" alt=\"CCMM Valenciana\" border=\"0\" data-lazy-src=\"https:\/\/www.europesays.com\/es\/wp-content\/uploads\/2025\/11\/1762991658_235_tl-joanseguidorcom-1024x140-1.png\"\/><\/a><\/p>\n<p data-start=\"0\" data-end=\"386\">Igual que cuando Tom Boonen le igual\u00f3 el Roubaix, <strong>Roger De Vlaeminck, el \u201cGitano\u201d , ha vuelto a hablar sin filtros<\/strong>.<\/p>\n<p data-start=\"0\" data-end=\"386\">En una entrevista con Het Laatste Nieuws, el cuatro veces ganador de Roubaix y leyenda del ciclismo belga ha disparado contra los grandes nombres del pelot\u00f3n actual.<\/p>\n<p data-start=\"0\" data-end=\"386\">Y como siempre, lo ha hecho a su estilo: directo, orgulloso y con la mirada puesta en los a\u00f1os gloriosos del ciclismo de los setenta.<\/p>\n<p data-start=\"388\" data-end=\"814\">Para De Vlaeminck, <strong>comparar a Tadej Poga\u010dar con Eddy Merckx es poco menos que una herej\u00eda<\/strong>.<\/p>\n<p data-start=\"388\" data-end=\"814\">\u201c\u00a1Una locura! Poga\u010dar no ha tocado ni los dedos de los pies de Merckx\u201d, sentenci\u00f3.<\/p>\n<p data-start=\"388\" data-end=\"814\">El belga cree que el esloveno, pese a sus Tours, Giros y Monumentos, todav\u00eda no ha alcanzado la dimensi\u00f3n del \u201cCan\u00edbal\u201d, el corredor que devor\u00f3 todo en su tiempo.<\/p>\n<p data-start=\"388\" data-end=\"814\">Y es cierto, no lo ha igualado, pero el futuro no est\u00e1 escrito.<\/p>\n<p data-start=\"388\" data-end=\"814\">Seg\u00fan \u00e9l, el dominio de Merckx fue incomparable: m\u00e1s rivales, m\u00e1s dureza, m\u00e1s todo.<\/p>\n<p data-start=\"816\" data-end=\"1077\"><strong>De Vlaeminck incluso asegura que, con 22 a\u00f1os y en el pelot\u00f3n actual, Poga\u010dar no lo soltar\u00eda.<\/strong><\/p>\n<p data-start=\"816\" data-end=\"1077\">Recuerda con sorna su \u00faltima exhibici\u00f3n en Lombard\u00eda \u2014\u201cni siquiera era una subida dura\u201d\u2014 para remarcar que los tiempos han cambiado, y no precisamente para bien.<\/p>\n<p data-start=\"1079\" data-end=\"1402\"><strong>Tampoco se salva Remco Evenepoel, a quien califica de \u201carrogante\u201d<\/strong>.<\/p>\n<p data-start=\"1079\" data-end=\"1402\">Le reconoce talento, sobre todo en la contrarreloj, pero critica sus celebraciones: \u201cLevantar la bici al cruzar la meta\u2026 \u00bfhace falta eso? Nosotros levant\u00e1bamos la mano y bastaba\u201d.<\/p>\n<p data-start=\"1079\" data-end=\"1402\">Seg\u00fan el Gitano, al joven belga le vendr\u00eda bien una charla con Merckx.<\/p>\n<p data-start=\"1079\" data-end=\"1402\"><a href=\"https:\/\/www.turismodecastellon.com\/es\/que-hacer\/rutaCicloturismo\" rel=\"nofollow noopener\" target=\"_blank\"><img loading=\"lazy\" decoding=\"async\" class=\"aligncenter wp-image-66569 size-medium\" src=\"data:image\/svg+xml,%3Csvg%20xmlns=\" http:=\"\" alt=\"\" width=\"300\" height=\"293\" data-lazy- data-lazy- data-lazy-src=\"https:\/\/www.europesays.com\/es\/wp-content\/uploads\/2025\/10\/bn-castellon-cycling-1024x1000-3-300x293.gif\"\/><\/a><\/p>\n<p data-start=\"1404\" data-end=\"1584\"><strong>Ni Mathieu van der Poel escapa a su bistur\u00ed<\/strong>.<\/p>\n<p data-start=\"1404\" data-end=\"1584\">\u201cGran corredor, s\u00ed, pero no sabe contra el crono, no escala, no es sprinter\u2026 yo hac\u00eda todo eso\u201d, dice, fiel a su ego competitivo.<\/p>\n<p data-start=\"1586\" data-end=\"1816\">Mientras tanto, <strong>el propio Merckx, m\u00e1s sereno, pone las cosas en contexto<\/strong>: Poga\u010dar es enorme, pero corre en otra \u00e9poca, con menos oposici\u00f3n.<\/p>\n<p data-start=\"1586\" data-end=\"1816\">Aun as\u00ed, el \u201cCan\u00edbal\u201d cree que el esloveno puede superar las cinco victorias en el Tour.<\/p>\n<p data-start=\"1818\" data-end=\"2006\">De Vlaeminck, en cambio, sigue mirando el presente con el filtro del pasado.<\/p>\n<p data-start=\"1818\" data-end=\"2006\">Y quiz\u00e1 por eso, cada vez que habla, parece que pedalea otra vez en blanco y negro.<\/p>\n<p data-start=\"1818\" data-end=\"2006\"><strong><a href=\"https:\/\/terresdelebre.travel\/cycling\/es\/deportivo\" target=\"_blank\" rel=\"noopener nofollow\"><img loading=\"lazy\" decoding=\"async\" class=\"aligncenter\" src=\"data:image\/svg+xml,%3Csvg%20xmlns=\" http:=\"\" alt=\"\" width=\"1024\" height=\"400\" data-lazy-src=\"https:\/\/www.europesays.com\/es\/wp-content\/uploads\/2025\/10\/1024x400-cicloturisme-joanseguidor.jpg\"\/><\/a><\/strong><\/p>\n","protected":false},"excerpt":{"rendered":"De Vlaeminck no ve comparaci\u00f3n entre Pogacar y Merckx C\u00f3mo me habr\u00eda gustado ver correr a Roger De&hellip;\n","protected":false},"author":2,"featured_media":232783,"comment_status":"","ping_status":"","sticky":false,"template":"","format":"standard","meta":{"footnotes":""},"categories":[273],"tags":[313,312,168,25,24,2548,60716,23,167],"class_list":{"0":"post-232782","1":"post","2":"type-post","3":"status-publish","4":"format-standard","5":"has-post-thumbnail","7":"category-ciclismo","8":"tag-ciclismo","9":"tag-cycling","10":"tag-deportes","11":"tag-es","12":"tag-espana","13":"tag-featured","14":"tag-roger-de-vlaeminck","15":"tag-spain","16":"tag-sports"},"share_on_mastodon":{"url":"https:\/\/pubeurope.com\/@es\/115539428220685575","error":""},"_links":{"self":[{"href":"https:\/\/www.europesays.com\/es\/wp-json\/wp\/v2\/posts\/232782","targetHints":{"allow":["GET"]}}],"collection":[{"href":"https:\/\/www.europesays.com\/es\/wp-json\/wp\/v2\/posts"}],"about":[{"href":"https:\/\/www.europesays.com\/es\/wp-json\/wp\/v2\/types\/post"}],"author":[{"embeddable":true,"href":"https:\/\/www.europesays.com\/es\/wp-json\/wp\/v2\/users\/2"}],"replies":[{"embeddable":true,"href":"https:\/\/www.europesays.com\/es\/wp-json\/wp\/v2\/comments?post=232782"}],"version-history":[{"count":0,"href":"https:\/\/www.europesays.com\/es\/wp-json\/wp\/v2\/posts\/232782\/revisions"}],"wp:featuredmedia":[{"embeddable":true,"href":"https:\/\/www.europesays.com\/es\/wp-json\/wp\/v2\/media\/232783"}],"wp:attachment":[{"href":"https:\/\/www.europesays.com\/es\/wp-json\/wp\/v2\/media?parent=232782"}],"wp:term":[{"taxonomy":"category","embeddable":true,"href":"https:\/\/www.europesays.com\/es\/wp-json\/wp\/v2\/categories?post=232782"},{"taxonomy":"post_tag","embeddable":true,"href":"https:\/\/www.europesays.com\/es\/wp-json\/wp\/v2\/tags?post=232782"}],"curies":[{"name":"wp","href":"https:\/\/api.w.org\/{rel}","templated":true}]}}