{"id":232794,"date":"2025-11-13T00:02:09","date_gmt":"2025-11-13T00:02:09","guid":{"rendered":"https:\/\/www.europesays.com\/es\/232794\/"},"modified":"2025-11-13T00:02:09","modified_gmt":"2025-11-13T00:02:09","slug":"meghan-trainor-estrena-single-rosa-y-anuncia-toy-with-me","status":"publish","type":"post","link":"https:\/\/www.europesays.com\/es\/232794\/","title":{"rendered":"Meghan Trainor estrena single rosa y anuncia &#8216;Toy With Me&#8217;"},"content":{"rendered":"<p>Meghan Trainor estrena hoy un sencillo llamado \u2018Still Don\u2019t Care\u2019, como adelanto de su s\u00e9ptimo \u00e1lbum de estudio. \u2018Toy With Me\u2019 llegar\u00e1 el 24 de abril de 2026 a trav\u00e9s de Epic Records. Al mismo tiempo, se anuncia una gira que empezar\u00e1 en junio de 2026 y recorrer\u00e1 m\u00e1s de 30 ciudades estadounidenses, incluyendo paradas en recintos tan populares como el Madison Square Garden en Nueva York y el Kia Forum en Los \u00c1ngeles.<\/p>\n<p>La gira contar\u00e1 con la participaci\u00f3n especial de Icona Pop y destinar\u00e1 parte de sus beneficios a The Trevor Project, organizaci\u00f3n dedicada a la prevenci\u00f3n del suicidio entre j\u00f3venes LGBTQ+.<\/p>\n<p>Lo creas o no, Sony anuncia este \u00e1lbum como \u00absu trabajo m\u00e1s honesto y valiente hasta la fecha\u00bb, as\u00ed como una obra para celebrar \u00abla confianza y la libertad personal\u00bb desde un espacio pop. El primer adelanto, con la co-producci\u00f3n y co-autor\u00eda de Steve Mac, reincide en la faceta m\u00e1s rosa de la artista.<\/p>\n","protected":false},"excerpt":{"rendered":"Meghan Trainor estrena hoy un sencillo llamado \u2018Still Don\u2019t Care\u2019, como adelanto de su s\u00e9ptimo \u00e1lbum de estudio.&hellip;\n","protected":false},"author":2,"featured_media":232795,"comment_status":"","ping_status":"","sticky":false,"template":"","format":"standard","meta":{"footnotes":""},"categories":[170],"tags":[146,147,25,24,60717,184,185,23],"class_list":{"0":"post-232794","1":"post","2":"type-post","3":"status-publish","4":"format-standard","5":"has-post-thumbnail","7":"category-musica","8":"tag-entertainment","9":"tag-entretenimiento","10":"tag-es","11":"tag-espana","12":"tag-meghan-trainor","13":"tag-music","14":"tag-musica","15":"tag-spain"},"share_on_mastodon":{"url":"https:\/\/pubeurope.com\/@es\/115539459697436286","error":""},"_links":{"self":[{"href":"https:\/\/www.europesays.com\/es\/wp-json\/wp\/v2\/posts\/232794","targetHints":{"allow":["GET"]}}],"collection":[{"href":"https:\/\/www.europesays.com\/es\/wp-json\/wp\/v2\/posts"}],"about":[{"href":"https:\/\/www.europesays.com\/es\/wp-json\/wp\/v2\/types\/post"}],"author":[{"embeddable":true,"href":"https:\/\/www.europesays.com\/es\/wp-json\/wp\/v2\/users\/2"}],"replies":[{"embeddable":true,"href":"https:\/\/www.europesays.com\/es\/wp-json\/wp\/v2\/comments?post=232794"}],"version-history":[{"count":0,"href":"https:\/\/www.europesays.com\/es\/wp-json\/wp\/v2\/posts\/232794\/revisions"}],"wp:featuredmedia":[{"embeddable":true,"href":"https:\/\/www.europesays.com\/es\/wp-json\/wp\/v2\/media\/232795"}],"wp:attachment":[{"href":"https:\/\/www.europesays.com\/es\/wp-json\/wp\/v2\/media?parent=232794"}],"wp:term":[{"taxonomy":"category","embeddable":true,"href":"https:\/\/www.europesays.com\/es\/wp-json\/wp\/v2\/categories?post=232794"},{"taxonomy":"post_tag","embeddable":true,"href":"https:\/\/www.europesays.com\/es\/wp-json\/wp\/v2\/tags?post=232794"}],"curies":[{"name":"wp","href":"https:\/\/api.w.org\/{rel}","templated":true}]}}