{"id":232832,"date":"2025-11-13T00:34:09","date_gmt":"2025-11-13T00:34:09","guid":{"rendered":"https:\/\/www.europesays.com\/es\/232832\/"},"modified":"2025-11-13T00:34:09","modified_gmt":"2025-11-13T00:34:09","slug":"la-reina-sofia-inaugura-en-nueva-york-una-placa-en-honor-al-primer-embajador-espanol-en-ee-uu","status":"publish","type":"post","link":"https:\/\/www.europesays.com\/es\/232832\/","title":{"rendered":"La Reina Sof\u00eda inaugura en Nueva York una placa en honor al primer embajador espa\u00f1ol en EE.UU."},"content":{"rendered":"<p style=\"\">La <a href=\"https:\/\/www.abc.es\/noticias\/sofia-de-grecia\/\" title=\"www.abc.es\" data-voc-vtm-id=\"in-text-traffic\" data-mrf-link=\"www.abc.es\" rel=\"nofollow noopener\" target=\"_blank\">Reina Sof\u00eda<\/a> ha visitado Nueva York para asistir a la inauguraci\u00f3n de una placa conmemorativa dedicada a Diego de Gardoqui, primer embajador espa\u00f1ol en Estados Unidos. El diplom\u00e1tico bilba\u00edno es considerado una figura esencial en el apoyo de Espa\u00f1a a la independencia estadounidense. <\/p>\n<p class=\"voc-p\" style=\"\">De Gardoqui coloc\u00f3 en 1785 la <strong>primera piedra<\/strong> de la St. Peter&#8217;s Church, la primera parroquia cat\u00f3lica de Nueva York. El acto, promovido por Iberdrola en colaboraci\u00f3n con el Queen Sof\u00eda Spanish Institute (QSSI), conmemora el 240\u00ba aniversario de este hito, que coincide con su <strong>nacimiento y fallecimiento<\/strong>. <\/p>\n<p class=\"voc-p\" style=\"\">\u00abUn s\u00edmbolo de la amistad duradera entre Espa\u00f1a y Estados Unidos\u00bb. As\u00ed ha definido a Diego de Gardoqui el consejero delegado de Avangrid (filial de Iberdrola en EE.UU.), Jos\u00e9 Antonio Miranda, que ha se\u00f1alado que el diplom\u00e1tico espa\u00f1ol es una <strong>\u00abinspiraci\u00f3n\u00bb<\/strong> para \u00e9l y para su compa\u00f1\u00eda por su \u00abvisi\u00f3n, valent\u00eda y esp\u00edritu de cooperaci\u00f3n\u00bb. <\/p>\n<p class=\"voc-p\" style=\"\">El acto se enmarca en la iniciativa &#8216;Desvelando Memorias&#8217; de Iberdrola en el pa\u00eds, as\u00ed como en la America&amp;Spain250 del QSSI, que buscan rememorar la participaci\u00f3n y la contribuci\u00f3n de Espa\u00f1a y los hispanos a la independencia de EE.UU. con motivo del 250\u00ba aniversario, que se celebrar\u00e1 en 2026.<\/p>\n<p class=\"voc-p\" style=\"\">\u00abTambi\u00e9n queremos recordar a todos aquellos que, hace tanto tiempo, contribuyeron con sus donaciones a la construcci\u00f3n de la iglesia, entre ellos los neoyorquinos e hispanos de su \u00e9poca, el obispo Lizana de M\u00e9xico y el Rey Carlos III\u00bb, ha remarcado la presidenta del QSSI, Bego\u00f1a Santos. <\/p>\n","protected":false},"excerpt":{"rendered":"La Reina Sof\u00eda ha visitado Nueva York para asistir a la inauguraci\u00f3n de una placa conmemorativa dedicada a&hellip;\n","protected":false},"author":2,"featured_media":232833,"comment_status":"","ping_status":"","sticky":false,"template":"","format":"standard","meta":{"footnotes":""},"categories":[91],"tags":[115,8418,146,147,25,24,1489,9228,4520,795,9002,977,10717,11647,23,5867],"class_list":{"0":"post-232832","1":"post","2":"type-post","3":"status-publish","4":"format-standard","5":"has-post-thumbnail","7":"category-entretenimiento","8":"tag-eeuu","9":"tag-embajador","10":"tag-entertainment","11":"tag-entretenimiento","12":"tag-es","13":"tag-espana","14":"tag-espanol","15":"tag-honor","16":"tag-inaugura","17":"tag-nueva","18":"tag-placa","19":"tag-primer","20":"tag-reina","21":"tag-sofia","22":"tag-spain","23":"tag-york"},"share_on_mastodon":{"url":"https:\/\/pubeurope.com\/@es\/115539585573002362","error":""},"_links":{"self":[{"href":"https:\/\/www.europesays.com\/es\/wp-json\/wp\/v2\/posts\/232832","targetHints":{"allow":["GET"]}}],"collection":[{"href":"https:\/\/www.europesays.com\/es\/wp-json\/wp\/v2\/posts"}],"about":[{"href":"https:\/\/www.europesays.com\/es\/wp-json\/wp\/v2\/types\/post"}],"author":[{"embeddable":true,"href":"https:\/\/www.europesays.com\/es\/wp-json\/wp\/v2\/users\/2"}],"replies":[{"embeddable":true,"href":"https:\/\/www.europesays.com\/es\/wp-json\/wp\/v2\/comments?post=232832"}],"version-history":[{"count":0,"href":"https:\/\/www.europesays.com\/es\/wp-json\/wp\/v2\/posts\/232832\/revisions"}],"wp:featuredmedia":[{"embeddable":true,"href":"https:\/\/www.europesays.com\/es\/wp-json\/wp\/v2\/media\/232833"}],"wp:attachment":[{"href":"https:\/\/www.europesays.com\/es\/wp-json\/wp\/v2\/media?parent=232832"}],"wp:term":[{"taxonomy":"category","embeddable":true,"href":"https:\/\/www.europesays.com\/es\/wp-json\/wp\/v2\/categories?post=232832"},{"taxonomy":"post_tag","embeddable":true,"href":"https:\/\/www.europesays.com\/es\/wp-json\/wp\/v2\/tags?post=232832"}],"curies":[{"name":"wp","href":"https:\/\/api.w.org\/{rel}","templated":true}]}}