{"id":232846,"date":"2025-11-13T00:50:19","date_gmt":"2025-11-13T00:50:19","guid":{"rendered":"https:\/\/www.europesays.com\/es\/232846\/"},"modified":"2025-11-13T00:50:19","modified_gmt":"2025-11-13T00:50:19","slug":"el-pamplones-ekai-morras-se-incorpora-al-equipo-finisher-para-2026","status":"publish","type":"post","link":"https:\/\/www.europesays.com\/es\/232846\/","title":{"rendered":"El pamplon\u00e9s Ekai Morras se incorpora al equipo Finisher para 2026"},"content":{"rendered":"<p class=\"paragraph\">El\u00a0<b><b>equipo Finisher<\/b><\/b>\u00a0contin\u00faa conformando su plantilla para la pr\u00f3xima temporada y suma<b> tres incorporaciones<\/b> de cara al 2026. El ciclista pamplon\u00e9s\u00a0<b><b>Ekai Morras<\/b><\/b>\u00a0y los juveniles\u00a0<b><b>Mario Cordero<\/b><\/b>\u00a0y\u00a0<b><b>Mikel Sanz<\/b><\/b>\u00a0se unen a la estructura navarra para \u00abaportar su ilusi\u00f3n, capacidad y trabajo al equipo\u00bb, seg\u00fan ha informado el equipo en un comunicado.<\/p>\n<p class=\"paragraph\">\u201cSon tres ciclistas de perfil diferente que llegan con gran ilusi\u00f3n al equipo\u201d, analiza\u00a0<b><b>Ander<\/b><\/b>\u00a0<b><b>Altuna<\/b><\/b>, director deportivo del\u00a0Equipo Finisher.\u00a0\u201cMario\u00a0y\u00a0Mikel\u00a0vienen de ser dos de los juveniles punteros del panorama nacional, destacados con la selecci\u00f3n y con una gran proyecci\u00f3n para dar el salto a sub23.\u00a0Ekai, por su parte, aportar\u00e1 gran experiencia para ser referencia como uno de los ciclistas m\u00e1s consolidados en la categor\u00eda\u201d, explica.<\/p>\n<p class=\"paragraph\"><b><b>Ekai Morras<\/b><\/b>\u00a0(Pamplona, 2004) llega\u00a0para disputar su <b>cuarto a\u00f1o como sub23<\/b>. El navarro ha protagonizado un crecimiento progresivo y sostenido en su rendimiento durante su paso por la categor\u00eda. La pasada temporada mostr\u00f3 una remarcable solidez, con <b>grandes actuaciones<\/b> en la\u00a0<b><b>Vuelta a Salamanca<\/b><\/b>, la\u00a0<b><b>Vuelta a Castilla-La Mancha<\/b><\/b>\u00a0y la\u00a0<b><b>Vuelta a Zamora<\/b><\/b>\u00a0con el\u00a0<b><b>Telcom-On Clima-Os\u00e9s<\/b><\/b>.<\/p>\n<p class=\"paragraph\"><b>\u201cTengo muchas ganas de competir ya<\/b> con el<b>\u00a0Equipo Finisher<\/b>, disfrutar la temporada y ayudar en todo lo que se pueda. Quiero intentar dar un paso m\u00e1s como persona y como ciclista y aprender mucho tanto de los directores como de mis nuevos compa\u00f1eros\u201d,\u00a0ha comentado el ciclista navarro.<\/p>\n<p class=\"paragraph\"><b><b>Mario Cordero<\/b><\/b>\u00a0(Co\u00edn, 2007) ha se\u00f1alado por su parte que est\u00e1 \u201cmuy contento de llegar a uno de los mejores equipos sub23<b style=\"font-style: italic;\">\u201d<\/b>. El malague\u00f1o ha brillado en la categor\u00eda j\u00fanior, destacando sobre todo en rondas por etapas con sus victorias en la\u00a0Volta ao Concelho de Loul\u00e9\u00a0y la\u00a0Vuelta a los Valles C\u00e1ntabros, adem\u00e1s de sus grandes actuaciones en\u00a0Bizkaiko Itzulia\u00a0-con triunfo parcial-,\u00a0Vuelta a Cantabria\u00a0y\u00a0Vuelta a la Subb\u00e9tica\u00a0compitiendo con el\u00a0ElectroMercantil \u2013 Gr100.<\/p>\n<p class=\"paragraph\"><b>Podio en el<\/b>\u00a0<b><b>campeonato de Espa\u00f1a<\/b><\/b>, <b>ya tuvo tambi\u00e9n la oportunidad de probar en sub23 y mostrar su buen nivel con el maillot del\u00a0<b>Equipo Finisher<\/b><\/b>\u00a0a final de temporada.\u00a0\u201cEste a\u00f1o espero poder ayudar al equipo en todo lo que se necesite, aprender de esta categor\u00eda y aprovechar cada oportunidad que tenga por delante. Me siento muy ilusionado por seguir dando pasos hacia ese sue\u00f1o que es ser ciclista profesional\u201d,\u00a0destaca\u00a0Mario.<\/p>\n<p class=\"paragraph\"><b>Tambi\u00e9n debutar\u00e1<\/b>\u00a0<b><b>Mikel Sanz<\/b><\/b>\u00a0(Bilbao, 2007) en la categor\u00eda sub23. El vizca\u00edno llega despu\u00e9s de cuajar una s\u00f3lida segunda temporada como juvenil con el\u00a0MMR\u00a0en la que solo se le resisti\u00f3 el triunfo. Ha destacado tanto en carreras de un d\u00eda (tres podios y seis Top-5) como en las generales de la\u00a0Vuelta a los Valles C\u00e1ntabros, la\u00a0Vuelta a la Monta\u00f1a Central, la\u00a0Vuelta al Besaya, la\u00a0Vuelta a Cantabria\u00a0y la\u00a0Vuelta a la Subb\u00e9tica, donde fue segundo y mejor escalador.<\/p>\n<p class=\"paragraph\">\u201cEstoy muy ilusionado de poder correr en un equipo con una gran estructura como es el\u00a0Equipo Finisher\u201d,\u00a0explica\u00a0Mikel.\u00a0\u201cEn este primer a\u00f1o me gustar\u00eda ser capaz de verme con los mejores en alguna carrera, pero, sobre todo, de poder ayudar al equipo en todo lo posible\u201d, concluye.<\/p>\n","protected":false},"excerpt":{"rendered":"El\u00a0equipo Finisher\u00a0contin\u00faa conformando su plantilla para la pr\u00f3xima temporada y suma tres incorporaciones de cara al 2026. El&hellip;\n","protected":false},"author":2,"featured_media":232847,"comment_status":"","ping_status":"","sticky":false,"template":"","format":"standard","meta":{"footnotes":""},"categories":[273],"tags":[313,312,168,60732,622,25,24,1263,60733,60731,23,167],"class_list":{"0":"post-232846","1":"post","2":"type-post","3":"status-publish","4":"format-standard","5":"has-post-thumbnail","7":"category-ciclismo","8":"tag-ciclismo","9":"tag-cycling","10":"tag-deportes","11":"tag-ekai","12":"tag-equipo","13":"tag-es","14":"tag-espana","15":"tag-incorpora","16":"tag-morras","17":"tag-pamplones","18":"tag-spain","19":"tag-sports"},"share_on_mastodon":{"url":"https:\/\/pubeurope.com\/@es\/115539648360359814","error":""},"_links":{"self":[{"href":"https:\/\/www.europesays.com\/es\/wp-json\/wp\/v2\/posts\/232846","targetHints":{"allow":["GET"]}}],"collection":[{"href":"https:\/\/www.europesays.com\/es\/wp-json\/wp\/v2\/posts"}],"about":[{"href":"https:\/\/www.europesays.com\/es\/wp-json\/wp\/v2\/types\/post"}],"author":[{"embeddable":true,"href":"https:\/\/www.europesays.com\/es\/wp-json\/wp\/v2\/users\/2"}],"replies":[{"embeddable":true,"href":"https:\/\/www.europesays.com\/es\/wp-json\/wp\/v2\/comments?post=232846"}],"version-history":[{"count":0,"href":"https:\/\/www.europesays.com\/es\/wp-json\/wp\/v2\/posts\/232846\/revisions"}],"wp:featuredmedia":[{"embeddable":true,"href":"https:\/\/www.europesays.com\/es\/wp-json\/wp\/v2\/media\/232847"}],"wp:attachment":[{"href":"https:\/\/www.europesays.com\/es\/wp-json\/wp\/v2\/media?parent=232846"}],"wp:term":[{"taxonomy":"category","embeddable":true,"href":"https:\/\/www.europesays.com\/es\/wp-json\/wp\/v2\/categories?post=232846"},{"taxonomy":"post_tag","embeddable":true,"href":"https:\/\/www.europesays.com\/es\/wp-json\/wp\/v2\/tags?post=232846"}],"curies":[{"name":"wp","href":"https:\/\/api.w.org\/{rel}","templated":true}]}}