{"id":232874,"date":"2025-11-13T01:07:12","date_gmt":"2025-11-13T01:07:12","guid":{"rendered":"https:\/\/www.europesays.com\/es\/232874\/"},"modified":"2025-11-13T01:07:12","modified_gmt":"2025-11-13T01:07:12","slug":"ocho-de-cada-diez-personas-llegadas-a-espana-a-lo-largo-de-este-siglo-se-han-incorporado-a-la-poblacion-activa","status":"publish","type":"post","link":"https:\/\/www.europesays.com\/es\/232874\/","title":{"rendered":"Ocho de cada diez personas llegadas a Espa\u00f1a a lo largo de este siglo se han incorporado a la poblaci\u00f3n activa"},"content":{"rendered":"<p class=\"main-image\">&#13; <img decoding=\"async\" alt=\"La ministra de Inclusi\u00f3n, Seguridad Social y Migraciones, Elma Saiz, junto al presidente del Consejo Econ\u00f3mico y Social (CES)\" title=\"La ministra de Inclusi\u00f3n, Seguridad Social y Migraciones, Elma Saiz, junto al presidente del Consejo Econ\u00f3mico y Social (CES)\" src=\"https:\/\/www.europesays.com\/es\/wp-content\/uploads\/2025\/11\/121125-elma-saiz.jpg\"\/>&#13;La ministra de Inclusi\u00f3n, Seguridad Social y Migraciones, Elma Saiz, junto al presidente del Consejo Econ\u00f3mico y Social (CES), Ant\u00f3n Costas&#13;&#13;<\/p>\n<p>Ocho de cada diez personas llegadas a Espa\u00f1a a lo largo de este siglo se han incorporado a la poblaci\u00f3n activa, seg\u00fan el Informe sobre la Realidad Migratoria en Espa\u00f1a: Prioridades para las pol\u00edticas p\u00fablicas, elaborado por el Consejo Econ\u00f3mico y Social (CES) y entregado por su presidente, Ant\u00f3n Costas, a la ministra de Inclusi\u00f3n, Seguridad Social y Migraciones, Elma Saiz.<\/p>\n<p>El documento, encargado por el Gobierno a principios de a\u00f1o, analiza el papel estructural de la migraci\u00f3n en el desarrollo demogr\u00e1fico, econ\u00f3mico y social del pa\u00eds, y servir\u00e1 de referencia para reforzar una pol\u00edtica migratoria integral, ordenada, humanitaria y con perspectiva de g\u00e9nero.<\/p>\n<p>El estudio se\u00f1ala que Espa\u00f1a necesitar\u00e1 incorporar 2,4 millones de personas al mercado laboral en los pr\u00f3ximos diez a\u00f1os para mantener su nivel productivo, y que las personas migrantes ser\u00e1n esenciales para cubrir esa demanda, debido al previsible descenso de la poblaci\u00f3n aut\u00f3ctona en edad de trabajar.<\/p>\n<p>\u00abEl modelo migratorio espa\u00f1ol genera prosperidad compartida, y no lo decimos solo nosotros: nuestra pol\u00edtica migratoria es reconocida en Europa, y fuera de ella, como ejemplo de equilibrio, eficacia y humanidad y parte de ese \u00e9xito radica en una convicci\u00f3n: las pol\u00edticas p\u00fablicas deben basarse en el conocimiento\u00bb, ha se\u00f1alado Saiz.<\/p>\n<p>Por su parte, Ant\u00f3n Costas ha destacado que \u00abdesde 2019, el ciclo inmigratorio en Espa\u00f1a ha entrado en una fase m\u00e1s madura. Despu\u00e9s del pico alcanzado en 2024, el ritmo de crecimiento se ha moderado en 2025 y tiende a reducirse. Los impactos de la inmigraci\u00f3n sobre el crecimiento, el empleo, la productividad y la demograf\u00eda est\u00e1n siendo muy positivos, favorecidos por las reformas del Reglamento de Extranjer\u00eda de 2022 y 2024.\u00bb<\/p>\n<p>El presidente del CES ha a\u00f1adido que \u00absin embargo, la percepci\u00f3n p\u00fablica sobre la inmigraci\u00f3n ha empeorado, posiblemente por la concentraci\u00f3n en algunos espacios y la insuficiente cooperaci\u00f3n interadministrativa en la gesti\u00f3n de los flujos de inmigraci\u00f3n irregular.\u00bb En este sentido, Costas ha se\u00f1alado tres actuaciones necesarias \u00abpara mantener los impactos positivos y mejorar la percepci\u00f3n p\u00fablica: una mayor coordinaci\u00f3n entre administraciones, y una mejor integraci\u00f3n social de las mujeres migrantes y de la infancia y juventud, sea cual sea su nacionalidad de origen.\u00bb<\/p>\n<p>Migraci\u00f3n, empleo y sostenibilidad<\/p>\n<p>El informe del CES confirma que la poblaci\u00f3n migrante representa ya una quinta parte de la poblaci\u00f3n residente en Espa\u00f1a y resulta esencial para sostener el crecimiento econ\u00f3mico, el empleo y las pensiones.<\/p>\n<p>Seg\u00fan los \u00faltimos datos de la Seguridad Social, los trabajadores extranjeros suponen ya el 7,4% del total de afiliados en Asturias, el 10,4% en Castilla y Le\u00f3n y el 7,1% en Galicia, reflejando su papel clave en la sostenibilidad de los territorios con mayor reto demogr\u00e1fico.<\/p>\n<p>En total, m\u00e1s de 3,1 millones de personas extranjeras trabajan actualmente en Espa\u00f1a, un mill\u00f3n m\u00e1s que en 2018, lo que demuestra la solidez de su aportaci\u00f3n al mercado laboral. Las mujeres representan ya el 43% del total de trabajadores for\u00e1neos, con 1.335.794 afiliadas.<\/p>\n<p>Espa\u00f1a ha demostrado que crecimiento, empleo e integraci\u00f3n van de la mano. En este sentido, la ministra ha se\u00f1alado que la integraci\u00f3n es la clave para que la migraci\u00f3n \u00absea una historia de \u00e9xito, personal y colectiva, y para integrarse -ha destacado- es fundamental tener una situaci\u00f3n administrativa regular\u00bb.<\/p>\n<p>Los datos de afiliaci\u00f3n a la Seguridad Social revelan que el empleo funciona como palanca de integraci\u00f3n. La presencia de personas de otros pa\u00edses en nuestro mercado laboral crece mes a mes:<\/p>\n<ul>\n<li>El empleo extranjero en R\u00e9gimen General ha crecido un 7,3% en el \u00faltimo a\u00f1o.<\/li>\n<li>Los aut\u00f3nomos extranjeros alcanzan ya 494.246 personas, m\u00e1ximo hist\u00f3rico (+6,6%).<\/li>\n<li>Los empleos de alta cualificaci\u00f3n han crecido un 27% en Informaci\u00f3n y Comunicaciones y un 18,8% en profesiones cient\u00edficas y t\u00e9cnicas.<\/li>\n<li>Hoy hay un mill\u00f3n m\u00e1s de cotizantes extranjeros que en 2018; de hecho, tres de cada cuatro nuevos empleos creados desde 2019 han sido ocupados por personas migrantes.<\/li>\n<\/ul>\n<p>Avances en regularizaci\u00f3n e integraci\u00f3n<\/p>\n<p>La ministra ha recordado los avances logrados con la reforma del Reglamento de Extranjer\u00eda, que ha permitido que m\u00e1s de 640.000 personas han salido de la irregularidad desde 2022 gracias a los nuevos arraigos.<\/p>\n<p>Actualmente, m\u00e1s de 352.000 personas extranjeras cuenten con una autorizaci\u00f3n de residencia por arraigo en vigor, un 23% m\u00e1s que hace un a\u00f1o. Estas personas representan ya el 10% del total de residentes en r\u00e9gimen de extranjer\u00eda, frente al 2% de 2021, lo que supone un aumento del 525% en cuatro a\u00f1os.<\/p>\n<p>Su contribuci\u00f3n no se limita al \u00e1mbito econ\u00f3mico, tambi\u00e9n suponen el rejuvenecimiento demogr\u00e1fico: hoy, uno de cada tres nacimientos en Espa\u00f1a es de madre migrante, \u00abestos ni\u00f1os y ni\u00f1as son los espa\u00f1oles del ma\u00f1ana\u00bb, ha destacado Saiz.<\/p>\n<p>Adem\u00e1s, el informe destaca que la inmigraci\u00f3n en Espa\u00f1a, e car\u00e1cter relativamente reciente, eminentemente laboral y con un perfil de edad joven, ha tenido un impacto positivo en las cuentas p\u00fablicas, con un saldo fiscal favorable del 0,54% del PIB entre 2014 y 2018, seg\u00fan la OCDE. Antes de la pandemia, asegura el CES, contribuy\u00f3 a reforzar el Estado del Bienestar gracias al aumento de la oferta laboral en los cuidados, y tras ella, su aportaci\u00f3n se ha extendido a sectores como el comercio, la hosteler\u00eda y el transporte.<\/p>\n<p>Perspectiva de g\u00e9nero en las migraciones<\/p>\n<p>La Seguridad Social confirma el creciente papel de las mujeres migrantes en el mercado laboral espa\u00f1ol, donde ya suponen el 43,2% del total de personas afiliadas. M\u00e1s de la mitad de la poblaci\u00f3n migrante en Espa\u00f1a son mujeres que enfrentan una doble vulnerabilidad por raz\u00f3n de g\u00e9nero y origen: exclusi\u00f3n laboral, pobreza, violencia de g\u00e9nero o falta de redes de apoyo.<\/p>\n<p>A trav\u00e9s de la Secretar\u00eda General de Migraciones, el Ministerio de Inclusi\u00f3n dispone de 275 plazas especializadas para la atenci\u00f3n de mujeres y ni\u00f1as migrantes v\u00edctimas de violencia de g\u00e9nero, trata o problemas de salud mental. Adem\u00e1s, impulsa programas de migraci\u00f3n circular como Wafira, protagonizado por mujeres marroqu\u00edes que, adem\u00e1s de trabajar, se forman en la gesti\u00f3n de peque\u00f1os negocios. En 2025, se prev\u00e9 la participaci\u00f3n de 3.000 personas en este programa.<\/p>\n<p>Pacto de Estado y cooperaci\u00f3n internacional<\/p>\n<p>El CES propone alcanzar un Pacto de Estado por la convivencia, que garantice la continuidad y coherencia de las pol\u00edticas migratorias m\u00e1s all\u00e1 de los ciclos pol\u00edticos. Este pacto promover\u00eda una sociedad inclusiva, basada en la diversidad, la igualdad de derechos y la convivencia intercultural, en el marco de los valores del modelo social europeo.<\/p>\n<p>Asimismo, el informe pone en valor la Gesti\u00f3n Colectiva de Contrataciones en Origen (GECCO), que regula la llegada de trabajadores temporales desde pa\u00edses de origen. Espa\u00f1a mantiene acuerdos en materia de flujos migratorios laborales con Colombia, Ecuador, Marruecos, Mauritania, Ucrania, Honduras, Rep\u00fablica Dominicana y Guatemala, entre otros. Estos programas de migraci\u00f3n circular refuerzan la cooperaci\u00f3n internacional y permiten responder a las necesidades del mercado laboral garantizando la movilidad segura y la protecci\u00f3n de los derechos de las personas trabajadoras.<\/p>\n<p>\u00abLas recomendaciones del CES refuerzan nuestra hoja de ruta: una migraci\u00f3n regular, ordenada y segura, con empleo digno, derechos garantizados y convivencia basada en la igualdad y la diversidad\u00bb, ha concluido la ministra.<\/p>\n<p>Compromiso con la informaci\u00f3n veraz<\/p>\n<p>El CES subraya en su informe la necesidad de fortalecer la informaci\u00f3n estad\u00edstica y contrastada sobre la realidad migratoria, para evitar la propagaci\u00f3n de bulos y percepciones distorsionadas y garantizar que las pol\u00edticas p\u00fablicas se basen en datos rigurosos y verificables.<\/p>\n<p>La ministra Saiz ha destacado que el informe responde a una convicci\u00f3n esencial: \u00abNo basta con desmentir bulos, debemos reivindicar la verdad: hoy, miles de personas construyen su vida en Espa\u00f1a y hacen que este pa\u00eds sea m\u00e1s justo, m\u00e1s diverso y m\u00e1s fuerte\u00bb.<\/p>\n<p>En este sentido, el Ministerio trabaja para fortalecer la confianza social a trav\u00e9s de la transparencia y la informaci\u00f3n basada en evidencias. Espa\u00f1a dispone de un ecosistema estad\u00edstico p\u00fablico robusto, con el Observatorio Permanente de la Inmigraci\u00f3n (OPI) y el Observatorio Espa\u00f1ol del Racismo y la Xenofobia (OBERAXE) como referentes para elaborar pol\u00edticas sustentadas en datos reales y verificables. El OPI ha incrementado la frecuencia de sus operaciones estad\u00edsticas, pasando de semestrales a trimestrales, y act\u00faa como centro de referencia nacional para el an\u00e1lisis de los flujos migratorios.<\/p>\n<p>En paralelo, el Ministerio combate activamente los discursos de odio en redes sociales a trav\u00e9s del OBERAXE y su sistema de inteligencia artificial FARO, que ha detectado m\u00e1s de 600.000 mensajes racistas y xen\u00f3fobos en lo que va de a\u00f1o. En colaboraci\u00f3n con plataformas como X, Meta, YouTube, Instagram y TikTok, se trabaja para lograr la eliminaci\u00f3n r\u00e1pida de estos contenidos.<\/p>\n","protected":false},"excerpt":{"rendered":"&#13; &#13;La ministra de Inclusi\u00f3n, Seguridad Social y Migraciones, Elma Saiz, junto al presidente del Consejo Econ\u00f3mico y&hellip;\n","protected":false},"author":2,"featured_media":232875,"comment_status":"","ping_status":"","sticky":false,"template":"","format":"standard","meta":{"footnotes":""},"categories":[5],"tags":[517,17,18,25,24,13,14,11,17322,19,20,9,10,15,16,2330,29767,23,12,21,22],"class_list":{"0":"post-232874","1":"post","2":"type-post","3":"status-publish","4":"format-standard","5":"has-post-thumbnail","7":"category-titulares","8":"tag-actualidad","9":"tag-breaking-news","10":"tag-breakingnews","11":"tag-es","12":"tag-espana","13":"tag-featured-news","14":"tag-featurednews","15":"tag-headlines","16":"tag-inclusion","17":"tag-latest-news","18":"tag-latestnews","19":"tag-news","20":"tag-noticias","21":"tag-noticias-destacadas","22":"tag-noticiasdestacadas","23":"tag-prensa","24":"tag-seguridad-social-y-migraciones","25":"tag-spain","26":"tag-titulares","27":"tag-ultimas-noticias","28":"tag-ultimasnoticias"},"share_on_mastodon":{"url":"https:\/\/pubeurope.com\/@es\/115539715635983021","error":""},"_links":{"self":[{"href":"https:\/\/www.europesays.com\/es\/wp-json\/wp\/v2\/posts\/232874","targetHints":{"allow":["GET"]}}],"collection":[{"href":"https:\/\/www.europesays.com\/es\/wp-json\/wp\/v2\/posts"}],"about":[{"href":"https:\/\/www.europesays.com\/es\/wp-json\/wp\/v2\/types\/post"}],"author":[{"embeddable":true,"href":"https:\/\/www.europesays.com\/es\/wp-json\/wp\/v2\/users\/2"}],"replies":[{"embeddable":true,"href":"https:\/\/www.europesays.com\/es\/wp-json\/wp\/v2\/comments?post=232874"}],"version-history":[{"count":0,"href":"https:\/\/www.europesays.com\/es\/wp-json\/wp\/v2\/posts\/232874\/revisions"}],"wp:featuredmedia":[{"embeddable":true,"href":"https:\/\/www.europesays.com\/es\/wp-json\/wp\/v2\/media\/232875"}],"wp:attachment":[{"href":"https:\/\/www.europesays.com\/es\/wp-json\/wp\/v2\/media?parent=232874"}],"wp:term":[{"taxonomy":"category","embeddable":true,"href":"https:\/\/www.europesays.com\/es\/wp-json\/wp\/v2\/categories?post=232874"},{"taxonomy":"post_tag","embeddable":true,"href":"https:\/\/www.europesays.com\/es\/wp-json\/wp\/v2\/tags?post=232874"}],"curies":[{"name":"wp","href":"https:\/\/api.w.org\/{rel}","templated":true}]}}