{"id":232886,"date":"2025-11-13T01:17:13","date_gmt":"2025-11-13T01:17:13","guid":{"rendered":"https:\/\/www.europesays.com\/es\/232886\/"},"modified":"2025-11-13T01:17:13","modified_gmt":"2025-11-13T01:17:13","slug":"nona-sobo-hospitalizada","status":"publish","type":"post","link":"https:\/\/www.europesays.com\/es\/232886\/","title":{"rendered":"Nona Sobo, hospitalizada"},"content":{"rendered":"<p id=\"e-rfCkXcyZ\" data-wc=\"89\"><strong>Nona Sobo<\/strong> ha preocupado a sus seguidores al compartir una foto desde el hospital en la que aparece con una v\u00eda puesta, el pulsiox\u00edmetro y los parches de un electrocardiograma. \u00abNo suelo compartir cosas vulnerables, pero tambi\u00e9n es importante mostrar lo real.<strong>\u00a0La vida me hizo un peque\u00f1o st<\/strong><strong>op<\/strong>, de esos que llegan sin avisar para recordarte que hay que escucharse un poco m\u00e1s\u00bb, ha dicho la actriz que salt\u00f3 a la fama con la serie <strong>&#8216;Entrev\u00edas&#8217;<\/strong> y actualmente concursa en el programa <strong>&#8216;Bailando con las estrellas&#8217;<\/strong>, de Telecinco.\u00a0<\/p>\n<p> <img src=\"https:\/\/www.europesays.com\/es\/wp-content\/uploads\/2025\/11\/3d2e882f9489-nona-sobo-gtres.jpg\"   width=\"1024\" height=\"682\" loading=\"lazy\" decoding=\"async\" alt=\"Nona Sobo \" fetchpriority=\"auto\" class=\"image ho-image\"\/>\u00a9 GTRESNona Sobo <\/p>\n<p class=\"\" id=\"eQ2fSUMrSZ\" data-wc=\"64\">\u00abNada grave, solo una pausa con mucho amor alrededor. Andr\u00e9s, toda la noche conmigo, en esa silla imposible que ya tiene su historia. Mi madre, cruzando medio pa\u00eds sin pensarlo, gan\u00e1ndole otra vez al AVE. Y Bambi, mi peque, intentando subirse a la ambulancia como si dijera \u201cyo tambi\u00e9n voy\u201d<strong>\u00a0<\/strong>escribi\u00f3 en redes, acord\u00e1ndose de sus seres queridos que le acompa\u00f1an en todo momento.\u00a0<\/p>\n<p> <img src=\"https:\/\/www.europesays.com\/es\/wp-content\/uploads\/2025\/11\/69abb1959bd3-579988474185483942290482576685758558471934122n.jpg\"   width=\"1024\" height=\"1024\" loading=\"lazy\" decoding=\"async\" alt=\"La actriz comparti\u00f3 esta fotograf\u00eda con la que ha preocupado a sus seguidores\" fetchpriority=\"auto\" class=\"image ho-image\"\/>\u00a9 nonasoboLa actriz en el hospital <\/p>\n<p id=\"egXJvqgF2g\" data-wc=\"151\">Aunque no est\u00e9 pasando por sus mejores d\u00edas de salud f\u00edsica, la actriz, de 25 a\u00f1os, se encuentra en el puesto m\u00e1s alto del\u00a0talent de Telecinco. En la &#8216;Gala 9&#8217; del concurso interpret\u00f3 un baile de la canci\u00f3n <strong>&#8216;El gato mont\u00e9s&#8217;.<\/strong> Acompa\u00f1ada por su maestro <strong>Max Stryjski<\/strong>, recibi\u00f3 la m\u00e1xima puntuaci\u00f3n de cada jurado. Sus valoraciones y su desarrollo por el concurso la llevan a posicionarse como casi segura finalista, empatada a 50 puntos por su compa\u00f1era <a class=\"hm-link ho-link\" href=\"https:\/\/www.hola.com\/actualidad\/20250915855257\/nerea-rodriguez-respuesta-rumores-miguel-angel-silvestre\/\" data-mrf-recirculation=\"article-body-link\" rel=\"nofollow noopener\" target=\"_blank\">Nerea Rodr\u00edguez<\/a>. \u00abAl final, todo se recoloca. Y uno entiende que dejarse cuidar tambi\u00e9n es parte del camino. Hoy estoy bien. M\u00e1s tranquila, m\u00e1s agradecida, m\u00e1s presente. Ma\u00f1ana seguimos bailando \u2014con paso suave, con m\u00e1s calma, y con la certeza de que siempre hay luz, incluso en las pausas\u00bb dijo la protagonista de &#8216;Bienvenidos a Ed\u00e9n&#8217; desde el hospital, sin querer alertar a sus seguidores del estado an\u00edmico en el que se encontraba.<\/p>\n<p> <img src=\"https:\/\/www.europesays.com\/es\/wp-content\/uploads\/2025\/11\/cd40e03d2519-foto1-dlu558438127.jpg\"   width=\"1024\" height=\"682\" loading=\"lazy\" decoding=\"async\" alt=\"Nona Sobo\" fetchpriority=\"auto\" class=\"image ho-image\"\/>\u00a9 GTRESNona Sobo<\/p>\n<p id=\"eLqCgMBxaR6\" data-wc=\"60\"><a class=\"hm-link ho-link\" href=\"https:\/\/www.hola.com\/actualidad\/20251026863756\/nona-sobo-nueva-pareja-del-futbolista-marc-bartra\/\" data-mrf-recirculation=\"article-body-link\" rel=\"nofollow noopener\" target=\"_blank\">Nona Sobo<\/a> fue relacionada hace un par de semanas con Marc Bartra, futbolista del Betis. \u00abSomos superamigos, nos llevamos superbien\u00bb respond\u00eda ante los rumores sobre una posible relaci\u00f3n con el exnovio de Jessica Goicoechea. Adem\u00e1s, se\u00f1al\u00f3 que \u00abmi \u00fanica pareja de baile es Max\u00bb y \u00abmis amores son mi mascota y mi madre\u00bb en el programa presentado por Jes\u00fas V\u00e1zquez<\/p>\n<p> <img src=\"https:\/\/www.europesays.com\/es\/wp-content\/uploads\/2025\/11\/b4f26f7f762b-captura-de-pantalla-45.png\"   width=\"1024\" height=\"576\" loading=\"lazy\" decoding=\"async\" alt=\"La concursante acompa\u00f1ada de su maestro y del presentador\" fetchpriority=\"auto\" class=\"image ho-image\"\/>\u00a9 MediasetLa concursante acompa\u00f1ada de su maestro y del presentador<\/p>\n<p class=\"\" id=\"eT8AxtSYPP\" data-wc=\"69\">Aparte de estos rumores, \u00a0tambi\u00e9n la emparejaron con el cantante <strong>Sebasti\u00e1n Yatra<\/strong>, pero no se ha confirmado nada.<strong>\u00a0\u00abEstoy conmigo misma\u00bb\u00a0<\/strong>dijo hace un tiempo. <strong>La nieta de Jos\u00e9 Coronado en &#8216;Entrev\u00edas&#8217;\u00a0<\/strong>ahora est\u00e1 centrada en mejorar su salud para poder desarrollar con plenitud las pr\u00f3ximas coreograf\u00edas a las que se tenga que enfrentar en &#8216;Bailando con las estrellas&#8217;, intentando no caerse de la cima del marcador que lidera.\u00a0<\/p>\n","protected":false},"excerpt":{"rendered":"Nona Sobo ha preocupado a sus seguidores al compartir una foto desde el hospital en la que aparece&hellip;\n","protected":false},"author":2,"featured_media":232887,"comment_status":"","ping_status":"","sticky":false,"template":"","format":"standard","meta":{"footnotes":""},"categories":[174],"tags":[517,255,146,147,25,24,256,23],"class_list":{"0":"post-232886","1":"post","2":"type-post","3":"status-publish","4":"format-standard","5":"has-post-thumbnail","7":"category-famosos","8":"tag-actualidad","9":"tag-celebrities","10":"tag-entertainment","11":"tag-entretenimiento","12":"tag-es","13":"tag-espana","14":"tag-famosos","15":"tag-spain"},"share_on_mastodon":{"url":"https:\/\/pubeurope.com\/@es\/115539754879003341","error":""},"_links":{"self":[{"href":"https:\/\/www.europesays.com\/es\/wp-json\/wp\/v2\/posts\/232886","targetHints":{"allow":["GET"]}}],"collection":[{"href":"https:\/\/www.europesays.com\/es\/wp-json\/wp\/v2\/posts"}],"about":[{"href":"https:\/\/www.europesays.com\/es\/wp-json\/wp\/v2\/types\/post"}],"author":[{"embeddable":true,"href":"https:\/\/www.europesays.com\/es\/wp-json\/wp\/v2\/users\/2"}],"replies":[{"embeddable":true,"href":"https:\/\/www.europesays.com\/es\/wp-json\/wp\/v2\/comments?post=232886"}],"version-history":[{"count":0,"href":"https:\/\/www.europesays.com\/es\/wp-json\/wp\/v2\/posts\/232886\/revisions"}],"wp:featuredmedia":[{"embeddable":true,"href":"https:\/\/www.europesays.com\/es\/wp-json\/wp\/v2\/media\/232887"}],"wp:attachment":[{"href":"https:\/\/www.europesays.com\/es\/wp-json\/wp\/v2\/media?parent=232886"}],"wp:term":[{"taxonomy":"category","embeddable":true,"href":"https:\/\/www.europesays.com\/es\/wp-json\/wp\/v2\/categories?post=232886"},{"taxonomy":"post_tag","embeddable":true,"href":"https:\/\/www.europesays.com\/es\/wp-json\/wp\/v2\/tags?post=232886"}],"curies":[{"name":"wp","href":"https:\/\/api.w.org\/{rel}","templated":true}]}}