{"id":232911,"date":"2025-11-13T01:44:09","date_gmt":"2025-11-13T01:44:09","guid":{"rendered":"https:\/\/www.europesays.com\/es\/232911\/"},"modified":"2025-11-13T01:44:09","modified_gmt":"2025-11-13T01:44:09","slug":"ex-sporting-canella-ficha-por-un-club-asturiano-como-segundo-entrenador-la-voz-de-asturias","status":"publish","type":"post","link":"https:\/\/www.europesays.com\/es\/232911\/","title":{"rendered":"Ex Sporting: Canella ficha por un club asturiano como segundo entrenador &#8211; La Voz de Asturias"},"content":{"rendered":"<ol>\n<li><a href=\"https:\/\/news.google.com\/rss\/articles\/CBMi5AFBVV95cUxOTE1fR2kwSkRpZjJUelhfN2g5NXo3b2YtVG1CMnR6dzNaNGtieFE3S3E1cThfUEpSVFhaSXNTcEZRT2pJek1lWnhPRW82dFJYeG5PQ2JPTHVGOTFDMnpXWXgtX29KM3RRQXdnMzZldkxrdXJPNDhqQWVfb1VObGJwX0k1bFhLbnFub1JqMFZQSXlrcHJPeFVlSUFlZkFyeHRIX0I0WTVUZ3YtcFFIa1BtSUhDSTgxN0lyekxFNEtZcTBJVlBXVU5EMXVBdFpPOUpseHM5SnNXOVpueEhPNmNmM0hZRFXSAYACQVVfeXFMT2dPVGtkZFA0ZTNKQjZmY3RMLVFxQmhMX2tLQUtmdWl6MGJKN3ZWM3kzeHNsT3FLbGpSVjBaMXlsNjNiNUF2Wml0SVpHZ0RyUlJDTS1iMHF5cmZKelJrcWZ4MTM2SE5fYmFNV0JwTnlJQXdTU2hXUF9seDA3M1hXdEVWbHNoR2M3QzgzcF91R0lEdFlYb2RCVDFwYTZ5VFJUQ2FRblI2aTZLRmU3U1hLbHdjV2ZLTTNlVy1iek1nWHNqVjJ6MHNVaVRRQ1I5MEpqc05KNExhQ2VZY0tBRlJOYWM4UFJPSUtDd3otUVl6TGNHdFNaNkRqQkxGVmJkdC1VMA?oc=5\" target=\"_blank\" rel=\"nofollow noopener\">Ex Sporting: Canella ficha por un club asturiano como segundo entrenador<\/a>&nbsp;&nbsp;La Voz de Asturias<\/li>\n<li><a href=\"https:\/\/news.google.com\/rss\/articles\/CBMilAFBVV95cUxQM3FHN2dRSXVnLVNaZkJNcjFoandfMUlvNnBrXzJKVGg4MEhrU3FzUXdGQ3JsWGZRUlFzWldVRVZGaURGNDFRZUhWbE55anBsTFZoQktQUmJQTHlURE1ETDUxZ2R5Tks0aEktMnZyQ1ZUdUh6YjVyd2UtekxqLXFNOHdVTVQySUF4aC1FY3AyWlREdkhM0gGaAUFVX3lxTE5QRU1RT1l2aF9DRVpDUV9wUjM4ek54V3NJVFhLRDkxdEhnaVlmZ21ZT0ZVbFhUc1V5R0kxQkFtUEUwc0JhcEF1MFB4NWQ0djlGVXBudDBLV0pyYmJEQWRMZjlWd3RCY1BTQjRmNkVwdU9MdmVHbXp5WDR0ZjRGb1djRjRuV0Jqdmt3VG5BSzZxQ0d2OUhMU0dLQlE?oc=5\" target=\"_blank\" rel=\"nofollow noopener\">El ex del Sporting R\u00f3ber Canella completar\u00e1 el cuerpo t\u00e9cnico del Lealtad de Villaviciosa<\/a>&nbsp;&nbsp;LNE<\/li>\n<li><a href=\"https:\/\/news.google.com\/rss\/articles\/CBMirwFBVV95cUxPODBCMDQ1aWdXVnNXdW9EbHdCUFp5a1BRQndtM3pUdlh3Mm1Hb0RfTm9ZTGZseEJUSVJBNkNvdFd2NjE4ekxDWGpfQVJXNXJPN1ZVZml1OGFKejIyQWRKdGdUR2xqTTlPZk9qQzNraFFUQ0RxcUJpUEQ0RVVNWVNFUG81Nzk0cDRPSGtKaTQ3T3VfMDlPbzFGdWQ1RDhwZkRqbF9VTURVUE5DM1VnTUc4?oc=5\" target=\"_blank\" rel=\"nofollow noopener\">Jorge Fern\u00e1ndez: \u00abAl Lealtad no se le ha olvidado c\u00f3mo jugar a f\u00fatbol\u00bb<\/a>&nbsp;&nbsp;El Comercio<\/li>\n<li><a href=\"https:\/\/news.google.com\/rss\/articles\/CBMi1gFBVV95cUxPOTBBU29ZUzBKWnByZE5BZHNYRjRxTUh2blFqWnp5VXZzWnZZWFhvUTdBVkdNZGlGMldQa2lNOWdrcFNKa0YzWnd6d3RqTFdMd3hqa0xJT3ZVTUlCZE5MalZJRU9xSkYyWWh5dmRLZ1hTZ2lzcERJM2t3aHlGSmtLZ19tUEZ2RWhsaVlPMTBOSkNjaXFFWU5xb1JUbXFaUG9fWjA4Q2hvQjVyd2NVZjdDbEEyTmZaNFpQdi1QTkdkM1N5TGRoRUUzUHVweHExMW5rWHNCSW530gHbAUFVX3lxTE5BSXNBRWFqZTd6OVFJZUJ1UVpnMHlTcmlBbWVvSjc5dHJMSEo4aFpTb25OM0FMazhaYnp6cjAxd2REUW05c2xkalh1WXpDQXI2N2FTU1JfZ1FUeXRra1FqOHBwcnFNR0lleFNqVXEyckhEbkdHWHpSS09LekdWc2lpN1hJQ3dzN1R0VnBONFhRaHlKN2JwcU9CNmR4UVBOdFRHNm1tbzlka092MmFTM3YxVU1DQ1RLLUZ6dVdtVHcwYkl1RW9nZzRhMkpBbnIyMnFaS1VSZlVXWlZQTQ?oc=5\" target=\"_blank\" rel=\"nofollow noopener\">El Lealtad destituye a Luis Arturo tras la derrota ante el Astorga<\/a>&nbsp;&nbsp;rtpa.es<\/li>\n<li><a href=\"https:\/\/news.google.com\/rss\/articles\/CBMiX0FVX3lxTE5SOGQyNl8yLXhzZTZMWWY2M0c1bGJleVFNOEZyLVFldUlDTDFFcjJYWWlacF9mdGFrSnRMS25NOHB5RW01US1FVWZLaVRMcUZMNHg5cmhPcmo3M1NqMlIw?oc=5\" target=\"_blank\" rel=\"nofollow noopener\">Jorge Fern\u00e1ndez toma las riendas del Lealtad<\/a>&nbsp;&nbsp;Futbol Asturiano<\/li>\n<\/ol>\n","protected":false},"excerpt":{"rendered":"Ex Sporting: Canella ficha por un club asturiano como segundo entrenador&nbsp;&nbsp;La Voz de Asturias El ex del Sporting&hellip;\n","protected":false},"author":2,"featured_media":232912,"comment_status":"","ping_status":"","sticky":false,"template":"","format":"standard","meta":{"footnotes":""},"categories":[268],"tags":[168,25,24,280,282,281,23,4783,167],"class_list":{"0":"post-232911","1":"post","2":"type-post","3":"status-publish","4":"format-standard","5":"has-post-thumbnail","7":"category-futbol","8":"tag-deportes","9":"tag-es","10":"tag-espana","11":"tag-football","12":"tag-futbol","13":"tag-soccer","14":"tag-spain","15":"tag-sporting-de-gijon","16":"tag-sports"},"share_on_mastodon":{"url":"https:\/\/pubeurope.com\/@es\/115539860880978427","error":""},"_links":{"self":[{"href":"https:\/\/www.europesays.com\/es\/wp-json\/wp\/v2\/posts\/232911","targetHints":{"allow":["GET"]}}],"collection":[{"href":"https:\/\/www.europesays.com\/es\/wp-json\/wp\/v2\/posts"}],"about":[{"href":"https:\/\/www.europesays.com\/es\/wp-json\/wp\/v2\/types\/post"}],"author":[{"embeddable":true,"href":"https:\/\/www.europesays.com\/es\/wp-json\/wp\/v2\/users\/2"}],"replies":[{"embeddable":true,"href":"https:\/\/www.europesays.com\/es\/wp-json\/wp\/v2\/comments?post=232911"}],"version-history":[{"count":0,"href":"https:\/\/www.europesays.com\/es\/wp-json\/wp\/v2\/posts\/232911\/revisions"}],"wp:featuredmedia":[{"embeddable":true,"href":"https:\/\/www.europesays.com\/es\/wp-json\/wp\/v2\/media\/232912"}],"wp:attachment":[{"href":"https:\/\/www.europesays.com\/es\/wp-json\/wp\/v2\/media?parent=232911"}],"wp:term":[{"taxonomy":"category","embeddable":true,"href":"https:\/\/www.europesays.com\/es\/wp-json\/wp\/v2\/categories?post=232911"},{"taxonomy":"post_tag","embeddable":true,"href":"https:\/\/www.europesays.com\/es\/wp-json\/wp\/v2\/tags?post=232911"}],"curies":[{"name":"wp","href":"https:\/\/api.w.org\/{rel}","templated":true}]}}