{"id":232962,"date":"2025-11-13T02:20:18","date_gmt":"2025-11-13T02:20:18","guid":{"rendered":"https:\/\/www.europesays.com\/es\/232962\/"},"modified":"2025-11-13T02:20:18","modified_gmt":"2025-11-13T02:20:18","slug":"la-aemet-activa-la-alerta-amarilla-por-lluvias-y-tormentas-este-jueves","status":"publish","type":"post","link":"https:\/\/www.europesays.com\/es\/232962\/","title":{"rendered":"la Aemet activa la alerta amarilla por lluvias y tormentas este jueves"},"content":{"rendered":"<p style=\"\">Se aproxima a la pen\u00ednsula una <strong>nueva borrasca que dejar\u00e1 lluvias durante varios d\u00edas<\/strong> en multitud de puntos de Espa\u00f1a, entre ellos Sevilla. Se trata de <strong>Claudia, un fen\u00f3meno que afectar\u00e1 especialmente en el oeste<\/strong>, de manera que la capital hispalense ser\u00eda uno  &#8230; de los lugares donde m\u00e1s precipitaciones se registren.<\/p>\n<p class=\"voc-p\" style=\"\">Esta borrasca Claudia, que dejar\u00eda tambi\u00e9n fuertes rachas de viento, <strong>traer\u00eda a partir del jueves lluvias generalizadas y tormentas<\/strong> a toda la zona de Andaluc\u00eda occidental. Por ello, desde la Agencia Estatal de Meteorolog\u00eda se ha activado la alerta amarilla para dicha jornada. Adem\u00e1s, <strong>estas precipitaciones ir\u00edan ganando intensidad<\/strong> a medida que se alcanza el fin de semana.<\/p>\n<p>\nNuevas lluvias en Sevilla, propiciadas por la borrasca Claudia\n<\/p>\n<p class=\"voc-p\" style=\"\">Seg\u00fan los <a href=\"https:\/\/www.aemet.es\/es\/eltiempo\/prediccion\/municipios\/sevilla-id41091\" target=\"_self\" data-voc-vtm-id=\"in-text-traffic\" title=\"pron\u00f3sticos de la Aemet\" data-mrf-link=\"www.aemet.es\" rel=\"nofollow noopener\">pron\u00f3sticos de la Aemet<\/a>, este mi\u00e9rcoles a\u00fan es un d\u00eda de estabilidad en Sevilla, con temperaturas de entre 26 y 10 grados. Sin embargo, como ya se ha mencionado, <strong>ser\u00eda el jueves cuando la borrasca Claudia entrar\u00eda por el oeste peninsular<\/strong>, por lo que justo esa jornada ya estar\u00eda pasada por agua en la ciudad. De hecho, el organismo ha activado la alerta amarilla en la Sierra Norte y en la campi\u00f1a sevillana a partir de las 06.00 horas de ese d\u00eda por lluvias, tormentas y viento. Tambi\u00e9n se apreciar\u00eda un descenso de las m\u00e1ximas y un ligero ascenso de las m\u00ednimas.<\/p>\n<p><img decoding=\"async\" loading=\"lazy\" src=\"https:\/\/www.europesays.com\/es\/wp-content\/uploads\/2025\/11\/avisos-meteorologicos-aemet-U75248170065yen-760x427@diario_abc.png\" class=\"voc-img\" width=\"760\" height=\"427\" alt=\"Avisos meteorol\u00f3gicos de la Aemet para este jueves\" data-voc-vtm-id=\"in-text-traffic\"\/><\/p>\n<p>Avisos meteorol\u00f3gicos de la Aemet para este jueves<\/p>\n<p>Aemet<\/p>\n<p class=\"voc-p\" style=\"\">A partir de ah\u00ed, se espera <strong>un viernes y un s\u00e1bado pr\u00e1cticamente similares, con intensas precipitaciones<\/strong> durante la mayor parte de estas jornadas.<\/p>\n<p><img decoding=\"async\" loading=\"lazy\" src=\"https:\/\/www.europesays.com\/es\/wp-content\/uploads\/2025\/11\/pronostico-aemet-sevilla_20251112152211-U04685345725tgS-760x427@diario_abc.png\" class=\"voc-img\" width=\"760\" height=\"427\" alt=\"Pron\u00f3stico de Aemet para estos d\u00edas en Sevilla\" data-voc-vtm-id=\"in-text-traffic\"\/><\/p>\n<p>Pron\u00f3stico de Aemet para estos d\u00edas en Sevilla<\/p>\n<p>Aemet<\/p>\n<p class=\"voc-p\" style=\"\">Estas lluvias se ir\u00edan <strong>apaciguando a partir del domingo<\/strong>, sin que este sea un d\u00eda exento de chubascos. De hecho, el lunes a\u00fan podr\u00edan darse algunas lluvias, mientras que para <strong>el martes el riesgo de precipitaciones descender\u00eda considerablemente.<\/strong><\/p>\n<p class=\"voc-p\" style=\"\">En vista de este panorama, se estima una precipitaci\u00f3n acumulada en Sevilla de 120 mm hasta la noche del domingo. Adem\u00e1s, cabe recalcar que para dicha jornada la incertidumbre a\u00fan es alta y los pron\u00f3sticos podr\u00edan ir variando conforme pasen los d\u00edas. No obstante, lo m\u00e1s probable es que <strong>esta borrasca Claudia se vaya debilitando y el temporal remita<\/strong>.<\/p>\n<blockquote class=\"twitter-tweet\" data-media-max-width=\"560\">\n<p lang=\"es\" dir=\"ltr\">Ma\u00f1ana jueves ya se esperan precipitaciones localmente intensas en zonas de la mitad occidental de Andaluc\u00eda, con tormentas ocasionalmente organizadas y con rachas intensas de viento. Atenci\u00f3n a la actualizaci\u00f3n din\u00e1mica de los avisos en <a href=\"https:\/\/t.co\/NBYyxbV8Tq\" rel=\"nofollow\">https:\/\/t.co\/NBYyxbV8Tq<\/a> <a href=\"https:\/\/t.co\/V1pViHmrTn\" rel=\"nofollow\">pic.twitter.com\/V1pViHmrTn<\/a><\/p>\n<p>\u2014 AEMET_Andaluc\u00eda (@AEMET_Andalucia) <a href=\"https:\/\/twitter.com\/AEMET_Andalucia\/status\/1988518721069994006?ref_src=twsrc%5Etfw\" rel=\"nofollow noopener\" target=\"_blank\">November 12, 2025<\/a><\/p><\/blockquote>\n<p class=\"voc-p\" style=\"\">Por otra parte, el hecho de que <strong>la Aemet haya activado la alerta amarilla y no la naranja<\/strong>, har\u00eda presagiar que los efectos que podr\u00edan dejar estas nuevas precipitaciones en la ciudad ser\u00edan menores que los de aquel mi\u00e9rcoles de hace dos semanas en el que <a href=\"https:\/\/www.abc.es\/sevilla\/ciudad\/lluvia-viento-deja-115-incidencias-sevilla-capital-20251029135436-nts.html\" target=\"_self\" data-voc-vtm-id=\"in-text-traffic\" title=\"fueron varias las incidencias registradas\" data-mrf-link=\"www.abc.es\" rel=\"nofollow noopener\">fueron varias las incidencias registradas<\/a>.<\/p>\n<p><script async src=\"https:\/\/platform.twitter.com\/widgets.js\" charset=\"utf-8\"><\/script><\/p>\n","protected":false},"excerpt":{"rendered":"Se aproxima a la pen\u00ednsula una nueva borrasca que dejar\u00e1 lluvias durante varios d\u00edas en multitud de puntos&hellip;\n","protected":false},"author":2,"featured_media":232963,"comment_status":"","ping_status":"","sticky":false,"template":"","format":"standard","meta":{"footnotes":""},"categories":[8],"tags":[45206,17,18,21673,13643,25,24,13,14,11,887,19,20,6194,9,10,15,16,10004,1171,23,12,21,22],"class_list":{"0":"post-232962","1":"post","2":"type-post","3":"status-publish","4":"format-standard","5":"has-post-thumbnail","7":"category-espana","8":"tag-borrasca","9":"tag-breaking-news","10":"tag-breakingnews","11":"tag-claudia","12":"tag-dejara","13":"tag-es","14":"tag-espana","15":"tag-featured-news","16":"tag-featurednews","17":"tag-headlines","18":"tag-jueves","19":"tag-latest-news","20":"tag-latestnews","21":"tag-lluvias","22":"tag-news","23":"tag-noticias","24":"tag-noticias-destacadas","25":"tag-noticiasdestacadas","26":"tag-partir","27":"tag-sevilla","28":"tag-spain","29":"tag-titulares","30":"tag-ultimas-noticias","31":"tag-ultimasnoticias"},"share_on_mastodon":{"url":"https:\/\/pubeurope.com\/@es\/115540002560679384","error":""},"_links":{"self":[{"href":"https:\/\/www.europesays.com\/es\/wp-json\/wp\/v2\/posts\/232962","targetHints":{"allow":["GET"]}}],"collection":[{"href":"https:\/\/www.europesays.com\/es\/wp-json\/wp\/v2\/posts"}],"about":[{"href":"https:\/\/www.europesays.com\/es\/wp-json\/wp\/v2\/types\/post"}],"author":[{"embeddable":true,"href":"https:\/\/www.europesays.com\/es\/wp-json\/wp\/v2\/users\/2"}],"replies":[{"embeddable":true,"href":"https:\/\/www.europesays.com\/es\/wp-json\/wp\/v2\/comments?post=232962"}],"version-history":[{"count":0,"href":"https:\/\/www.europesays.com\/es\/wp-json\/wp\/v2\/posts\/232962\/revisions"}],"wp:featuredmedia":[{"embeddable":true,"href":"https:\/\/www.europesays.com\/es\/wp-json\/wp\/v2\/media\/232963"}],"wp:attachment":[{"href":"https:\/\/www.europesays.com\/es\/wp-json\/wp\/v2\/media?parent=232962"}],"wp:term":[{"taxonomy":"category","embeddable":true,"href":"https:\/\/www.europesays.com\/es\/wp-json\/wp\/v2\/categories?post=232962"},{"taxonomy":"post_tag","embeddable":true,"href":"https:\/\/www.europesays.com\/es\/wp-json\/wp\/v2\/tags?post=232962"}],"curies":[{"name":"wp","href":"https:\/\/api.w.org\/{rel}","templated":true}]}}