{"id":232974,"date":"2025-11-13T02:36:29","date_gmt":"2025-11-13T02:36:29","guid":{"rendered":"https:\/\/www.europesays.com\/es\/232974\/"},"modified":"2025-11-13T02:36:29","modified_gmt":"2025-11-13T02:36:29","slug":"canon-se-sumerge-en-el-oceano-para-devolver-la-vida-a-los-corales-con-su-proyecto-world-unseen","status":"publish","type":"post","link":"https:\/\/www.europesays.com\/es\/232974\/","title":{"rendered":"Canon se sumerge en el oc\u00e9ano para devolver la vida a los corales con su proyecto World Unseen"},"content":{"rendered":"<p><img fetchpriority=\"high\" decoding=\"async\" data-attachment-id=\"83062\" data-permalink=\"https:\/\/photolari.com\/canon-se-sumerge-en-el-oceano-para-devolver-la-vida-a-los-corales\/canon-corales-islas-seychelles_04\/\" data-orig-file=\"https:\/\/www.europesays.com\/es\/wp-content\/uploads\/2025\/11\/canon-corales-islas-seychelles-04.jpg\" data-orig-size=\"1200,802\" data-comments-opened=\"1\" data-image-meta=\"{&quot;aperture&quot;:&quot;0&quot;,&quot;credit&quot;:&quot;&quot;,&quot;camera&quot;:&quot;&quot;,&quot;caption&quot;:&quot;&quot;,&quot;created_timestamp&quot;:&quot;1762264467&quot;,&quot;copyright&quot;:&quot;&quot;,&quot;focal_length&quot;:&quot;0&quot;,&quot;iso&quot;:&quot;0&quot;,&quot;shutter_speed&quot;:&quot;0&quot;,&quot;title&quot;:&quot;&quot;,&quot;orientation&quot;:&quot;1&quot;}\" data-image-title=\"Canon Corales Islas Seychelles_04\" data-image-description=\"\" data-image-caption=\"\" data-medium-file=\"https:\/\/photolari.com\/wp-content\/uploads\/2025\/11\/canon-corales-islas-seychelles-04-300x201.jpg\" data-large-file=\"https:\/\/photolari.com\/wp-content\/uploads\/2025\/11\/canon-corales-islas-seychelles-04-1030x688.jpg\" class=\"alignnone size-full wp-image-83062\" src=\"https:\/\/www.europesays.com\/es\/wp-content\/uploads\/2025\/11\/canon-corales-islas-seychelles-04.jpg\" alt=\"Canon Corales Islas Seychelles_04\" width=\"1200\" height=\"802\"  \/><\/p>\n<p>Cuando pensamos en grandes empresas dedicadas -entre otras cosas- a la fotograf\u00eda y el v\u00eddeo las imaginamos dise\u00f1ando futuras c\u00e1maras o en reuniones eternas analizando a la competencia para intentar ir un paso por delante. Pero esta vez Canon ha decidido sumergirse en un terreno distinto: la restauraci\u00f3n de los arrecifes de coral en el oc\u00e9ano \u00cdndico occidental, concretamente en el archipi\u00e9lago de las Islas Seychelles.\u00a0<\/p>\n<p>\nPublicidad&#13;<br \/>\n  &#13;\n<\/p>\n<p>La compa\u00f1\u00eda acaba de anunciar su colaboraci\u00f3n con <a href=\"https:\/\/www.coralspawninginternational.com\" rel=\"nofollow noopener\" target=\"_blank\">Coral Spawning International (CSI)<\/a> y <a href=\"https:\/\/natureseychelles.org\" rel=\"nofollow noopener\" target=\"_blank\">Nature Seychelles<\/a> para crear el primer laboratorio de cr\u00eda de corales en esa regi\u00f3n. Un proyecto, <strong><a href=\"https:\/\/www.canon.es\/view\/world-unseen-coral\/\" rel=\"nofollow noopener\" target=\"_blank\">World Unseen<\/a><\/strong>, en el que combinaran financiaci\u00f3n, formaci\u00f3n local y por supuesto equipo profesional.<\/p>\n<p><img loading=\"lazy\" decoding=\"async\" data-attachment-id=\"83065\" data-permalink=\"https:\/\/photolari.com\/canon-se-sumerge-en-el-oceano-para-devolver-la-vida-a-los-corales\/canon-corales-islas-seychelles_02\/\" data-orig-file=\"https:\/\/www.europesays.com\/es\/wp-content\/uploads\/2025\/11\/canon-corales-islas-seychelles-02.jpg\" data-orig-size=\"2000,1336\" data-comments-opened=\"1\" data-image-meta=\"{&quot;aperture&quot;:&quot;0&quot;,&quot;credit&quot;:&quot;&quot;,&quot;camera&quot;:&quot;&quot;,&quot;caption&quot;:&quot;&quot;,&quot;created_timestamp&quot;:&quot;1762264448&quot;,&quot;copyright&quot;:&quot;&quot;,&quot;focal_length&quot;:&quot;0&quot;,&quot;iso&quot;:&quot;0&quot;,&quot;shutter_speed&quot;:&quot;0&quot;,&quot;title&quot;:&quot;&quot;,&quot;orientation&quot;:&quot;1&quot;}\" data-image-title=\"Canon Corales Islas Seychelles_02\" data-image-description=\"\" data-image-caption=\"\" data-medium-file=\"https:\/\/photolari.com\/wp-content\/uploads\/2025\/11\/canon-corales-islas-seychelles-02-300x200.jpg\" data-large-file=\"https:\/\/photolari.com\/wp-content\/uploads\/2025\/11\/canon-corales-islas-seychelles-02-1030x688.jpg\" class=\"alignnone size-full wp-image-83065\" src=\"https:\/\/www.europesays.com\/es\/wp-content\/uploads\/2025\/11\/canon-corales-islas-seychelles-02.jpg\" alt=\"Canon Corales Islas Seychelles_02\" width=\"2000\" height=\"1336\"  \/><\/p>\n<p>La tecnolog\u00eda desarrollada por Canon es de gran ayuda para observar cosas como el desove coralino a nivel microsc\u00f3pico y poder documentarlo, explican los responsables del proyecto. C\u00e1maras de alta resoluci\u00f3n, objetivos macro o equipos de v\u00eddeo especializados son herramientas necesarias conseguir su prop\u00f3sito.<\/p>\n<p><img loading=\"lazy\" decoding=\"async\" data-attachment-id=\"83063\" data-permalink=\"https:\/\/photolari.com\/canon-se-sumerge-en-el-oceano-para-devolver-la-vida-a-los-corales\/canon-corales-islas-seychelles_01\/\" data-orig-file=\"https:\/\/www.europesays.com\/es\/wp-content\/uploads\/2025\/11\/canon-corales-islas-seychelles-01.jpg\" data-orig-size=\"1200,802\" data-comments-opened=\"1\" data-image-meta=\"{&quot;aperture&quot;:&quot;0&quot;,&quot;credit&quot;:&quot;&quot;,&quot;camera&quot;:&quot;&quot;,&quot;caption&quot;:&quot;&quot;,&quot;created_timestamp&quot;:&quot;1762264445&quot;,&quot;copyright&quot;:&quot;&quot;,&quot;focal_length&quot;:&quot;0&quot;,&quot;iso&quot;:&quot;0&quot;,&quot;shutter_speed&quot;:&quot;0&quot;,&quot;title&quot;:&quot;&quot;,&quot;orientation&quot;:&quot;1&quot;}\" data-image-title=\"Canon Corales Islas Seychelles_01\" data-image-description=\"\" data-image-caption=\"\" data-medium-file=\"https:\/\/photolari.com\/wp-content\/uploads\/2025\/11\/canon-corales-islas-seychelles-01-300x201.jpg\" data-large-file=\"https:\/\/photolari.com\/wp-content\/uploads\/2025\/11\/canon-corales-islas-seychelles-01-1030x688.jpg\" class=\"alignnone size-full wp-image-83063\" src=\"https:\/\/www.europesays.com\/es\/wp-content\/uploads\/2025\/11\/canon-corales-islas-seychelles-01.jpg\" alt=\"Canon Corales Islas Seychelles_01\" width=\"1200\" height=\"802\"  \/><\/p>\n<p>La idea no consiste solo en registrar lo que ocurre en el oc\u00e9ano sino intervenir para que el mundo submarino gane fuerza frente al cambio clim\u00e1tico. Los arrecifes de coral, aunque ocupan menos de 1% del fondo oce\u00e1nico, albergan alrededor del 25% de las especies marinas conocidas. Sin embargo han sufrido una p\u00e9rdida estimada del 50% en las \u00faltimas d\u00e9cadas debido al aumento de la temperatura, la sobrepesca y la contaminaci\u00f3n.<\/p>\n<p>La clave del proyecto es criar corales con mayor diversidad gen\u00e9tica y resiliencia t\u00e9rmica, para que puedan adaptarse mejor a oc\u00e9anos cada vez m\u00e1s c\u00e1lidos y a los cambios en el ecosistema.<\/p>\n<p>\n\tRelacionado<\/p>\n","protected":false},"excerpt":{"rendered":"Cuando pensamos en grandes empresas dedicadas -entre otras cosas- a la fotograf\u00eda y el v\u00eddeo las imaginamos dise\u00f1ando&hellip;\n","protected":false},"author":2,"featured_media":232975,"comment_status":"","ping_status":"","sticky":false,"template":"","format":"standard","meta":{"footnotes":""},"categories":[173],"tags":[229,233,231,230,14417,232,234,146,147,25,24,23],"class_list":{"0":"post-232974","1":"post","2":"type-post","3":"status-publish","4":"format-standard","5":"has-post-thumbnail","7":"category-arte-y-diseno","8":"tag-arte","9":"tag-arte-y-diseno","10":"tag-arts","11":"tag-arts-and-design","12":"tag-canon","13":"tag-design","14":"tag-diseno","15":"tag-entertainment","16":"tag-entretenimiento","17":"tag-es","18":"tag-espana","19":"tag-spain"},"share_on_mastodon":{"url":"https:\/\/pubeurope.com\/@es\/115540065511732638","error":""},"_links":{"self":[{"href":"https:\/\/www.europesays.com\/es\/wp-json\/wp\/v2\/posts\/232974","targetHints":{"allow":["GET"]}}],"collection":[{"href":"https:\/\/www.europesays.com\/es\/wp-json\/wp\/v2\/posts"}],"about":[{"href":"https:\/\/www.europesays.com\/es\/wp-json\/wp\/v2\/types\/post"}],"author":[{"embeddable":true,"href":"https:\/\/www.europesays.com\/es\/wp-json\/wp\/v2\/users\/2"}],"replies":[{"embeddable":true,"href":"https:\/\/www.europesays.com\/es\/wp-json\/wp\/v2\/comments?post=232974"}],"version-history":[{"count":0,"href":"https:\/\/www.europesays.com\/es\/wp-json\/wp\/v2\/posts\/232974\/revisions"}],"wp:featuredmedia":[{"embeddable":true,"href":"https:\/\/www.europesays.com\/es\/wp-json\/wp\/v2\/media\/232975"}],"wp:attachment":[{"href":"https:\/\/www.europesays.com\/es\/wp-json\/wp\/v2\/media?parent=232974"}],"wp:term":[{"taxonomy":"category","embeddable":true,"href":"https:\/\/www.europesays.com\/es\/wp-json\/wp\/v2\/categories?post=232974"},{"taxonomy":"post_tag","embeddable":true,"href":"https:\/\/www.europesays.com\/es\/wp-json\/wp\/v2\/tags?post=232974"}],"curies":[{"name":"wp","href":"https:\/\/api.w.org\/{rel}","templated":true}]}}