{"id":232994,"date":"2025-11-13T02:59:20","date_gmt":"2025-11-13T02:59:20","guid":{"rendered":"https:\/\/www.europesays.com\/es\/232994\/"},"modified":"2025-11-13T02:59:20","modified_gmt":"2025-11-13T02:59:20","slug":"jesus-herrada-el-fichaje-estrella-para-burgos-burpellet-bh","status":"publish","type":"post","link":"https:\/\/www.europesays.com\/es\/232994\/","title":{"rendered":"Jes\u00fas Herrada, el fichaje estrella para Burgos-Burpellet-BH"},"content":{"rendered":"<p>El equipo Burgos Burpellet BH ha anunciado un fichaje estrella para la temporada 2026: Jes\u00fas Herrada se une al equipo morado para aportar la experiencia que ha acumulado durante los \u00faltimos 15 a\u00f1os en los equipos Movistar Team y Cofidis.<\/p>\n<p><strong>Jes\u00fas Herrada<\/strong> es un escalador con buena punta de velocidad, capaz de tomar el rol de l\u00edder en las vueltas por etapas y las carreras de un d\u00eda, habiendo logrado un total de 21 victorias como profesional. El conquense se proclam\u00f3 <strong>campe\u00f3n de Espa\u00f1a en 2013 y 2017<\/strong> y ha ganado hasta <strong>tres etapas en La Vuelta (2019, 2022 y 2023)<\/strong>, una en el Crit\u00e9rium del Dauphin\u00e9 o la general del Tour de Luxemburgo. Ahora firma por una temporada con el equipo burgal\u00e9s.<\/p>\n<p>Jes\u00fas Herrada dio el salto al pelot\u00f3n profesional en 2011, de la mano del Movistar Team, tras haberse proclamado dos veces campe\u00f3n de Espa\u00f1a de contrarreloj en la categor\u00eda junior y una en la categor\u00eda sub-23. No tard\u00f3 en brillar tambi\u00e9n en la \u00e9lite, logrando su primer triunfo profesional en la Vuelta a Asturias de 2012 y un a\u00f1o despu\u00e9s se proclam\u00f3 <strong>campe\u00f3n de Espa\u00f1a en Bembibre<\/strong> con tan solo 22 a\u00f1os. Su buena punta de velocidad, su capacidad escaladora y su car\u00e1cter ofensivo para pelear desde las escapadas le permitieron sumar nuevos triunfos en el Tour de Poitou-Charentes, La Route du Sud, el Tour du Limousin o el prestigioso <strong>Crit\u00e9rium del Dauphin\u00e9<\/strong>, prueba de la m\u00e1xima categor\u00eda de la UCI.<\/p>\n<p>Pronto debut\u00f3 en las tres grandes vueltas, acariciando el triunfo en todas ellas. A lo largo de su carrera ha disputado o<strong>cho ediciones del Tour de Francia, siete de La Vuelta y una del Giro de Italia<\/strong>. En 2017 reedit\u00f3 su t\u00edtulo de campe\u00f3n de Espa\u00f1a en Soria, la que era sexta de las diez medallas que lograr\u00eda a lo largo de su carrera en el certamen nacional. Adem\u00e1s, estuvo a punto de ganar el Gran Premio de Montr\u00e9al en Canad\u00e1, donde acab\u00f3 segundo al sprint. En 2018 cambi\u00f3 de aires, fichando por el Cofidis franc\u00e9s y mantuvo una l\u00ednea ascendente: sum\u00f3 numerosos top-10 en generales de vueltas por etapas y carreras de un d\u00eda, finaliz\u00f3 <strong>cuarto en el Campeonato de Europa de Glasgow<\/strong> con la selecci\u00f3n espa\u00f1ola e incluso lleg\u00f3 a vestir el maillot de l\u00edder de La Vuelta durante dos d\u00edas.<\/p>\n<p>La temporada 2019 fue una de sus mejores, sumando <strong>m\u00e1s de 1.000 puntos UCI<\/strong>. Gan\u00f3 el Trofeo Ses Salines de la Challenge de Mallorca, acab\u00f3 tercero en el Tour de Om\u00e1n, fue segundo en el Gran Premio de Plumelec, gan\u00f3 dos etapas y la general final del Tour de Luxemburgo, inscribi\u00f3 su nombre en el Mont Ventoux D\u00e9nivel\u00e9 Challenge como ganador de la primera edici\u00f3n y conquist\u00f3 su primer triunfo de etapa en La Vuelta, venciendo desde la fuga en la subida a Ares del Maestrat.<\/p>\n<p>En los a\u00f1os siguientes continu\u00f3 siendo un referente en las grandes vueltas y sum\u00f3 numerosos podios en las principales carreras de Francia y Espa\u00f1a. Volvi\u00f3 a ganar en la Challenge de Mallorca, m\u00e1s concretamente en el Trofeo Serra de Tramuntana de 2021, acab\u00f3 segundo y tercero en dos ediciones consecutivas de La Ruta de Occitania y alz\u00f3 nuevamente los brazos en la Classic Grand Besan\u00e7on Doubs de 2022. Ese a\u00f1o lleg\u00f3 <strong>su segunda victoria de etapa en La Vuelta<\/strong>, nuevamente desde la fuga, en la localidad leonesa de Cistierna. El triplete lo completar\u00eda en 2023 resolviendo una escapada numerosa en la jornada entre Lerma y la <strong>Laguna Negra de Vinuesa.<\/strong><\/p>\n<p>Esa temporada llegaron sus \u00faltimos triunfos hasta el momento, logrados en el Tour de Doubs y el Tour de Om\u00e1n, adem\u00e1s de acabar segundo en O Gran Cami\u00f1o. En las dos \u00faltimas campa\u00f1as ha demostrado que mantiene el hambre de victoria. <strong>En 2025 fue segundo en la Cl\u00e1sica Castilla y Le\u00f3n, cuarto en la Mercan\u2019Tour Classic Alpes-Maritimes y quinto en La Ruta de Occitania<\/strong>. En 2026 continuar\u00e1 su dilatada trayectoria en el Burgos Burpellet BH, donde aspira a ser tanto un l\u00edder en la carretera, como un mentor fuera de ella, guiando a los m\u00e1s j\u00f3venes del equipo. Adem\u00e1s, Jes\u00fas seguir\u00e1 los pasos de su hermano mayor Jos\u00e9 Herrada, que corri\u00f3 en la estructura burgalesa all\u00e1 por 2006 y 2007, cuando el equipo daba sus primeros pasos en el pelot\u00f3n UCI.<\/p>\n<p>Jes\u00fas Herrada: \u00abEstoy muy contento de haber firmado con el Burgos Burpellet BH para la temporada 2026. Ten\u00eda ganas de estar en un conjunto espa\u00f1ol y creo que esta era la mejor opci\u00f3n. El equipo tiene muy buen calendario y muchas carreras que se pueden adaptar a mi perfil. Tengo muchas ganas de empezar la pr\u00f3xima temporada y de conocer a los nuevos compa\u00f1eros, tanto ciclistas como staff. <strong>Intentar\u00e9 volver a luchar por alguna victoria<\/strong>. Para m\u00ed y para el equipo ser\u00eda algo muy importante. Adem\u00e1s del deseo y el objetivo de que estemos nuevamente en <strong>La Vuelta<\/strong> y que pueda conseguir una cuarta victoria de etapa. Despu\u00e9s de ocho a\u00f1os en Francia con el Cofidis, sent\u00ed que necesitaba un cambio para renovar esa ilusi\u00f3n y el momento ha llegado ahora. Estos dos \u00faltimos a\u00f1os han sido un poco m\u00e1s dif\u00edciles, sobre todo el 2024 por las ca\u00eddas. Pero en 2025 me he vuelto a encontrar bastante bien y todav\u00eda <strong>me veo muy competitivo y puedo estar delante en muchas carreras<\/strong>. Encantado de seguir un a\u00f1o m\u00e1s con el Burgos Burpellet BH. Ser\u00e1 tambi\u00e9n especial porque fue el primer equipo profesional en el que corri\u00f3 mi hermano Jos\u00e9\u00bb.<\/p>\n<p>Damien Garcia (director deportivo): \u00abJes\u00fas Herrada es un ciclista que no necesita presentaci\u00f3n. Tiene un gran palmar\u00e9s e historia en el ciclismo. <strong>Est\u00e1 todav\u00eda con muchas ganas e ilusi\u00f3n de competir. Seguro que ser\u00e1 un buen capit\u00e1n de ruta y un l\u00edder para el equipo<\/strong>. Estamos ilusionados de trabajar con \u00e9l y deseando planificar bien la pr\u00f3xima temporada. Estamos seguros de que se adaptar\u00e1 bien al grupo y que har\u00e1 una gran temporada 2026\u2033.<\/p>\n","protected":false},"excerpt":{"rendered":"El equipo Burgos Burpellet BH ha anunciado un fichaje estrella para la temporada 2026: Jes\u00fas Herrada se une&hellip;\n","protected":false},"author":2,"featured_media":232995,"comment_status":"","ping_status":"","sticky":false,"template":"","format":"standard","meta":{"footnotes":""},"categories":[273],"tags":[313,312,168,25,24,23,167],"class_list":{"0":"post-232994","1":"post","2":"type-post","3":"status-publish","4":"format-standard","5":"has-post-thumbnail","7":"category-ciclismo","8":"tag-ciclismo","9":"tag-cycling","10":"tag-deportes","11":"tag-es","12":"tag-espana","13":"tag-spain","14":"tag-sports"},"share_on_mastodon":{"url":"https:\/\/pubeurope.com\/@es\/115540155664702685","error":""},"_links":{"self":[{"href":"https:\/\/www.europesays.com\/es\/wp-json\/wp\/v2\/posts\/232994","targetHints":{"allow":["GET"]}}],"collection":[{"href":"https:\/\/www.europesays.com\/es\/wp-json\/wp\/v2\/posts"}],"about":[{"href":"https:\/\/www.europesays.com\/es\/wp-json\/wp\/v2\/types\/post"}],"author":[{"embeddable":true,"href":"https:\/\/www.europesays.com\/es\/wp-json\/wp\/v2\/users\/2"}],"replies":[{"embeddable":true,"href":"https:\/\/www.europesays.com\/es\/wp-json\/wp\/v2\/comments?post=232994"}],"version-history":[{"count":0,"href":"https:\/\/www.europesays.com\/es\/wp-json\/wp\/v2\/posts\/232994\/revisions"}],"wp:featuredmedia":[{"embeddable":true,"href":"https:\/\/www.europesays.com\/es\/wp-json\/wp\/v2\/media\/232995"}],"wp:attachment":[{"href":"https:\/\/www.europesays.com\/es\/wp-json\/wp\/v2\/media?parent=232994"}],"wp:term":[{"taxonomy":"category","embeddable":true,"href":"https:\/\/www.europesays.com\/es\/wp-json\/wp\/v2\/categories?post=232994"},{"taxonomy":"post_tag","embeddable":true,"href":"https:\/\/www.europesays.com\/es\/wp-json\/wp\/v2\/tags?post=232994"}],"curies":[{"name":"wp","href":"https:\/\/api.w.org\/{rel}","templated":true}]}}