{"id":23300,"date":"2025-08-03T17:54:10","date_gmt":"2025-08-03T17:54:10","guid":{"rendered":"https:\/\/www.europesays.com\/es\/23300\/"},"modified":"2025-08-03T17:54:10","modified_gmt":"2025-08-03T17:54:10","slug":"el-precio-de-la-luz-se-dispara-para-este-lunes-4-de-agosto-en-plena-ola-de-calor-las-horas-prohibitivas-para-encender-el-aire-acondicionado","status":"publish","type":"post","link":"https:\/\/www.europesays.com\/es\/23300\/","title":{"rendered":"El precio de la luz se dispara para este lunes 4 de agosto en plena ola de calor: las horas prohibitivas para encender el aire acondicionado"},"content":{"rendered":"<p><a class=\"v-mdl-ath__fig-a\" href=\"https:\/\/www.lasprovincias.es\/autor\/adrian-pedroche-6504.html\" title=\"A. Pedroche\" rel=\"nofollow noopener\" target=\"_blank\"><br \/>\n<img decoding=\"async\" class=\"v-mdl-ath__img\" src=\"https:\/\/www.europesays.com\/es\/wp-content\/uploads\/2025\/08\/autor-6504-foto-1.jpeg\" alt=\"A. Pedroche\"\/><br \/>\n<\/a><\/p>\n<p class=\"v-mdl-ath__p v-mdl-ath__p--6\">\nDomingo, 3 de agosto 2025, 19:41<\/p>\n<p class=\"v-p\">Malas noticias para los consumidores. El precio de la luz sufre un importante repunte de cara este lunes 4 de agosto hasta situarse en los 65&#8217;55 euros por megavatio hora, seg\u00fan datos facilitados por el Operador del Mercado Ib\u00e9rico de la Energ\u00eda (OMIE). Se trata de una subida de un 119&#8217;38% respecto al d\u00eda anterior. Concretamente, 35&#8217;67 euros m\u00e1s.<\/p>\n<p class=\"v-p\">Tambi\u00e9n hay que destacar que no habr\u00e1n tramos gratuitos. Desaparecen. Sin embargo, los tramos m\u00e1s asequibles siguen acumul\u00e1ndose en las horas centrales del d\u00eda. Por otro lado, las horas m\u00e1s caras tambi\u00e9n han aumentado su coste. Frente al escenario de <a href=\"https:\/\/www.lasprovincias.es\/comunitat\/el-tiempo\/aemet-anuncia-calor-comunitat-dias-superaran-grados-20250803145236-nt.html\" title=\"www.lasprovincias.es\" data-voc-vtm-id=\"in-text-traffic\" data-mrf-link=\"www.lasprovincias.es\" rel=\"nofollow noopener\" target=\"_blank\">ola de calor<\/a> que vamos a vivir este lunes en todo el pa\u00eds, es interesante conocer el coste de la electricidad por horas para saber en qu\u00e9 momentos del d\u00eda es m\u00e1s rentable encender el aire acondicionado.<\/p>\n<p class=\"v-p\">La hora m\u00e1s cara tendr\u00e1 lugar entre las 21.00 y las 22.00 horas con un coste de 168&#8217;02 EUR\/MWh. En cambio, el tramo m\u00e1s barato comenzar\u00e1 a las 14.00 y finalizar\u00e1 a las 16.00 horas. Durante esas dos horas la luz tendr\u00e1 un precio de 3&#8217;52 EUR\/MWh.<\/p>\n<p><a href=\"http:\/\/www.lasprovincias.es\/economia\/precio-tabaco-cambia-partir-sabado-decenas-marcas-20250802080550-nt.html#vtm_modulosEngag=mod-rel:economia:noticia:1:cmp:2-not\" class=\"v-a-link\" title=\"El precio del tabaco cambia a partir de este s\u00e1bado en decenas de marcas de cigarros y cigarrillos\" rel=\"nofollow noopener\" target=\"_blank\"><br \/>\n<img decoding=\"async\" loading=\"lazy\" class=\"v-a-img\" src=\"https:\/\/www.europesays.com\/es\/wp-content\/uploads\/2025\/08\/precio-tabaco-kYjD--366x256@Las Provincias-LasProvincias.jpg\" alt=\"El precio del tabaco cambia a partir de este s\u00e1bado en decenas de marcas de cigarros y cigarrillos\"\/><br \/>\n<\/a><\/p>\n<p><a href=\"http:\/\/www.lasprovincias.es\/economia\/precio-butano-primera-semana-agosto-20250802083642-nt.html#vtm_modulosEngag=mod-rel:economia:noticia:2:cmp:2-not\" class=\"v-a-link\" title=\"El precio del butano para la primera semana de agosto\" rel=\"nofollow noopener\" target=\"_blank\"><br \/>\n<img decoding=\"async\" loading=\"lazy\" class=\"v-a-img\" src=\"https:\/\/www.europesays.com\/es\/wp-content\/uploads\/2025\/08\/PRECIO-BUTANO-ky3C--366x256@Las Provincias.jpg\" alt=\"El precio del butano para la primera semana de agosto\"\/><br \/>\n<\/a><\/p>\n<p>Por franjas horarias<\/p>\n<p>Precio de la luz por horas<\/p>\n<tr class=\"v-tbl__r\">\n<\/tr>\n<tr class=\"v-tbl__r\">\n<td class=\"v-tbl__c\">Tramo horario<\/td>\n<td class=\"v-tbl__c\">Euros\/MWh<\/td>\n<\/tr>\n<tr class=\"v-tbl__r\">\n<td class=\"v-tbl__c\">00.00-01.00<\/td>\n<td class=\"v-tbl__c\">80&#8217;99 euros<\/td>\n<\/tr>\n<tr class=\"v-tbl__r\">\n<td class=\"v-tbl__c\">01.00-02.00<\/td>\n<td class=\"v-tbl__c\">80&#8217;4 euros<\/td>\n<\/tr>\n<tr class=\"v-tbl__r\">\n<td class=\"v-tbl__c\">02.00-03.00<\/td>\n<td class=\"v-tbl__c\">80 euros<\/td>\n<\/tr>\n<tr class=\"v-tbl__r\">\n<td class=\"v-tbl__c\">03.00-04.00<\/td>\n<td class=\"v-tbl__c\">80&#8217;4 euros<\/td>\n<\/tr>\n<tr class=\"v-tbl__r\">\n<td class=\"v-tbl__c\">04.00-05.00<\/td>\n<td class=\"v-tbl__c\">85&#8217;27 euros<\/td>\n<\/tr>\n<tr class=\"v-tbl__r\">\n<td class=\"v-tbl__c\">05.00-06.00<\/td>\n<td class=\"v-tbl__c\">85&#8217;27 euros<\/td>\n<\/tr>\n<tr class=\"v-tbl__r\">\n<td class=\"v-tbl__c\">06.00-07.00<\/td>\n<td class=\"v-tbl__c\">95&#8217;67 euros<\/td>\n<\/tr>\n<tr class=\"v-tbl__r\">\n<td class=\"v-tbl__c\">07.00-08.00<\/td>\n<td class=\"v-tbl__c\">106&#8217;23 euros<\/td>\n<\/tr>\n<tr class=\"v-tbl__r\">\n<td class=\"v-tbl__c\">08.00-09.00<\/td>\n<td class=\"v-tbl__c\">97&#8217;81 euros<\/td>\n<\/tr>\n<tr class=\"v-tbl__r\">\n<td class=\"v-tbl__c\">09.00-10.00<\/td>\n<td class=\"v-tbl__c\">52&#8217;57 euros<\/td>\n<\/tr>\n<tr class=\"v-tbl__r\">\n<td class=\"v-tbl__c\">10.00-11.00<\/td>\n<td class=\"v-tbl__c\">30 euros<\/td>\n<\/tr>\n<tr class=\"v-tbl__r\">\n<td class=\"v-tbl__c\">11.00-12.00<\/td>\n<td class=\"v-tbl__c\">13&#8217;75 euros<\/td>\n<\/tr>\n<tr class=\"v-tbl__r\">\n<td class=\"v-tbl__c\">12.00-13.00<\/td>\n<td class=\"v-tbl__c\">6&#8217;76 euros<\/td>\n<\/tr>\n<tr class=\"v-tbl__r\">\n<td class=\"v-tbl__c\">13.00-14.00<\/td>\n<td class=\"v-tbl__c\">4&#8217;05 euros<\/td>\n<\/tr>\n<tr class=\"v-tbl__r\">\n<td class=\"v-tbl__c\">14.00-15.00<\/td>\n<td class=\"v-tbl__c\">3&#8217;52 euros<\/td>\n<\/tr>\n<tr class=\"v-tbl__r\">\n<td class=\"v-tbl__c\">15.00-16.00<\/td>\n<td class=\"v-tbl__c\">3&#8217;52 euros<\/td>\n<\/tr>\n<tr class=\"v-tbl__r\">\n<td class=\"v-tbl__c\">16.00-17.00<\/td>\n<td class=\"v-tbl__c\">5&#8217;79 euros<\/td>\n<\/tr>\n<tr class=\"v-tbl__r\">\n<td class=\"v-tbl__c\">17.00-18.00<\/td>\n<td class=\"v-tbl__c\">26&#8217;35 euros<\/td>\n<\/tr>\n<tr class=\"v-tbl__r\">\n<td class=\"v-tbl__c\">18.00-19.00<\/td>\n<td class=\"v-tbl__c\">38&#8217;94 euros<\/td>\n<\/tr>\n<tr class=\"v-tbl__r\">\n<td class=\"v-tbl__c\">19.00-20.00<\/td>\n<td class=\"v-tbl__c\">70&#8217;77 euros<\/td>\n<\/tr>\n<tr class=\"v-tbl__r\">\n<td class=\"v-tbl__c\">20.00-21.00<\/td>\n<td class=\"v-tbl__c\">103&#8217;25 euros<\/td>\n<\/tr>\n<tr class=\"v-tbl__r\">\n<td class=\"v-tbl__c\">21.00-22.00<\/td>\n<td class=\"v-tbl__c\">168&#8217;02 euros<\/td>\n<\/tr>\n<tr class=\"v-tbl__r\">\n<td class=\"v-tbl__c\">22.00-23.00<\/td>\n<td class=\"v-tbl__c\">138&#8217;8 euros<\/td>\n<\/tr>\n<tr class=\"v-tbl__r\">\n<td class=\"v-tbl__c\">23.00-24.00<\/td>\n<td class=\"v-tbl__c\">115&#8217;04 euros<\/td>\n<\/tr>\n<p class=\"v-p\">El &#8216;pool&#8217; no representa exactamente el importe final en el precio de la luz para un consumidor acogido a la tarifa regulada, ya que desde 2024 se adopt\u00f3 un nuevo m\u00e9todo de c\u00e1lculo del PVPC, que incorpora una cesta de precios a medio y largo plazo para evitar las fuertes oscilaciones, sin perder las referencias de precios a corto plazo que fomentan el ahorro y el consumo eficiente.<\/p>\n<p class=\"v-p\">De esta manera, la proporci\u00f3n de vinculaci\u00f3n con el precio del &#8216;pool&#8217; se ir\u00e1 reduciendo progresivamente, para incorporar las referencias de los mercados de futuros, de modo que estos representaron el 25% en 2024 y ya en 2025 suponen el 40%. A partir de 2026 esa referencia de los mercados de futuros se elevar\u00e1 al 55%.<\/p>\n<p>M\u00e9todo de c\u00e1lculo<\/p>\n<p class=\"v-p\">El &#8216;pool&#8217; no representa exactamente el importe final en el precio de la luz para un consumidor acogido a la tarifa regulada, ya que desde 2024 se adopt\u00f3 nuevo m\u00e9todo de c\u00e1lculo del PVPC, que incorpora una cesta de precios a medio y largo plazo para evitar las fuertes oscilaciones, sin perder las referencias de precios a corto plazo que fomentan el ahorro y el consumo eficiente.<\/p>\n<p class=\"v-p\">En concreto, la proporci\u00f3n de vinculaci\u00f3n con el precio del &#8216;pool&#8217; se ir\u00e1 reduciendo progresivamente, para incorporar las referencias de los mercados de futuros, de modo que \u00e9stos representaron el 25% en 2024, el 40% en este 2025 y llegar\u00e1n al 55% a partir de 2026.<\/p>\n<p><img decoding=\"async\" loading=\"lazy\" class=\"v-cmp-chp__img\" src=\"https:\/\/www.europesays.com\/es\/wp-content\/uploads\/2025\/08\/enchufe-kPrE-U33311127475UFK-208x112@Las Provincias.jpg\" alt=\"Consejos para ahorrar en la factura de la luz\"\/><\/p>\n<p>Consejos para ahorrar en la factura de la luz<\/p>\n<p class=\"v-p\">Para reducir el consumo y abaratar el recibo de la electricidad, puedes seguir estos consejos: <\/p>\n<p>Electrodom\u00e9sticos<\/p>\n<p class=\"v-p\">Para reducir el consumo de los electrodom\u00e9sticos de tu hogar es aconsejable, es aconsejable:<\/p>\n<p class=\"v-p\">&#8211; Desconecta los electrodom\u00e9sticos cuando no est\u00e9s casa por un per\u00edodo largo (vacaciones). <strong>Especialmente el frigor\u00edfico-congelador<\/strong> que consume hasta el 30% del total del consumo de la vivienda.<\/p>\n<p class=\"v-p\">&#8211; Evita dejarlos en &#8216;stand by&#8217; ya que siguen gastando, aunque no consuman.<\/p>\n<p class=\"v-p\">&#8211; Trata de aprovechar las horas de sol para el secado de ropa.<\/p>\n<p>Agua caliente<\/p>\n<p class=\"v-p\">Ser\u00eda recomendable que siempre:<\/p>\n<p class=\"v-p\">&#8211; Uses el agua caliente con prudencia. Es recomendable prestar atenci\u00f3n para que nunca se quede un grifo abierto m\u00e1s de la cuenta.<\/p>\n<p class=\"v-p\">&#8211; Con car\u00e1cter general, una temperatura del agua <strong>entre 30\u00baC y 35\u00baC<\/strong> puede ser suficiente.<\/p>\n<p>Iluminaci\u00f3n<\/p>\n<p class=\"v-p\">Es recomendable:<\/p>\n<p class=\"v-p\">&#8211; Sustituir progresivamente las bombillas incandescentes y hal\u00f3genas por tecnolog\u00eda LED, ya que emplea una potencia diez veces menor que las incandescentes y tienen una vida \u00fatil diez veces mayor, ahorrando hasta un 85% de la energ\u00eda.<\/p>\n<p class=\"v-p\">&#8211; Aprovechar al m\u00e1ximo la luz natural apagando la luz de las zonas iluminadas de manera natural y siempre que haya espacios abiertos o paredes acristaladas que contribuyan a una vigilancia pasiva.<\/p>\n<p>Comenta<\/p>\n<p>Reporta un error<\/p>\n","protected":false},"excerpt":{"rendered":"Domingo, 3 de agosto 2025, 19:41 Malas noticias para los consumidores. El precio de la luz sufre un&hellip;\n","protected":false},"author":2,"featured_media":23301,"comment_status":"","ping_status":"","sticky":false,"template":"","format":"standard","meta":{"footnotes":""},"categories":[80],"tags":[13505,296,4647,82,5658,95,94,11042,25,24,297,1051,1875,3282,13504,23],"class_list":{"0":"post-23300","1":"post","2":"type-post","3":"status-publish","4":"format-standard","5":"has-post-thumbnail","7":"category-economia","8":"tag-acondicionado","9":"tag-agosto","10":"tag-aire","11":"tag-business","12":"tag-dispara","13":"tag-economia","14":"tag-economy","15":"tag-encender","16":"tag-es","17":"tag-espana","18":"tag-horas","19":"tag-lunes","20":"tag-luz","21":"tag-precio","22":"tag-prohibitivas","23":"tag-spain"},"share_on_mastodon":{"url":"","error":""},"_links":{"self":[{"href":"https:\/\/www.europesays.com\/es\/wp-json\/wp\/v2\/posts\/23300","targetHints":{"allow":["GET"]}}],"collection":[{"href":"https:\/\/www.europesays.com\/es\/wp-json\/wp\/v2\/posts"}],"about":[{"href":"https:\/\/www.europesays.com\/es\/wp-json\/wp\/v2\/types\/post"}],"author":[{"embeddable":true,"href":"https:\/\/www.europesays.com\/es\/wp-json\/wp\/v2\/users\/2"}],"replies":[{"embeddable":true,"href":"https:\/\/www.europesays.com\/es\/wp-json\/wp\/v2\/comments?post=23300"}],"version-history":[{"count":0,"href":"https:\/\/www.europesays.com\/es\/wp-json\/wp\/v2\/posts\/23300\/revisions"}],"wp:featuredmedia":[{"embeddable":true,"href":"https:\/\/www.europesays.com\/es\/wp-json\/wp\/v2\/media\/23301"}],"wp:attachment":[{"href":"https:\/\/www.europesays.com\/es\/wp-json\/wp\/v2\/media?parent=23300"}],"wp:term":[{"taxonomy":"category","embeddable":true,"href":"https:\/\/www.europesays.com\/es\/wp-json\/wp\/v2\/categories?post=23300"},{"taxonomy":"post_tag","embeddable":true,"href":"https:\/\/www.europesays.com\/es\/wp-json\/wp\/v2\/tags?post=23300"}],"curies":[{"name":"wp","href":"https:\/\/api.w.org\/{rel}","templated":true}]}}