{"id":233000,"date":"2025-11-13T03:03:09","date_gmt":"2025-11-13T03:03:09","guid":{"rendered":"https:\/\/www.europesays.com\/es\/233000\/"},"modified":"2025-11-13T03:03:09","modified_gmt":"2025-11-13T03:03:09","slug":"la-pregunta-a-la-que-david-bustamante-se-nego-a-responder-eso-no-lo-voy-a-decir","status":"publish","type":"post","link":"https:\/\/www.europesays.com\/es\/233000\/","title":{"rendered":"La pregunta a la que David Bustamante se neg\u00f3 a responder: \u00abEso no lo voy a decir\u00bb"},"content":{"rendered":"<p><a class=\"v-mdl-ath__fig-a\" href=\"https:\/\/www.elcorreo.com\/autor\/marina-leon-6788.html\" title=\"Marina Le\u00f3n\" rel=\"nofollow noopener\" target=\"_blank\"><br \/>\n<img decoding=\"async\" class=\"v-mdl-ath__img\" src=\"https:\/\/www.europesays.com\/es\/wp-content\/uploads\/2025\/09\/autor-6788-foto-1.jpeg\" alt=\"Marina Le\u00f3n\"\/><br \/>\n<\/a><\/p>\n<p class=\"v-mdl-ath__p v-mdl-ath__p--6\">\nMi\u00e9rcoles, 12 de noviembre 2025, 22:46<\/p>\n<p class=\"v-p\">David Bustamante visit\u00f3 este mi\u00e9rcoles &#8216;La Revuelta&#8217; por segunda vez para presentar &#8216;In\u00e9dito&#8217;, su \u00faltimo \u00e1lbum de estudio que lanz\u00f3 el pasado 24 de octubre. \u00abMe hace mucha gracia c\u00f3mo has entrado\u00bb, coment\u00f3 David Broncano. \u00abSoy incapaz de salir al escenario ni a ning\u00fan sitio sin pisar tres veces con la pierna derecha\u00bb, confes\u00f3 el cantante.<\/p>\n<p class=\"v-p\">El artista c\u00e1ntabro recibi\u00f3 encantado los piropos que le lanzaron Broncano y Grison. \u00abEst\u00e1 mazado, es una inspiraci\u00f3n para m\u00ed\u00bb, asegur\u00f3 el \u00faltimo. Sobre su alimentaci\u00f3n, el invitado cont\u00f3 que \u00abno como dulces. Como mucho y muy bien, pero m\u00e1s saludable\u00bb, puntualiz\u00f3. En cuanto a los regalos, Bustamante lleg\u00f3 con \u00abalgo de uno de mis mejores amigos. Un deportista que tuvo muy mala suerte con las lesiones\u00bb. As\u00ed present\u00f3 el nuevo libro del extenista Roberto Carretero, &#8216;El tenis desde dentro&#8217;. Pero el detalle ten\u00eda trampa, y es que dentro de la bolsa tambi\u00e9n estaba el \u00faltimo perfume del cantante. \u00abHemos llegado a 13 colonias y vamos a seguir\u00bb, asegur\u00f3.<\/p>\n<p class=\"v-p\">Durante la entrevista, Bustamante reconoci\u00f3 que no uso mucho el metro en Madrid, \u00abpero como vivo a las afueras utilizo mucho el autob\u00fas urbano\u00bb, se\u00f1al\u00f3. El de Ja\u00e9n quiso saber qu\u00e9 l\u00ednea coge. \u00abEso no lo voy a decir&#8230;\u00bb, respondi\u00f3. \u00abPuedo intuir cu\u00e1l es\u00bb, replic\u00f3 el humorista. \u00abSi quieres digo la direcci\u00f3n en la que vives t\u00fa\u00bb, salt\u00f3 el cantante, dejando claro que prefiere no dar pistas sobre d\u00f3nde est\u00e1 su casa.<\/p>\n<p class=\"v-p\">Lo que s\u00ed cont\u00f3 al detalle fue su rutina. \u00abMe despierto a las seis de la ma\u00f1ana y me voy a caminar hora y media en ayunas. Despu\u00e9s me voy al gimnasio y luego al estudio con los m\u00fasicos\u00bb, detall\u00f3. Aunque el de San Vicente de la Barquera tiene unos h\u00e1bitos saludables, hay algo que s\u00ed le gustar\u00eda cambiar. \u00abMi uso diario medio del m\u00f3vil es de cinco horas, y no me gusta\u00bb, apunt\u00f3.<\/p>\n<p class=\"v-p\">El int\u00e9rprete est\u00e1 a punto de poner fin a su gira, &#8216;In\u00e9dito Tour&#8217;, de la que tan solo quedan tres conciertos, en Logro\u00f1o, Gij\u00f3n y el 30 de noviembre en Las Ventas, Madrid. La sorpresa de la noche lleg\u00f3 cuando el promotor del show invit\u00f3 al p\u00fablico y al equipo del programa al \u00faltimo concierto en la capital madrile\u00f1a. Broncano aprovech\u00f3 la ocasi\u00f3n para preguntarle al invitado sobre Andy y Lucas. \u00abS\u00e9 lo mismo que t\u00fa, que se rompi\u00f3 el amor. Les deseo lo mejor a los dos\u00bb, respondi\u00f3 antes de interpretar con su guitarra uno de sus \u00faltimos temas, &#8216;S\u00e9&#8217;. <\/p>\n<p>Reporta un error<\/p>\n","protected":false},"excerpt":{"rendered":"Mi\u00e9rcoles, 12 de noviembre 2025, 22:46 David Bustamante visit\u00f3 este mi\u00e9rcoles &#8216;La Revuelta&#8217; por segunda vez para presentar&hellip;\n","protected":false},"author":2,"featured_media":233001,"comment_status":"","ping_status":"","sticky":false,"template":"","format":"standard","meta":{"footnotes":""},"categories":[174],"tags":[4898,255,2429,29448,146,147,25,24,256,37642,9464,21458,23],"class_list":{"0":"post-233000","1":"post","2":"type-post","3":"status-publish","4":"format-standard","5":"has-post-thumbnail","7":"category-famosos","8":"tag-bustamante","9":"tag-celebrities","10":"tag-david","11":"tag-decir","12":"tag-entertainment","13":"tag-entretenimiento","14":"tag-es","15":"tag-espana","16":"tag-famosos","17":"tag-nego","18":"tag-pregunta","19":"tag-responder","20":"tag-spain"},"share_on_mastodon":{"url":"https:\/\/pubeurope.com\/@es\/115540171689224733","error":""},"_links":{"self":[{"href":"https:\/\/www.europesays.com\/es\/wp-json\/wp\/v2\/posts\/233000","targetHints":{"allow":["GET"]}}],"collection":[{"href":"https:\/\/www.europesays.com\/es\/wp-json\/wp\/v2\/posts"}],"about":[{"href":"https:\/\/www.europesays.com\/es\/wp-json\/wp\/v2\/types\/post"}],"author":[{"embeddable":true,"href":"https:\/\/www.europesays.com\/es\/wp-json\/wp\/v2\/users\/2"}],"replies":[{"embeddable":true,"href":"https:\/\/www.europesays.com\/es\/wp-json\/wp\/v2\/comments?post=233000"}],"version-history":[{"count":0,"href":"https:\/\/www.europesays.com\/es\/wp-json\/wp\/v2\/posts\/233000\/revisions"}],"wp:featuredmedia":[{"embeddable":true,"href":"https:\/\/www.europesays.com\/es\/wp-json\/wp\/v2\/media\/233001"}],"wp:attachment":[{"href":"https:\/\/www.europesays.com\/es\/wp-json\/wp\/v2\/media?parent=233000"}],"wp:term":[{"taxonomy":"category","embeddable":true,"href":"https:\/\/www.europesays.com\/es\/wp-json\/wp\/v2\/categories?post=233000"},{"taxonomy":"post_tag","embeddable":true,"href":"https:\/\/www.europesays.com\/es\/wp-json\/wp\/v2\/tags?post=233000"}],"curies":[{"name":"wp","href":"https:\/\/api.w.org\/{rel}","templated":true}]}}