{"id":233004,"date":"2025-11-13T03:06:10","date_gmt":"2025-11-13T03:06:10","guid":{"rendered":"https:\/\/www.europesays.com\/es\/233004\/"},"modified":"2025-11-13T03:06:10","modified_gmt":"2025-11-13T03:06:10","slug":"pablo-alboran-se-lleva-todos-los-aplausos-con-un-contundente-alegato-a-favor-de-la-sanidad-publica","status":"publish","type":"post","link":"https:\/\/www.europesays.com\/es\/233004\/","title":{"rendered":"Pablo Albor\u00e1n se lleva todos los aplausos con un contundente alegato a favor de la sanidad p\u00fablica"},"content":{"rendered":"<p class=\"voc-p\" style=\"\">Esta vez, el artista acud\u00eda al formato con raci\u00f3n doble de novedades: el <a href=\"https:\/\/www.abc.es\/cultura\/musica\/pablo-alboran-pasan-extremas-empiezas-conocerte-20251105095113-vi.html\" target=\"_self\" data-voc-vtm-id=\"in-text-traffic\" title=\"lanzamiento de su nuevo \u00e1lbum, &#039;KM0&#039;\" data-mrf-link=\"www.abc.es\" rel=\"nofollow noopener\">lanzamiento de su nuevo \u00e1lbum, &#8216;KM0&#8217;<\/a>, y su vuelta a los escenarios con la gira internacional <strong>&#8216;Global Tour KM0 2026<\/strong>&#8216;. Tambi\u00e9n <strong>Pablo Motos<\/strong> se guardaba una noticia que darle, y la desvel\u00f3 nada m\u00e1s entrar. \u00abEres invitado Infinity, hoy es tu visita n\u00famero 20\u00bb, le anunciaba al malague\u00f1o, quien reclamaba en broma sus derechos por pertenecer al exclusivo club del programa. El presentador le entreg\u00f3 la taza, la tarjeta, y por supuesto, el lujoso reloj joya valorado en m\u00e1s de 3.000 euros. <\/p>\n<p class=\"voc-p\" style=\"\">Recibidos los regalos, invitado y presentador mostraban al p\u00fablico la edici\u00f3n en vinilo del <strong>\u2018KM0\u2019<\/strong>. \u00abYa no sabemos qu\u00e9 hacer para que la gente siga enganchada lo material. Es necesario tambi\u00e9n oler los discos, ponerlos. Yo estoy loco porque no se pierda todo el trabajo artesanal que lleva este disco\u00bb. Con el plus de que adem\u00e1s est\u00e1 dise\u00f1ado \u00abpor el ser humano m\u00e1s maravilloso que existe en la Tierra\u00bb, su hermano. \u00abTrabajar con \u00e9l este disco ha sido un sue\u00f1o\u00bb, reiter\u00f3 Albor\u00e1n.<\/p>\n<p>\nUn disco &#8216;salvajemente cl\u00e1sico&#8217;\n<\/p>\n<p class=\"voc-p\" style=\"\">Para abrir boca, el malague\u00f1o describi\u00f3 este nuevo trabajo como \u00absalvajemente cl\u00e1sico\u00bb. \u00abTiene un lado muy espont\u00e1neo, muy vehemente, muy de no pensar en las consecuencias de probar estilos diferentes. Adem\u00e1s, de incluir canciones con una libertad estructural, pero tambi\u00e9n con una parte donde est\u00e1 el ADN de mis inicios: la m\u00fasica cl\u00e1sica, las baladas, los boleros, la m\u00fasica emocional\u2026 Es s\u00faper importante y este disco hay una vuelta un poco a esas canciones. Entonces, vais a encontrar canciones con sus estructuras, con sus intros, sus estrofas, pre coros, coros, solos de guitarra, solos de cuerda, de viento, y obviamente, unas letras que he hecho desde el coraz\u00f3n y con much\u00edsima verdad\u00bb, explic\u00f3 el artista.<\/p>\n<p class=\"voc-p\" style=\"\">Una de las canciones m\u00e1s especiales es <strong>\u2018Mis 36<\/strong>\u2019, la \u00faltima escribi\u00f3. De hecho, el \u00e1lbum ya estaba terminado y entregado. Pero subi\u00f3 una estrofa del tema a redes sociales y a la gente le encant\u00f3. Lo par\u00f3 todo y se fue a grabar al estudio. \u00abHabla, en cierto modo, del amor propio, de que en una relaci\u00f3n creo que hay que ponerse en primer lugar a veces y decir, \u2018oye, yo te quiero, pero necesito sentir que me quieres tambi\u00e9n, y o me quieres como yo te quiero, o me marcho\u2019. No pasa nada por ponerse en primer lugar a veces, uno no tiene que estar mendigando amor. No pasa nada por cerrar la puerta y marcharse\u00bb, coment\u00f3. <\/p>\n<p class=\"voc-p\" style=\"\">Al hilo, Albor\u00e1n y Motos se enfrascaron en una larga charla sobre el amor, la convivencia, el miedo al compromiso y las relaciones en general en las que el presentador, con 30 a\u00f1os de matrimonio a sus espaldas, sent\u00f3 c\u00e1tedra. Cuando se dieron cuenta, se hab\u00eda pasado m\u00e1s de la mitad de la entrevista. \u00abMe metes en unos sitios\u2026 \u00bb, lo reprendi\u00f3 en el de Requena en clave de humor.<\/p>\n<p class=\"voc-p\" style=\"\">Profundizar tambi\u00e9n en<strong> &#8216;Planta 7<\/strong>&#8216;, tema dedicado a los profesionales sanitarios. \u00abQuer\u00eda hacerle un homenaje a toda la gente que cuida, los m\u00e9dicos de nuestra sanidad p\u00fablica que necesitan nuestra ayuda y nuestra voz para defender sus derechos, est\u00e1n en peligro de extinci\u00f3n y no podemos permitirlo\u00bb, reivindic\u00f3.   Tras eso, el artista hizo balance sobre su nueva faceta actoral. \u00abHe tenido que hacer un ejercicio muy heavy de\u2026 Cuando estaba construyendo y preparando a Jon, que es un poco insoportable, ten\u00eda que conocer como es la risa de jon, que odia, sus valores, que m\u00fasica escucha\u2026 Y siempre intentaba construir algo opuesto a mi. Es un trabajo de b\u00fasqueda y, para eso, te tienes que abandonar\u00bb. <\/p>\n","protected":false},"excerpt":{"rendered":"Esta vez, el artista acud\u00eda al formato con raci\u00f3n doble de novedades: el lanzamiento de su nuevo \u00e1lbum,&hellip;\n","protected":false},"author":2,"featured_media":233005,"comment_status":"","ping_status":"","sticky":false,"template":"","format":"standard","meta":{"footnotes":""},"categories":[171],"tags":[42848,146,147,25,24,618,23,214],"class_list":{"0":"post-233004","1":"post","2":"type-post","3":"status-publish","4":"format-standard","5":"has-post-thumbnail","7":"category-tv","8":"tag-alboran","9":"tag-entertainment","10":"tag-entretenimiento","11":"tag-es","12":"tag-espana","13":"tag-pablo","14":"tag-spain","15":"tag-tv"},"share_on_mastodon":{"url":"https:\/\/pubeurope.com\/@es\/115540183236831675","error":""},"_links":{"self":[{"href":"https:\/\/www.europesays.com\/es\/wp-json\/wp\/v2\/posts\/233004","targetHints":{"allow":["GET"]}}],"collection":[{"href":"https:\/\/www.europesays.com\/es\/wp-json\/wp\/v2\/posts"}],"about":[{"href":"https:\/\/www.europesays.com\/es\/wp-json\/wp\/v2\/types\/post"}],"author":[{"embeddable":true,"href":"https:\/\/www.europesays.com\/es\/wp-json\/wp\/v2\/users\/2"}],"replies":[{"embeddable":true,"href":"https:\/\/www.europesays.com\/es\/wp-json\/wp\/v2\/comments?post=233004"}],"version-history":[{"count":0,"href":"https:\/\/www.europesays.com\/es\/wp-json\/wp\/v2\/posts\/233004\/revisions"}],"wp:featuredmedia":[{"embeddable":true,"href":"https:\/\/www.europesays.com\/es\/wp-json\/wp\/v2\/media\/233005"}],"wp:attachment":[{"href":"https:\/\/www.europesays.com\/es\/wp-json\/wp\/v2\/media?parent=233004"}],"wp:term":[{"taxonomy":"category","embeddable":true,"href":"https:\/\/www.europesays.com\/es\/wp-json\/wp\/v2\/categories?post=233004"},{"taxonomy":"post_tag","embeddable":true,"href":"https:\/\/www.europesays.com\/es\/wp-json\/wp\/v2\/tags?post=233004"}],"curies":[{"name":"wp","href":"https:\/\/api.w.org\/{rel}","templated":true}]}}