{"id":233006,"date":"2025-11-13T03:07:15","date_gmt":"2025-11-13T03:07:15","guid":{"rendered":"https:\/\/www.europesays.com\/es\/233006\/"},"modified":"2025-11-13T03:07:15","modified_gmt":"2025-11-13T03:07:15","slug":"altagama-mad-cool-2026","status":"publish","type":"post","link":"https:\/\/www.europesays.com\/es\/233006\/","title":{"rendered":"ALTAGAMA &#8211; Mad Cool 2026"},"content":{"rendered":"<p>Del 8 al 11 de julio de 2026 Mad Cool celebrar\u00e1 en Madrid su d\u00e9cima edici\u00f3n. Un aniversario redondo para el que contar\u00e1 con el mismo recinto, nuevo formato, cuatro jornadas de conciertos y un cartel con nombres como Foo Fighters, CMAT, Jehnny Beth, Interpol, Pulp, Lorde, Matt Berninger&#8230; y todo los que suenan en el ALTAGAMA de hoy, en el que te preparamos para el que promete ser uno de los festivales de la temporada.<\/p>\n<p>Playlist:<\/p>\n<p>Moby &#8211; Bodyrock<\/p>\n<p>Jalen Ngonda &#8211; If You Don&#8217;t Want My Love<\/p>\n<p>La Paloma &#8211; Las Cosas Que Me Gustan<\/p>\n<p>The Blaze &#8211; SHE<\/p>\n<p>Nick Cave &amp; The Bad Seeds &#8211; Nature Boy<\/p>\n<p>Florence + The Machine &#8211; Buckle<\/p>\n<p>Hoonine &#8211; Ven A Mi Casa<\/p>\n<p>The Last Dinner Party &#8211; Agnus Dei<\/p>\n<p>Soulwax &#8211; Run Free<\/p>\n<p>Usted Se\u00f1alemelo &#8211; Salto Al Espacio<\/p>\n<p>Pixies &#8211; You&#8217;re So Impatient<\/p>\n<p>Wolf Alice &#8211; Just Two Girls<\/p>\n<p>The War On Drugs &#8211; Red Eyes<\/p>\n<p>Sigrid &#8211; Two Years<\/p>\n<p>David Byrne, Ghost Train Orchestra &#8211; A Door Called No<\/p>\n","protected":false},"excerpt":{"rendered":"Del 8 al 11 de julio de 2026 Mad Cool celebrar\u00e1 en Madrid su d\u00e9cima edici\u00f3n. Un aniversario&hellip;\n","protected":false},"author":2,"featured_media":233007,"comment_status":"","ping_status":"","sticky":false,"template":"","format":"standard","meta":{"footnotes":""},"categories":[170],"tags":[36599,146,147,25,24,60076,184,185,133,1448,1986,1987,23],"class_list":{"0":"post-233006","1":"post","2":"type-post","3":"status-publish","4":"format-standard","5":"has-post-thumbnail","7":"category-musica","8":"tag-altagama","9":"tag-entertainment","10":"tag-entretenimiento","11":"tag-es","12":"tag-espana","13":"tag-mad-cool-2026","14":"tag-music","15":"tag-musica","16":"tag-online","17":"tag-radio","18":"tag-rne","19":"tag-rtve-play","20":"tag-spain"},"share_on_mastodon":{"url":"https:\/\/pubeurope.com\/@es\/115540187250446082","error":""},"_links":{"self":[{"href":"https:\/\/www.europesays.com\/es\/wp-json\/wp\/v2\/posts\/233006","targetHints":{"allow":["GET"]}}],"collection":[{"href":"https:\/\/www.europesays.com\/es\/wp-json\/wp\/v2\/posts"}],"about":[{"href":"https:\/\/www.europesays.com\/es\/wp-json\/wp\/v2\/types\/post"}],"author":[{"embeddable":true,"href":"https:\/\/www.europesays.com\/es\/wp-json\/wp\/v2\/users\/2"}],"replies":[{"embeddable":true,"href":"https:\/\/www.europesays.com\/es\/wp-json\/wp\/v2\/comments?post=233006"}],"version-history":[{"count":0,"href":"https:\/\/www.europesays.com\/es\/wp-json\/wp\/v2\/posts\/233006\/revisions"}],"wp:featuredmedia":[{"embeddable":true,"href":"https:\/\/www.europesays.com\/es\/wp-json\/wp\/v2\/media\/233007"}],"wp:attachment":[{"href":"https:\/\/www.europesays.com\/es\/wp-json\/wp\/v2\/media?parent=233006"}],"wp:term":[{"taxonomy":"category","embeddable":true,"href":"https:\/\/www.europesays.com\/es\/wp-json\/wp\/v2\/categories?post=233006"},{"taxonomy":"post_tag","embeddable":true,"href":"https:\/\/www.europesays.com\/es\/wp-json\/wp\/v2\/tags?post=233006"}],"curies":[{"name":"wp","href":"https:\/\/api.w.org\/{rel}","templated":true}]}}