{"id":233016,"date":"2025-11-13T03:13:09","date_gmt":"2025-11-13T03:13:09","guid":{"rendered":"https:\/\/www.europesays.com\/es\/233016\/"},"modified":"2025-11-13T03:13:09","modified_gmt":"2025-11-13T03:13:09","slug":"recasens-anfac-renault-espana-ha-dejado-de-producir-2-millones-de-vehiculos-desde-el-covid-expansion","status":"publish","type":"post","link":"https:\/\/www.europesays.com\/es\/233016\/","title":{"rendered":"Recasens (Anfac\/Renault): &quot;Espa\u00f1a ha dejado de producir 2 millones de veh\u00edculos desde el covid&quot; &#8211; Expansi\u00f3n"},"content":{"rendered":"<ol>\n<li><a href=\"https:\/\/news.google.com\/rss\/articles\/CBMiiAFBVV95cUxNbXN1eDU4ekVoNXNfWlVaY0JTYWhBdXphTW9mMVZvb2ZGTUNRb1JDSVo2SlZJS1lyLUJobERtVWFDdjR2bzBfcnlVWmE2cDBOQ3kxRk5aWkNrVlF4Uk5lSERQNG1jeG9UX3JTRFdtb0FMamNyazM2S2pKMl9ZZGh1aWxNSWEyWjBJ0gGIAUFVX3lxTE5jMkRZTXA1V1JWa2doSnU5Q3NvVXo4RHZ6WWtWcnFlTnM1UHVmUmJPWnEtS3Y5clJFY3l4UTlCTTg1V0ZVWUpldWhGUEhWdjliZGVLT09NYm9xb2ZWRWxWbl9tWEdBcDFuLVZuUXUtRDE5TXlnUXZYYlYyQVk1LURZQk42aVF1Ung?oc=5\" target=\"_blank\" rel=\"nofollow noopener\">Recasens (Anfac\/Renault): \u00abEspa\u00f1a ha dejado de producir 2 millones de veh\u00edculos desde el covid\u00bb<\/a>&nbsp;&nbsp;Expansi\u00f3n<\/li>\n<li><a href=\"https:\/\/news.google.com\/rss\/articles\/CBMi-wFBVV95cUxNdlpReWdTcl9ZWGpvYzF2cnN3Wlo5TXRzWE1rNFFnUWw4OXFieE9EbnBKUWRwRDhDLWF5R1RNNjRIOUpCRlNBOUxfVWpUTHV2LS1UQi1rTkdPV0plWmhWakhhSHZDNEk2MVFiUG5Dd09YX3FmYnFRemJIWVRiRW9CT2hmcTd4c1BBUnluZmZQVkR2cm5QZXBadTZxOWNLN3dlVGxWdkNNOUxVM1o1T092aC01M0FZUHhXZUN4UnlLZVZvUjBCcDFiWHVJYTBTNFVpQVRVbFV0UWxCVDBpU2hJemRSUHMwZlhzSVhCWUhwQ3M5VFIzNTd0MlI0NA?oc=5\" target=\"_blank\" rel=\"nofollow noopener\">Recasens (Renault): \u201cNo podemos permitir que China venga a Europa a hacer cuatro chapas con ruedas sin valor a\u00f1adido\u201d<\/a>&nbsp;&nbsp;Cinco D\u00edas<\/li>\n<li><a href=\"https:\/\/news.google.com\/rss\/articles\/CBMiwAFBVV95cUxOQjFqWDFDYkdsa2hNaEo5R2FNVlZhSzhzY2U0aE9OUTVwNzlYcHVOWUVjakdxeDdXeTdTMXU5ajJkUzFSYUZtNHRtbEhlN3ZVLW1XLW5odEp0ODlzWVRWbEdDSnNZa0NScjFQckVoMFhXaDdYTkZ3WmhTeHN1Yy1wSk5nN3BYczFpRkdNX1JxSHJMRU5nanhiYVIwUVE5RlVsMVJ2SzBXNEpEY2lRZ0ROUXFlbUZVWUp4TTlfRTBwSmk?oc=5\" target=\"_blank\" rel=\"nofollow noopener\">Anfac alerta de la \u201cdestrucci\u00f3n de empleo\u201d en la cadena de suministro del motor en Europa<\/a>&nbsp;&nbsp;La Vanguardia<\/li>\n<li><a href=\"https:\/\/news.google.com\/rss\/articles\/CBMi3AFBVV95cUxPcV9Fdnp2UDUyRUdLTEVEd2lYbFhicXJYdzhlWTZSejhjYVR1Zk9SUU92N05aTFFHZmxIWE11S0VURFd6N0NhRzh4elJRbFRGblJsNXltNmRNaURQMzRiVURhZkx0aGUzY3FaU3VKNWxhU0dNRjV2RWJSeGJPMEJSU1FkQmlwenJ6THZhMFNDbXU5dDh2Vl9xY2NrSWE3cXF5bEVabF9VdERZdjlGMG8wSFlIcndHVGhlOXlUU2FmNWtmMUJMbUtWREc2ekdfb2ZBckRsRDdFR3ZiUUVT?oc=5\" target=\"_blank\" rel=\"nofollow noopener\">Recasens (Anfac) considera que para avanzar en el veh\u00edculo el\u00e9ctrico son necesarias ayudas Por EFE<\/a>&nbsp;&nbsp;Investing.com Espa\u00f1ol<\/li>\n<li><a href=\"https:\/\/news.google.com\/rss\/articles\/CBMi4AFBVV95cUxQQmxaSEtQYzllWVUwNVBsSlN2ZW9tTUhtWk9GdmFkaDk0d1NBV2VzWkFEQ3hqb283T3VKZFpYa25DNjNJa2p0MzVPTV8yWDZjWmVTR3lfR0w1R0xobGlZMGFpNDVJRjhka0FRc2R4bzZKTTgzTG1KRnQ2MjlWcnlxdi1PeGV0aExNdV9NSUVHZEJQZWcyS0NHVHQ2dzMwWEhpV25JeEQ3UVZuNnRHRzJyaVUtNmtsU1hwQXRvQkljUFJIZ3E4Z3o4dDZqN05YZ0hobDI3TTcxd1ZIYm5KQi1ybg?oc=5\" target=\"_blank\" rel=\"nofollow noopener\">Recasens (Anfac) pide a Europa que se ponga \u00ablas pilas\u00bb y vele por el futuro del sector automovil\u00edstico<\/a>&nbsp;&nbsp;Europa Press<\/li>\n<\/ol>\n","protected":false},"excerpt":{"rendered":"Recasens (Anfac\/Renault): \u00abEspa\u00f1a ha dejado de producir 2 millones de veh\u00edculos desde el covid\u00bb&nbsp;&nbsp;Expansi\u00f3n Recasens (Renault): \u201cNo podemos&hellip;\n","protected":false},"author":2,"featured_media":233017,"comment_status":"","ping_status":"","sticky":false,"template":"","format":"standard","meta":{"footnotes":""},"categories":[80],"tags":[82,95,94,2308,32085,25,24,2362,23],"class_list":{"0":"post-233016","1":"post","2":"type-post","3":"status-publish","4":"format-standard","5":"has-post-thumbnail","7":"category-economia","8":"tag-business","9":"tag-economia","10":"tag-economy","11":"tag-empresas","12":"tag-empresas-motor","13":"tag-es","14":"tag-espana","15":"tag-motor","16":"tag-spain"},"share_on_mastodon":{"url":"https:\/\/pubeurope.com\/@es\/115540210870548541","error":""},"_links":{"self":[{"href":"https:\/\/www.europesays.com\/es\/wp-json\/wp\/v2\/posts\/233016","targetHints":{"allow":["GET"]}}],"collection":[{"href":"https:\/\/www.europesays.com\/es\/wp-json\/wp\/v2\/posts"}],"about":[{"href":"https:\/\/www.europesays.com\/es\/wp-json\/wp\/v2\/types\/post"}],"author":[{"embeddable":true,"href":"https:\/\/www.europesays.com\/es\/wp-json\/wp\/v2\/users\/2"}],"replies":[{"embeddable":true,"href":"https:\/\/www.europesays.com\/es\/wp-json\/wp\/v2\/comments?post=233016"}],"version-history":[{"count":0,"href":"https:\/\/www.europesays.com\/es\/wp-json\/wp\/v2\/posts\/233016\/revisions"}],"wp:featuredmedia":[{"embeddable":true,"href":"https:\/\/www.europesays.com\/es\/wp-json\/wp\/v2\/media\/233017"}],"wp:attachment":[{"href":"https:\/\/www.europesays.com\/es\/wp-json\/wp\/v2\/media?parent=233016"}],"wp:term":[{"taxonomy":"category","embeddable":true,"href":"https:\/\/www.europesays.com\/es\/wp-json\/wp\/v2\/categories?post=233016"},{"taxonomy":"post_tag","embeddable":true,"href":"https:\/\/www.europesays.com\/es\/wp-json\/wp\/v2\/tags?post=233016"}],"curies":[{"name":"wp","href":"https:\/\/api.w.org\/{rel}","templated":true}]}}