{"id":233020,"date":"2025-11-13T03:15:15","date_gmt":"2025-11-13T03:15:15","guid":{"rendered":"https:\/\/www.europesays.com\/es\/233020\/"},"modified":"2025-11-13T03:15:15","modified_gmt":"2025-11-13T03:15:15","slug":"el-consejo-economico-social-confirma-que-la-llegada-de-inmigrantes-potencia-el-crecimiento-economico-y-la-innovacion-en-espana","status":"publish","type":"post","link":"https:\/\/www.europesays.com\/es\/233020\/","title":{"rendered":"El Consejo Econ\u00f3mico Social confirma que la llegada de inmigrantes potencia el crecimiento econ\u00f3mico y la innovaci\u00f3n en Espa\u00f1a"},"content":{"rendered":"<p class=\"article-text\">\n        Tras unos a\u00f1os en los que la narrativa antiinmigraci\u00f3n ha pasado de ser residual a aumentar su espacio en las instituciones, el Consejo Econ\u00f3mico y Social (CES) ha elaborado un informe encargado por el Ministerio de Inclusi\u00f3n para hacer un diagn\u00f3stico sobre la realidad de la inmigraci\u00f3n en Espa\u00f1a en medio de tanto ruido. Despu\u00e9s de varios a\u00f1os de intenso incremento de la poblaci\u00f3n extranjera tras el par\u00f3n de la pandemia, el \u00f3rgano consultivo concluye que la inmigraci\u00f3n se ha convertido en un factor estructural para el crecimiento econ\u00f3mico, el sostenimiento del sistema de bienestar y la cohesi\u00f3n social.\n    <\/p>\n<p class=\"article-text\">\n        El documento ha sido presentado en el Ministerio de Inclusi\u00f3n por parte de la ministra Elma Saiz y el presidente del CES, Ant\u00f3n Costas.  \u201cEl modelo migratorio espa\u00f1ol genera prosperidad compartida, y no lo decimos solo nosotros: nuestra pol\u00edtica migratoria es reconocida en Europa, y fuera de ella, como ejemplo de equilibrio, eficacia y humanidad y parte de ese \u00e9xito radica en una convicci\u00f3n: las pol\u00edticas p\u00fablicas deben basarse en el conocimiento\u201d, ha se\u00f1alado la responsable de Migraciones tras recibir el documento por parte de Costas.\n    <\/p>\n<p class=\"article-text\">\n        \u201cDesde 2019, el ciclo inmigratorio en Espa\u00f1a ha entrado en una fase m\u00e1s madura. Despu\u00e9s del pico alcanzado en 2024, el ritmo de crecimiento se ha moderado en 2025 y tiende a reducirse\u201d, ha indicado Costas.\n    <\/p>\n<p class=\"article-text\">\n        El estudio confirma que el empleo es la motivaci\u00f3n principal de la mayor\u00eda de los proyectos migratorios: ocho de cada diez personas llegadas a Espa\u00f1a a lo largo de este siglo se han incorporado a la poblaci\u00f3n activa, concluyen sus estimaciones.  \u201cLa inmigraci\u00f3n, por tanto, sin constituir la soluci\u00f3n al envejecimiento de la poblaci\u00f3n, resulta imprescindible para el mantenimiento del crecimiento demogr\u00e1fico y la capacidad productiva en nuestro pa\u00eds, siendo decisiva para el funcionamiento de la econom\u00eda, el mercado de trabajo y el Estado de Bienestar\u201d, reitera el CES. Por ello, a\u00f1ade, Espa\u00f1a necesitar\u00e1 2,4 millones de trabajadores en la pr\u00f3xima d\u00e9cada para mantener su capacidad productiva.\n    <\/p>\n<p class=\"article-text\">\n        El informe del CES confirma que la inmigraci\u00f3n ha sido un motor esencial del crecimiento espa\u00f1ol en la \u00faltima d\u00e9cada. Seg\u00fan el Consejo, las personas de origen extranjero han contribuido a la recuperaci\u00f3n tras la pandemia, han ampliado la poblaci\u00f3n activa y han sostenido el sistema de pensiones en un pa\u00eds con envejecimiento acelerado.\n    <\/p>\n<p class=\"article-text\">\n        \u201cEste impacto ha sido especialmente importante tras la pandemia, donde la intensidad de los flujos migratorios hacia Espa\u00f1a ha tenido un papel decisivo en la recuperaci\u00f3n de la actividad, contribuyendo de forma sustancial al crecimiento continuado del PIB que se ha venido registrando en los \u00faltimos a\u00f1os\u201d, sostiene el documento. \u201cM\u00e1s all\u00e1 del impacto econ\u00f3mico a corto plazo, los flujos migratorios \u201dcontribuyen a largo plazo a un mayor dinamismo en la innovaci\u00f3n, el progreso tecnol\u00f3gico y el emprendimiento, lo que eleva el potencial de crecimiento a largo plazo\u201c.\n    <\/p>\n<p class=\"article-text\">\n        En el caso de Espa\u00f1a, el estudio sostiene que antes de la pandemia las personas reci\u00e9n llegadas ten\u00edan menor nivel de cualificaciones y se empleaban, con car\u00e1cter general, en sectores intensivos en mano de obra y en ocupaciones de menor valor a\u00f1adido y baja cualificaci\u00f3n que, \u201co bien no estaban ocupadas por los aut\u00f3ctonos o bien se hab\u00edan abandonado por estos para desplazarse hacia otras ocupaciones m\u00e1s cualificadas y mejor retribuidas, adem\u00e1s de mejor consideradas socialmente\u201d.\n    <\/p>\n<p class=\"article-text\">\n        Sin embargo, tras la pandemia se observa \u201c un mayor nivel educativo en los reci\u00e9n llegados -aunque se mantienen brechas en cualificaciones con respecto a la poblaci\u00f3n aut\u00f3ctona- y su empleo en actividades de mayor cualificaci\u00f3n y mayor valor a\u00f1adido, lo que junto con el proceso de asimilaci\u00f3n, tras veinte a\u00f1os, de los flujos migratorios que entraron a principios de este siglo, permite constatar una mejora de la productividad relativa de los trabajadores extranjeros en relaci\u00f3n con la de los trabajadores nacionales\u201d.\n    <\/p>\n<p>    Evitar la irregularidad sobrevenida<\/p>\n<p class=\"article-text\">\n        El CES dedica buena parte de su an\u00e1lisis a la necesidad de garantizar la regularidad de las personas migrantes. \u201cLa regularidad administrativa, uno de los principales vectores de la integraci\u00f3n social, constituye la norma entre la inmensa mayor\u00eda de las personas extranjeras\u201d, sostiene el estudio. Seg\u00fan su diagn\u00f3stico, m\u00e1s de la mitad de las extracomunitarias poseen autorizaci\u00f3n de larga duraci\u00f3n, siendo destacable el importante crecimiento de las nacionalizaciones. Sin embargo, sostiene, \u201caunque sea minoritaria, la presencia de un volumen variable y dif\u00edcilmente cuantificable de poblaci\u00f3n sin las autorizaciones pertinentes representa un importante desaf\u00edo en t\u00e9rminos de cohesi\u00f3n social\u201d. En este sentido, el Consejo recuerda que \u201cla irregularidad administrativa conlleva en muchas ocasiones sobrevivir en condiciones de vulnerabilidad y riesgo de exclusi\u00f3n social\u201d.\n    <\/p>\n<p class=\"article-text\">\n        Sobre ello, el informe llamar la atenci\u00f3n \u201csobre la necesidad de prevenir y abordar las situaciones de irregularidad sobrevenida que no pueden canalizarse a trav\u00e9s de las distintas figuras del arraigo\u201d. Aunque no introduce una valoraci\u00f3n sobre ella, el informe destaca la Iniciativa legislativa popular que espera avances en su tramitaci\u00f3n en el Congreso de los Diputados. \u201cAl margen del curso de esta iniciativa y de la implementaci\u00f3n del nuevo Reglamento, cabe recordar la necesidad de seguir mejorando de manera estructural los procesos administrativos y los recursos de apoyo para garantizar la regularidad administrativa y la integraci\u00f3n social de los colectivos vulnerables\u201d, indica.\n    <\/p>\n<p class=\"article-text\">\n        Las reformas normativas en materia de inmigraci\u00f3n durante las \u00faltimas legislaturas han supuesto, sostiene, \u201cavances en favor de una ordenaci\u00f3n de las migraciones mutuamente beneficiosa para las personas que vienen a Espa\u00f1a en busca de mejores oportunidades de vida y para la sociedad y la econom\u00eda espa\u00f1olas\u201d. No obstante el Consejo recuerda al Gobierno que \u201cqueda todav\u00eda margen para la mejora normativa\u201d, y recomienda \u201creforzar la concreci\u00f3n y la claridad jur\u00eddicas, y flexibilizar las v\u00edas de arraigo ajustando el esquema de requisitos y periodos de permanencia previa\u201d.\n    <\/p>\n<p class=\"article-text\">\n        El estudio identifica otros retos pendientes en materia de extranjer\u00eda. Entre ellos, la lentitud de los procedimientos, la falta de personal y la disparidad de criterios en materia de extranjer\u00eda entre provincias. Tambi\u00e9n alerta del impacto de la digitalizaci\u00f3n, que \u201cha mejorado la eficiencia en algunos \u00e1mbitos, pero ha creado nuevas barreras para quienes carecen de medios tecnol\u00f3gicos o conocimientos suficientes\u201d.\n    <\/p>\n<p class=\"article-text\">\n        Adem\u00e1s, alerta sobre el colapso del sistema de citas en extranjer\u00eda, que se ha convertido en un obst\u00e1culo estructural para acceder a los tr\u00e1mites. El organismo denuncia la proliferaci\u00f3n de pr\u00e1cticas, como la reventa de citas, y reclama un refuerzo urgente de los recursos humanos y t\u00e9cnicos para evitar este tipo de pr\u00e1cticas que considera \u201calegales\u201d\n    <\/p>\n<p class=\"article-text\">\n        \u201cLa confluencia de todo ello sit\u00faa a muchas personas migrantes en un callej\u00f3n sin salida administrativo que puede poner en riesgo su estatus migratorio, el acceso al mercado laboral o su acceso a determinados servicios. Por ello, es necesario continuar realizando esfuerzos para poner fin a las mencionadas pr\u00e1cticas que pueden suponer la imposibilidad de obtener cita previa e implementar adicionalmente mecanismos alternativos para su obtenci\u00f3n\u201d, sostiene el documento.\n    <\/p>\n<p class=\"article-text\">\n        Su an\u00e1lisis tambi\u00e9n alerta sobre el impulso de la inmigraci\u00f3n como un tema central de debate p\u00fablico. \u201cAunque la convivencia cotidiana con personas migrantes en Espa\u00f1a sigue siendo mayoritariamente positiva y aceptada, la estigmatizaci\u00f3n de la inmigraci\u00f3n por parte de determinadas corrientes pol\u00edticas con enfoques xen\u00f3fobos, nativistas y nacionalistas excluyentes ha incrementado su percepci\u00f3n como un problema para el pa\u00eds\u201d, sostiene. \u201cEsta visi\u00f3n negativa no se origina en la experiencia directa con personas migrantes, sino en contextos de desinformaci\u00f3n que sit\u00faan a la inmigraci\u00f3n como eje del descontento y de la desafecci\u00f3n social y pol\u00edtica, reforzando estereotipos y actitudes hostiles hacia los diferentes grupos migrantes\u201d, contin\u00faa.\n    <\/p>\n<p class=\"article-text\">\n        Frente a esa narrativa, el CES recomienda al Gobierno que la lucha contra los discursos de odio \u201cno solo debe basarse en la veracidad informativa y los datos sobre la realidad econ\u00f3mica y social, sino tambi\u00e9n en la desarticulaci\u00f3n de los marcos emocionales que presentan la inmigraci\u00f3n como problema o amenaza, proponiendo narrativas alternativas que interpelen a la ciudadan\u00eda no solo desde la objetividad y la raz\u00f3n, sino tambi\u00e9n desde la \u00e9tica y la empat\u00eda\u201d.\n    <\/p>\n<p class=\"article-text\">\n        El presidente del CES ha a\u00f1adido que \u201csin embargo, la percepci\u00f3n p\u00fablica sobre la inmigraci\u00f3n ha empeorado, posiblemente por la concentraci\u00f3n en algunos espacios y la insuficiente cooperaci\u00f3n interadministrativa en la gesti\u00f3n de los flujos de inmigraci\u00f3n irregular.  \u201dEn este sentido, Costas ha se\u00f1alado tres actuaciones necesarias \u201cpara mantener los impactos positivos y mejorar la percepci\u00f3n p\u00fablica: una mayor coordinaci\u00f3n entre administraciones, y una mejor integraci\u00f3n social de las mujeres migrantes y de la infancia y juventud, sea cual sea su nacionalidad de origen\u201d.\n    <\/p>\n","protected":false},"excerpt":{"rendered":"Tras unos a\u00f1os en los que la narrativa antiinmigraci\u00f3n ha pasado de ser residual a aumentar su espacio&hellip;\n","protected":false},"author":2,"featured_media":233021,"comment_status":"","ping_status":"","sticky":false,"template":"","format":"standard","meta":{"footnotes":""},"categories":[8],"tags":[17,18,11500,16480,5282,3854,25,24,13,14,11,2178,3624,590,19,20,16481,911,16482,9,10,15,16,8375,23,12,21,22],"class_list":{"0":"post-233020","1":"post","2":"type-post","3":"status-publish","4":"format-standard","5":"has-post-thumbnail","7":"category-espana","8":"tag-breaking-news","9":"tag-breakingnews","10":"tag-conflicto","11":"tag-cooperacion","12":"tag-derechos-humanos","13":"tag-eldiario-es","14":"tag-es","15":"tag-espana","16":"tag-featured-news","17":"tag-featurednews","18":"tag-headlines","19":"tag-igualdad","20":"tag-infancia","21":"tag-inmigracion","22":"tag-latest-news","23":"tag-latestnews","24":"tag-libertad-de-expresion","25":"tag-memoria","26":"tag-minorias","27":"tag-news","28":"tag-noticias","29":"tag-noticias-destacadas","30":"tag-noticiasdestacadas","31":"tag-pobreza","32":"tag-spain","33":"tag-titulares","34":"tag-ultimas-noticias","35":"tag-ultimasnoticias"},"share_on_mastodon":{"url":"https:\/\/pubeurope.com\/@es\/115540218612528396","error":""},"_links":{"self":[{"href":"https:\/\/www.europesays.com\/es\/wp-json\/wp\/v2\/posts\/233020","targetHints":{"allow":["GET"]}}],"collection":[{"href":"https:\/\/www.europesays.com\/es\/wp-json\/wp\/v2\/posts"}],"about":[{"href":"https:\/\/www.europesays.com\/es\/wp-json\/wp\/v2\/types\/post"}],"author":[{"embeddable":true,"href":"https:\/\/www.europesays.com\/es\/wp-json\/wp\/v2\/users\/2"}],"replies":[{"embeddable":true,"href":"https:\/\/www.europesays.com\/es\/wp-json\/wp\/v2\/comments?post=233020"}],"version-history":[{"count":0,"href":"https:\/\/www.europesays.com\/es\/wp-json\/wp\/v2\/posts\/233020\/revisions"}],"wp:featuredmedia":[{"embeddable":true,"href":"https:\/\/www.europesays.com\/es\/wp-json\/wp\/v2\/media\/233021"}],"wp:attachment":[{"href":"https:\/\/www.europesays.com\/es\/wp-json\/wp\/v2\/media?parent=233020"}],"wp:term":[{"taxonomy":"category","embeddable":true,"href":"https:\/\/www.europesays.com\/es\/wp-json\/wp\/v2\/categories?post=233020"},{"taxonomy":"post_tag","embeddable":true,"href":"https:\/\/www.europesays.com\/es\/wp-json\/wp\/v2\/tags?post=233020"}],"curies":[{"name":"wp","href":"https:\/\/api.w.org\/{rel}","templated":true}]}}