{"id":233026,"date":"2025-11-13T03:24:18","date_gmt":"2025-11-13T03:24:18","guid":{"rendered":"https:\/\/www.europesays.com\/es\/233026\/"},"modified":"2025-11-13T03:24:18","modified_gmt":"2025-11-13T03:24:18","slug":"belgrado-la-ultima-salida-de-grato-recuerdo-para-el-baskonia","status":"publish","type":"post","link":"https:\/\/www.europesays.com\/es\/233026\/","title":{"rendered":"Belgrado, la \u00faltima salida de grato recuerdo para el Baskonia"},"content":{"rendered":"<p>\n        Belgrado acoge este jueves (21.00 horas) un duelo de heridos en la <a href=\"https:\/\/www.noticiasdealava.eus\/baskonia\/2025\/10\/16\/baskonia-iguala-peor-arranque-historia-10224920.html\" title=\"Euroliga\" target=\"_blank\" class=\"link copy\" rel=\"nofollow noopener\">Euroliga<\/a>. En su tercera parada de una gira hasta ahora muy negativa para sus intereses que sigue constatando la falta de entereza lejos del Buesa Arena, <strong>el Baskonia visita a un Maccabi envuelto en problemas similares o incluso m\u00e1s graves desde el arranque de la temporada<\/strong>.\n<\/p>\n<p class=\"article-body__text \">\n        Si el conjunto vitoriano malvive, entre otras razones, por su falta de talla a nivel f\u00edsico o sus graves problemas defensivos (92,6 puntos en contra), <strong>no le va a la zaga un emblema de Israel muy venido a menos en los \u00faltimos tiempos <\/strong>y que incluso encaja m\u00e1s puntos de media que los de Galbiati (93,2).\n<\/p>\n<blockquote class=\"twitter-tweet\" data-lang=\"es\" wp_automatic_readability=\"4.4153846153846\">\n<p lang=\"es\" dir=\"ltr\">Declaraciones de Matteo Spagnolo antes del partido de ma\u00f1ana ante Maccabi<\/p>\n<p>La previa completa \ud83d\udc49<a href=\"https:\/\/t.co\/SBlIqCsteE\" rel=\"nofollow\">https:\/\/t.co\/SBlIqCsteE<\/a> <a href=\"https:\/\/t.co\/IBx7JxxxHa\" rel=\"nofollow\">pic.twitter.com\/IBx7JxxxHa<\/a><\/p>\n<p>\u2014 Baskonia (@Baskonia) <a href=\"https:\/\/twitter.com\/Baskonia\/status\/1988569966401273900?ref_src=twsrc%5Etfw\" rel=\"nofollow noopener\" target=\"_blank\">12 de noviembre de 2025<\/a><\/p><\/blockquote>\n<p class=\"article-body__text \">\n        Queda muy claro que Baskonia y Maccabi, <strong>protagonistas de aquella final de Euroliga en Mosc\u00fa en 2005<\/strong>, comparten desde hace tiempo los severos apuros a nivel continental.\n<\/p>\n<p class=\"article-body__text \">\n        Hu\u00e9rfanos de un poderoso musculo econ\u00f3mico, <strong>sus plantillas han perdido grandes dosis de poder\u00edo f\u00edsico y tambi\u00e9n calidad<\/strong>, por lo que no es de extra\u00f1ar que ahora ocupen el furg\u00f3n de cola de la tabla junto al Asvel Villeurbanne.\n<\/p>\n<p class=\"article-body__text \">\n        Si no enderezan r\u00e1pidamente el rumbo, <strong>dos cl\u00e1sicos que han ayudado a engrandecer la Euroliga durante a\u00f1os atr\u00e1s apuntan a quedar descabalgados de la pelea por el <\/strong><strong>play in<\/strong> a las primeras de cambio.\n<\/p>\n<p>            <a href=\"https:\/\/www.noticiasdealava.eus\/baskonia\/2025\/11\/12\/liga-acb-gane-baskonia-mayor-10340428.html\" title=\"&quot;La Liga ACB que gan\u00e9 con el Baskonia es el mayor logro de mi carrera&quot;\" class=\"new__media\" rel=\"nofollow noopener\" target=\"_blank\"><\/p>\n<p>                <img alt=\"&quot;La Liga ACB que gan\u00e9 con el Baskonia es el mayor logro de mi carrera&quot;\" data-src=\"https:\/\/www.europesays.com\/es\/wp-content\/uploads\/2025\/11\/3f8cc841-0240-4681-b58f-9f456fe5a061_16-9-aspect-ratio_default_0.jpg\" class=\"lozad\"\/><\/p>\n<p>        <\/a><\/p>\n<p>        <a href=\"https:\/\/www.noticiasdealava.eus\/baskonia\/2025\/11\/12\/liga-acb-gane-baskonia-mayor-10340428.html\" title=\"&quot;La Liga ACB que gan\u00e9 con el Baskonia es el mayor logro de mi carrera&quot;\" class=\"new__headline\" rel=\"nofollow noopener\" target=\"_blank\"><br \/>\n            \u00abLa Liga ACB que gan\u00e9 con el Baskonia es el mayor logro de mi carrera\u00bb<br \/>\n        <\/a><\/p>\n<p>  \u00daltima alegr\u00eda como for\u00e1neo <\/p>\n<p class=\"article-body__text \">\n        Esta salida a Belgrado, donde el Maccabi se ha visto exiliado desde la pasada temporada para jugar sus partidos como local, <strong>tiene una connotaci\u00f3n especial<\/strong>.\n<\/p>\n<p class=\"article-body__text \">\n        Y es que el Aleksandar Nikolic Hall se mantiene como la \u00faltima cancha donde<strong> el Baskonia obtuvo una victoria en la Euroliga por 85-95<\/strong>. Para ello, hay que remontarse a la jornada 16 de la pasada edici\u00f3n continental que tuvo lugar <strong>el 17 de diciembre<\/strong>.\n<\/p>\n<p>            <a href=\"https:\/\/www.noticiasdealava.eus\/baskonia\/2025\/11\/12\/desagradable-tuit-presidente-hapoel-ganar-10338169.html\" title=\"El desagradable tuit del presidente del Hapoel tras ganar al Baskonia\" class=\"new__media\" rel=\"nofollow noopener\" target=\"_blank\"><\/p>\n<p>                <img alt=\"El desagradable tuit del presidente del Hapoel tras ganar al Baskonia\" data-src=\"https:\/\/www.europesays.com\/es\/wp-content\/uploads\/2025\/11\/1d785466-2fda-4dc7-86c2-72d6b585281a_16-9-aspect-ratio_default_0_x596y221.jpg\" class=\"lozad\"\/><\/p>\n<p>        <\/a><\/p>\n<p>        <a href=\"https:\/\/www.noticiasdealava.eus\/baskonia\/2025\/11\/12\/desagradable-tuit-presidente-hapoel-ganar-10338169.html\" title=\"El desagradable tuit del presidente del Hapoel tras ganar al Baskonia\" class=\"new__headline\" rel=\"nofollow noopener\" target=\"_blank\"><br \/>\n            El desagradable tuit del presidente del Hapoel tras ganar al Baskonia<br \/>\n        <\/a><\/p>\n<p class=\"article-body__text \">\n        En este \u00faltimo a\u00f1o se han sucedido numerosas decepciones lejos del Buesa Arena. La \u00faltima, sin ir m\u00e1s lejos, en el 8888 Arena de Sof\u00eda ante un Hapoel de gatillo f\u00e1cil que <strong>infligi\u00f3 al Baskonia el mayor castigo a nivel anotador desde que compite en la Euroliga<\/strong> con esos 114 puntos sobre su aro.\n<\/p>\n<p class=\"article-body__text \">\n        Con la acontecida en la capital b\u00falgara, <strong>la escuadra alavesa ya acumula trece derrotas consecutivas lejos del Buesa Arena.<\/strong> Nueve son correspondientes a la campa\u00f1a 2024-25 (Panathinaikos, Virtus Bolonia, Real Madrid, M\u00f3naco, Partizan, Alba, Anadolu Efes, Fenerbahce y Armani) y cuatro a la 2025-26 (Asvel, Par\u00eds, Estrella Roja y Hapoel).\n<\/p>\n<p>  El Maccabi, a\u00fan sin Lundberg<\/p>\n<p class=\"article-body__text \">\n        Al igual que el Baskonia, <strong>el Maccabi mantiene los rasgos de a\u00f1os anteriores a la hora de desplegar un baloncesto de ritmo elevado y con muchas posesiones<\/strong> que, sin embargo, carece del contrapunto de una s\u00f3lida defensa y un dominio de la cuerda interior.\n<\/p>\n<blockquote class=\"twitter-tweet\" data-lang=\"es\" wp_automatic_readability=\"3.2374100719424\">\n<p lang=\"es\" dir=\"ltr\">\u2708\ufe0f Camino a Belgrado para nuestro segundo duelo de la semana <a href=\"https:\/\/t.co\/e1z4Hb4g6I\" rel=\"nofollow\">pic.twitter.com\/e1z4Hb4g6I<\/a><\/p>\n<p>\u2014 Baskonia (@Baskonia) <a href=\"https:\/\/twitter.com\/Baskonia\/status\/1988602227267866964?ref_src=twsrc%5Etfw\" rel=\"nofollow noopener\" target=\"_blank\">12 de noviembre de 2025<\/a><\/p><\/blockquote>\n<p class=\"article-body__text \">\n        Iffe Lundberg, su \u00faltimo fichaje procedente del Partizan, todav\u00eda no estar\u00e1 disponible para la visita alavesa debido a unos peque\u00f1os problemas f\u00edsicos. A la espera de que el dan\u00e9s con pasado en la ACB en Manresa y Tenerife le brinde un salto de calidad, <strong>sus piezas m\u00e1s importantes son los interiores Jaylen Hoard y Roman Sorkin, al margen del escolta anotador Lonnie Walker IV<\/strong>.\n<\/p>\n<p class=\"article-body__text \">\n        Las dos \u00fanicas victorias del Maccabi en esta Euroliga han tenido lugar <strong>en el derbi israel\u00ed ante el Hapoel en Sof\u00eda y en casa frente al Real Madrid<\/strong>, quien se vio ajusticiado a falta de cuatro segundos tras un triple de Tamir Blatt. En definitiva, una de las pocas salidas asequibles de la Euroliga para un Baskonia cuyo rendimiento lejos de Vitoria contin\u00faa dejando bastante que desear.\n<\/p>\n<p>            <script async src=\"https:\/\/platform.twitter.com\/widgets.js\" charset=\"utf-8\"><\/script><\/p>\n","protected":false},"excerpt":{"rendered":"Belgrado acoge este jueves (21.00 horas) un duelo de heridos en la Euroliga. En su tercera parada de&hellip;\n","protected":false},"author":2,"featured_media":233027,"comment_status":"","ping_status":"","sticky":false,"template":"","format":"standard","meta":{"footnotes":""},"categories":[269],"tags":[299,298,4714,14082,168,25,24,60753,15139,910,1965,23,167,1885],"class_list":{"0":"post-233026","1":"post","2":"type-post","3":"status-publish","4":"format-standard","5":"has-post-thumbnail","7":"category-baloncesto","8":"tag-baloncesto","9":"tag-basketball","10":"tag-baskonia","11":"tag-belgrado","12":"tag-deportes","13":"tag-es","14":"tag-espana","15":"tag-grato","16":"tag-maccabi","17":"tag-recuerdo","18":"tag-salida","19":"tag-spain","20":"tag-sports","21":"tag-ultima"},"share_on_mastodon":{"url":"https:\/\/pubeurope.com\/@es\/115540253996479174","error":""},"_links":{"self":[{"href":"https:\/\/www.europesays.com\/es\/wp-json\/wp\/v2\/posts\/233026","targetHints":{"allow":["GET"]}}],"collection":[{"href":"https:\/\/www.europesays.com\/es\/wp-json\/wp\/v2\/posts"}],"about":[{"href":"https:\/\/www.europesays.com\/es\/wp-json\/wp\/v2\/types\/post"}],"author":[{"embeddable":true,"href":"https:\/\/www.europesays.com\/es\/wp-json\/wp\/v2\/users\/2"}],"replies":[{"embeddable":true,"href":"https:\/\/www.europesays.com\/es\/wp-json\/wp\/v2\/comments?post=233026"}],"version-history":[{"count":0,"href":"https:\/\/www.europesays.com\/es\/wp-json\/wp\/v2\/posts\/233026\/revisions"}],"wp:featuredmedia":[{"embeddable":true,"href":"https:\/\/www.europesays.com\/es\/wp-json\/wp\/v2\/media\/233027"}],"wp:attachment":[{"href":"https:\/\/www.europesays.com\/es\/wp-json\/wp\/v2\/media?parent=233026"}],"wp:term":[{"taxonomy":"category","embeddable":true,"href":"https:\/\/www.europesays.com\/es\/wp-json\/wp\/v2\/categories?post=233026"},{"taxonomy":"post_tag","embeddable":true,"href":"https:\/\/www.europesays.com\/es\/wp-json\/wp\/v2\/tags?post=233026"}],"curies":[{"name":"wp","href":"https:\/\/api.w.org\/{rel}","templated":true}]}}