{"id":233042,"date":"2025-11-13T03:33:11","date_gmt":"2025-11-13T03:33:11","guid":{"rendered":"https:\/\/www.europesays.com\/es\/233042\/"},"modified":"2025-11-13T03:33:11","modified_gmt":"2025-11-13T03:33:11","slug":"inquietud-y-temor-a-nuevos-confinamientos-en-cuba","status":"publish","type":"post","link":"https:\/\/www.europesays.com\/es\/233042\/","title":{"rendered":"Inquietud y temor a nuevos confinamientos en Cuba"},"content":{"rendered":"<p>El gobierno cubano anunci\u00f3 para este mi\u00e9rcoles una &#8216;Mesa Redonda&#8217; dedicada a la \u201csituaci\u00f3n epidemiol\u00f3gica y la estrategia para enfrentarla\u201d, en medio del <a href=\"https:\/\/www.cibercuba.com\/noticias\/2025-11-12-u1-e207888-s27061-nid314730-regimen-admite-descontrol-arbovirosis-cuba-responde\" rel=\"nofollow noopener\" target=\"_blank\"><strong>creciente descontrol de las arbovirosis que golpean al pa\u00eds<\/strong><\/a> y de la desconfianza ciudadana hacia la gesti\u00f3n sanitaria del r\u00e9gimen.<\/p>\n<p>Seg\u00fan el <a href=\"http:\/\/mesaredonda.cubadebate.cu\/noticias\/2025\/11\/12\/este-miercoles-en-mesa-redonda-situacion-epidemiologica-y-estrategia-para-enfrentarla\/\" rel=\"nofollow noopener\" target=\"_blank\">comunicado oficial<\/a>, directivos del ministerio de Salud P\u00fablica (MINSAP) y <strong>\u201cexpertos en arbovirosis\u201d<\/strong> comparecer\u00e1n desde las 6:30 p. m. por Cubavisi\u00f3n, Radio Rebelde y los canales institucionales, en un programa que busca \u201cexplicar la estrategia\u201d frente a la crisis.<\/p>\n<p>Pero la convocatoria llega justo despu\u00e9s de que el propio gobierno reconociera, por primera vez, que la epidemia de dengue y chikungunya est\u00e1 fuera de control, con transmisi\u00f3n activa en m\u00e1s de 30 municipios y hospitales al borde del colapso.<\/p>\n<p>Analistas y ciudadanos interpretan esta aparici\u00f3n televisiva como un intento de retomar el control narrativo y preparar el terreno para posibles medidas restrictivas, similares a las aplicadas durante la pandemia de COVID-19.<\/p>\n<p>En su \u00faltima reuni\u00f3n con cient\u00edficos, el gobernante <strong>Miguel D\u00edaz-Canel<\/strong> adelant\u00f3 que la respuesta se organizar\u00eda \u201c<a href=\"https:\/\/www.cibercuba.com\/noticias\/2025-11-12-u1-e207888-s27061-nid314741-preven-autoridades-salud-opcion-cuarentenas\" rel=\"nofollow noopener\" target=\"_blank\"><strong>como mismo se trabaj\u00f3 la COVID<\/strong><\/a>\u201d, una frase que ha encendido alarmas ante la posibilidad de cuarentenas parciales o aislamientos domiciliarios.<\/p>\n<p>Lejos de tranquilizar, la convocatoria refuerza la percepci\u00f3n de que el r\u00e9gimen responde con propaganda y centralismo a una crisis sanitaria real, sin ofrecer cifras transparentes sobre contagios, fallecimientos ni disponibilidad de medicamentos.<\/p>\n<p>Mientras el aparato medi\u00e1tico oficial se dispone a repetir consignas sobre \u201cciencia y disciplina\u201d, en los hospitales faltan camas, sueros y m\u00e9dicos, y la poblaci\u00f3n enfrenta sola una epidemia que el r\u00e9gimen cubano reci\u00e9n empieza a reconocer p\u00fablicamente.<\/p>\n","protected":false},"excerpt":{"rendered":"El gobierno cubano anunci\u00f3 para este mi\u00e9rcoles una &#8216;Mesa Redonda&#8217; dedicada a la \u201csituaci\u00f3n epidemiol\u00f3gica y la estrategia&hellip;\n","protected":false},"author":2,"featured_media":233043,"comment_status":"","ping_status":"","sticky":false,"template":"","format":"standard","meta":{"footnotes":""},"categories":[92],"tags":[16105,11524,5243,2216,1293,18606,25,24,47839,165,60755,60756,4365,4360,60757,14135,166,4367,1452,23,60758,46801],"class_list":{"0":"post-233042","1":"post","2":"type-post","3":"status-publish","4":"format-standard","5":"has-post-thumbnail","7":"category-salud","8":"tag-atencion-de-salud","9":"tag-chikungunya","10":"tag-ciencia-y-salud","11":"tag-dengue","12":"tag-enfermedades","13":"tag-epidemias","14":"tag-es","15":"tag-espana","16":"tag-gobierno-cubano","17":"tag-health","18":"tag-medios-oficialistas","19":"tag-mesa-redonda","20":"tag-minsap","21":"tag-noticias-de-cuba","22":"tag-prensa-oficialista-en-cuba","23":"tag-propaganda","24":"tag-salud","25":"tag-salud-en-cuba","26":"tag-salud-publica","27":"tag-spain","28":"tag-television-cubana","29":"tag-virus-de-oropouche"},"share_on_mastodon":{"url":"https:\/\/pubeurope.com\/@es\/115540289423831298","error":""},"_links":{"self":[{"href":"https:\/\/www.europesays.com\/es\/wp-json\/wp\/v2\/posts\/233042","targetHints":{"allow":["GET"]}}],"collection":[{"href":"https:\/\/www.europesays.com\/es\/wp-json\/wp\/v2\/posts"}],"about":[{"href":"https:\/\/www.europesays.com\/es\/wp-json\/wp\/v2\/types\/post"}],"author":[{"embeddable":true,"href":"https:\/\/www.europesays.com\/es\/wp-json\/wp\/v2\/users\/2"}],"replies":[{"embeddable":true,"href":"https:\/\/www.europesays.com\/es\/wp-json\/wp\/v2\/comments?post=233042"}],"version-history":[{"count":0,"href":"https:\/\/www.europesays.com\/es\/wp-json\/wp\/v2\/posts\/233042\/revisions"}],"wp:featuredmedia":[{"embeddable":true,"href":"https:\/\/www.europesays.com\/es\/wp-json\/wp\/v2\/media\/233043"}],"wp:attachment":[{"href":"https:\/\/www.europesays.com\/es\/wp-json\/wp\/v2\/media?parent=233042"}],"wp:term":[{"taxonomy":"category","embeddable":true,"href":"https:\/\/www.europesays.com\/es\/wp-json\/wp\/v2\/categories?post=233042"},{"taxonomy":"post_tag","embeddable":true,"href":"https:\/\/www.europesays.com\/es\/wp-json\/wp\/v2\/tags?post=233042"}],"curies":[{"name":"wp","href":"https:\/\/api.w.org\/{rel}","templated":true}]}}