{"id":233062,"date":"2025-11-13T03:53:29","date_gmt":"2025-11-13T03:53:29","guid":{"rendered":"https:\/\/www.europesays.com\/es\/233062\/"},"modified":"2025-11-13T03:53:29","modified_gmt":"2025-11-13T03:53:29","slug":"asi-marcha-en-audiencias-y-ahora-sonsoles-en-unas-tardes-cada-vez-mas-exigentes-por-el-auge-de-la-1","status":"publish","type":"post","link":"https:\/\/www.europesays.com\/es\/233062\/","title":{"rendered":"As\u00ed marcha en audiencias &#8216;Y ahora Sonsoles&#8217; en unas tardes cada vez m\u00e1s exigentes por el auge de La 1"},"content":{"rendered":"<p class=\"article-text\">\n        <strong>Y ahora Sonsoles<\/strong> acaba de cumplir tres a\u00f1os de vida en <strong>Antena 3<\/strong>. Tres a\u00f1os de lo que en su momento fue la culminaci\u00f3n de un peque\u00f1o gran terremoto televisivo: el fichaje de <strong>Sonsoles \u00d3nega<\/strong> por <strong>Atresmedia <\/strong>procedente de <strong>Mediaset<\/strong>. La madrile\u00f1a llevaba desde 2018 siendo uno de los rostros m\u00e1s pujantes del grupo de Fuencarral, que la hab\u00eda sacado de las cr\u00f3nicas parlamentarias para darle las riendas de un nuevo programa (Ya es mediod\u00eda) y la oportunidad de forjarse una carrera como presentadora. Principalmente de magacines, pero con un breve paso por los realities \u2014present\u00f3 los debates de la primera edici\u00f3n de La casa fuerte, en 2020\u2014, se\u00f1al inequ\u00edvoca de lo mucho que <strong>Telecinco<\/strong> confiaba en sus posibilidades.\n    <\/p>\n<p>    <a href=\"https:\/\/www.eldiario.es\/vertele\/noticias\/hormiguero-bbc-excusa-atacar-rtve-afirmar-manipulando_1_12760924.html\" data-mrf-recirculation=\"saber-mas\" data-dl-event=\"saber-mas\" rel=\"nofollow noopener\" target=\"_blank\"><\/p>\n<p class=\"know-more__title\">&#8216;El Hormiguero&#8217; us\u00f3 a la BBC como excusa para atacar a RTVE al afirmar que \u00abest\u00e1 manipulando\u00bb<\/p>\n<p>            <img decoding=\"async\" class=\"lazy\" loading=\"lazy\" data-src=\"https:\/\/static.eldiario.es\/clip\/91cfb6db-9c24-4800-b839-894648cd7c8e_16-9-aspect-ratio_default_0.jpg\" src=\"data:image\/svg+xml,%3Csvg xmlns=\" http:=\"\" viewbox=\"0 0 880 495\" alt=\"'El Hormiguero' us\u00f3 a la BBC como excusa para atacar a RTVE al afirmar que &quot;est\u00e1 manipulando&quot;\"\/><\/p>\n<p>                        <\/a><\/p>\n<p class=\"article-text\">\n        Sin embargo, en un giro inesperado de los acontecimientos, \u00d3nega hizo las maletas y se fue a la competencia en el verano de 2022. Lo hizo pr\u00e1cticamente de un d\u00eda para otro, pues una ma\u00f1ana (la del 11 de julio) estaba presentando Ya es mediod\u00eda por \u00faltima vez y solo unas horas despu\u00e9s <a href=\"https:\/\/www.eldiario.es\/vertele\/noticias\/sonsoles-onega-ficha-atresmedia-pone-etapa-mediaset_1_9162479.html\" target=\"_blank\" data-mrf-recirculation=\"links-noticia\" class=\"link\" rel=\"nofollow noopener\">Atresmedia anunciaba su incorporaci\u00f3n<\/a>. La industria televisiva, que llevaba a\u00f1os sin vivir un movimiento de esta magnitud, recibi\u00f3 la noticia como una bomba informativa. \u201cJam\u00e1s pens\u00e9 que podr\u00eda generar tanta expectaci\u00f3n, quiz\u00e1 porque no me valoro como un gran fichaje\u201d, reflexionaba al respecto la periodista en una <a href=\"https:\/\/www.eldiario.es\/vertele\/entrevistas\/sonsoles-onega-y-ahora-sonsoles-antena-3-generar-expectacion-no-valoro-gran-fichaje-atresmedia_1_9638265.html\" target=\"_blank\" data-mrf-recirculation=\"links-noticia\" class=\"link\" rel=\"nofollow noopener\">entrevista con verTele<\/a> el 23 de octubre de 2022. Un d\u00eda despu\u00e9s, estaba <a href=\"https:\/\/www.eldiario.es\/vertele\/noticias\/ahora-sonsoles-valio-emocion-sonsoles-onega-sacar-magacin-pasado-revoluciones_1_9651197.html\" target=\"_blank\" data-mrf-recirculation=\"links-noticia\" class=\"link\" rel=\"nofollow noopener\">debutando al frente de <\/a><a href=\"https:\/\/www.eldiario.es\/vertele\/noticias\/ahora-sonsoles-valio-emocion-sonsoles-onega-sacar-magacin-pasado-revoluciones_1_9651197.html\" target=\"_blank\" data-mrf-recirculation=\"links-noticia\" class=\"link\" rel=\"nofollow noopener\"><strong>Y ahora Sonsoles<\/strong><\/a>.\n    <\/p>\n<p>    Pasado y presente de &#8216;Y ahora Sonsoles&#8217; en Antena 3<\/p>\n<p class=\"article-text\">\n        Desde entonces, el magac\u00edn producido por <strong>Buend\u00eda Estudios<\/strong> ha sobrevivido a la temporada final de <strong>S\u00e1lvame<\/strong>, al regreso de <strong>Ana Rosa Quintana <\/strong>a las tardes de Telecinco, al ef\u00edmero paso de Bel\u00e9n Esteban, Mar\u00eda Pati\u00f1o, Kiko Matamoros y compa\u00f1\u00eda por La 1 e, incluso, al final de su propio telonero, la veteran\u00edsima serie diaria <strong>Amar es para siempre.<\/strong> Es m\u00e1s, de todas las ofertas vespertinas que actualmente se emiten en las tres grandes cadenas nacionales, solo dos ya estaban cuando YAS comenz\u00f3 sus emisiones: <strong>Pasapalabra<\/strong> y <strong>Aqu\u00ed la Tierra<\/strong>. El resto son nuevas, por lo que el contexto en el que compiten \u00d3nega y su equipo ha cambiado mucho en los \u00faltimos tres a\u00f1os. Tanto como la duraci\u00f3n de su programa, que empez\u00f3 siendo una hora (de 19 a 20h), luego dos (de 18 a 20h) y ahora dura tres horas (de 17 a 20h).\n    <\/p>\n<p>            <img decoding=\"async\" class=\"lazy\" loading=\"lazy\" data-src=\"https:\/\/static.eldiario.es\/clip\/5f8673c1-ec6f-4643-9c9f-3d12cb04b087_16-9-discover-aspect-ratio_default_0.jpg\" src=\"data:image\/svg+xml,%3Csvg xmlns=\" http:=\"\" viewbox=\"0 0 1200 675\" alt=\"Sonsoles \u00d3nega promociona 'Y ahora Sonsoles'\"\/><\/p>\n<p class=\"article-text\">\n        Ahora bien, \u00bfc\u00f3mo ha llegado Y ahora Sonsoles a los tres a\u00f1os de vida habiendo triplicado por el camino su franja de emisi\u00f3n? Evidentemente, por necesidades de programaci\u00f3n \u2014el final de las series turcas <strong>Tierra amarga<\/strong> y <strong>Pecado original<\/strong> propici\u00f3 la extensi\u00f3n del formato\u2014, pero sobre todo, por unos datos de audiencia que sosten\u00edan dicha ampliaci\u00f3n. Datos no solo referentes al programa en s\u00ed, sino sobre todo a Antena 3, que ya llevaba un a\u00f1o liderando cuando YAS lleg\u00f3 a su parrilla. Por tanto, el aterrizaje del magac\u00edn en detrimento de <strong>\u00a1Boom!<\/strong><strong> <\/strong>no escond\u00eda una necesidad imperiosa por ara\u00f1ar share, sino un intento por reforzar una de sus franjas m\u00e1s flojas \u2014el veterano concurso de Juanra Bonet sufr\u00eda un evidente desgaste\u2014 y, a partir de ah\u00ed, dar la puntilla definitiva a S\u00e1lvame, al que ya hab\u00eda debilitado sobremanera con Pasapalabra y las ficciones otomanas.\n    <\/p>\n<p class=\"article-text\">\n        Teniendo en cuenta lo que ocurri\u00f3 despu\u00e9s, no se puede decir que el hist\u00f3rico magac\u00edn de Telecinco acabara por culpa de Y ahora Sonsoles, pero s\u00ed que este \u00faltimo estuvo a su altura y le plant\u00f3 cara \u2014incluso le gan\u00f3 <a href=\"https:\/\/www.eldiario.es\/vertele\/audiencias-tv\/y-ahora-sonsoles-onega-primer-mes-audiencias-antena-3-salvame-telecinco_1_9736173.html\" target=\"_blank\" data-mrf-recirculation=\"links-noticia\" class=\"link\" rel=\"nofollow noopener\">en su primer mes<\/a>\u2014 durante la \u00fanica temporada en la que compitieron entre s\u00ed (la 22\/23). Desde entonces, Telecinco no ha tenido una oferta vespertina tan competitiva, ni YAS unos datos como los que promedi\u00f3 durante aquel curso, el primero y \u00fanico con una hora diaria de emisi\u00f3n <strong>(12.8% de cuota y 1,1 millones de seguidores de media)<\/strong>. De hecho, el siguiente, el 23\/24, no fue tan positivo en lo num\u00e9rico (<strong>12% de share y casi un mill\u00f3n de espectadores de media<\/strong>, ya con dos horas de duraci\u00f3n), pero s\u00ed en lo an\u00edmico, pues \u00d3nega y los suyos se apuntaron otro gran tanto a su favor: ganar pr\u00e1cticamente a diario a Ana Rosa Quintana y su <strong>TardeAR<\/strong>. Algo que repitieron durante la 24\/25 hasta que AR volvi\u00f3 a las ma\u00f1anas de Telecinco para reverdecer viejos laureles.\n    <\/p>\n<p class=\"article-text\">\n        <strong>Cuota media por temporada de &#8216;Y ahora Sonsoles&#8217;:<\/strong>\n    <\/p>\n<ul>\n<li>2022\/2023: <strong>12.8%<\/strong><\/li>\n<li>2023\/2024: <strong>12%<\/strong><\/li>\n<li>2024\/2025: <strong>10.5%<\/strong><\/li>\n<li>2025\/2026: <strong>10.6%<\/strong> (hasta el 11 de noviembre)<\/li>\n<\/ul>\n<p class=\"article-text\">\n        Eso s\u00ed, para entonces el gran rival de Sonsoles \u00d3nega ya no era su antigua compa\u00f1era, sino <strong>La Promesa<\/strong>, que fue creciendo en audiencias (del 10.7% de su primera temporada al 14% de la actual) a medida que YAS iba bajando (<strong>10.5% y 818.000<\/strong> en la 24\/25, un punto y medio menos que en la anterior). A partir de aqu\u00ed, el duelo entre ambas ofertas ha ido evolucionando hasta alcanzar una situaci\u00f3n m\u00e1s comprometida para el magac\u00edn de Antena 3.\n    <\/p>\n<p>    El auge de La 1, factor determinante<\/p>\n<p class=\"article-text\">\n        Hoy por hoy, no solo tiene en la ficci\u00f3n de \u00e9poca un hueso duro de roer, sino tambi\u00e9n en otras tres ofertas de La 1: <strong>Directo al grano<\/strong>, <strong>Valle Salvaje<\/strong> y <strong>Malas lenguas<\/strong>, las cuales han permitido a la p\u00fablica dar un gran paso adelante. Tan grande, que en apenas unos meses ha pasado de tener solo a La Promesa por encima del 10% en el tramo de 16 a 20h a tener a estas cuatro ofertas entre el 11% y el 13%. Un hecho que <strong>impide que \u00d3nega lidere actualmente<\/strong> el global de su franja, como s\u00ed lleg\u00f3 a hacer en el pasado.\n    <\/p>\n<p class=\"article-text\">\n        A esto \u00faltimo tambi\u00e9n contribuye <strong>El diario de Jorge<\/strong>, la \u00fanica oferta vespertina de Telecinco que de vez en cuando llega al doble d\u00edgito. <strong>El tiempo justo<\/strong> sigue estando por debajo de esa barrera (sobre el 9%), y m\u00e1s a\u00fan<strong> Ag\u00e1rrate al sill\u00f3n<\/strong> (m\u00e1s cerca del 8% que del 9%), que desde esta semana tambi\u00e9n compite con YAS al haber adelantado su inicio a las 19:15h para hacer sitio a la tira diaria de <strong>GH 20<\/strong>. Por el momento, esta reestructuraci\u00f3n de las tardes de Telecinco \u2014que tambi\u00e9n ha llevado a adelantar el talk show de <strong>Jorge Javier V\u00e1zquez<\/strong> y a recortar la duraci\u00f3n del magac\u00edn de <strong>Joaqu\u00edn Prat<\/strong>\u2014 no est\u00e1 dando resultado, lo que sigue condenando al canal de Mediaset a un segundo plano en el tramo central del d\u00eda.\n    <\/p>\n<p>            <img decoding=\"async\" class=\"lazy\" loading=\"lazy\" data-src=\"https:\/\/static.eldiario.es\/clip\/eedd4dc3-10eb-4c90-9e74-794390606419_16-9-discover-aspect-ratio_default_0.jpg\" src=\"data:image\/svg+xml,%3Csvg xmlns=\" http:=\"\" viewbox=\"0 0 1200 675\" alt=\"Imagen de una emisi\u00f3n reciente de 'Y ahora Sonsoles'\"\/><\/p>\n<p class=\"article-text\">\n        De vuelta a Y ahora Sonsoles, su problema no es que haya perdido el liderato de su franja, sino precisamente el espectacular crecimiento que La 1 ha experimentado en estos primeros meses del curso, tanto en sus tardes como en el resto de su parrilla diaria. Esta tendencia alcista, que ya <a href=\"https:\/\/www.eldiario.es\/vertele\/audiencias-tv\/la-1-rtve-dispara-audiencias-radiografia-explosivo-auge-programas-diarios_1_12679932.html\" target=\"_blank\" data-mrf-recirculation=\"links-noticia\" class=\"link\" rel=\"nofollow noopener\">analizamos hace un mes<\/a>, hizo que el canal estatal se quedara a menos de un punto de liderar octubre sobre Antena 3 (13.1% vs 12.3%) sin necesidad de recurrir a grandes eventos. Esto, en clave YAS, significa que el magac\u00edn empieza a ver<strong> peligrar su principal salvavidas<\/strong>: la amplia ventaja de Antena 3 sobre sus rivales.\n    <\/p>\n<p class=\"article-text\">\n        <strong>Audiencias por meses de &#8216;Y ahora Sonsoles&#8217; esta temporada:<\/strong>\n    <\/p>\n<ul>\n<li>Septiembre: <strong>10.9% y 784.000<\/strong> (22 entregas)<\/li>\n<li>Octubre: <strong>10.3% y 740.000<\/strong> (23 entregas)<\/li>\n<li>Noviembre: <strong>10.6% y 814.000<\/strong> (7 entregas, hasta el d\u00eda 11)<\/li>\n<\/ul>\n<p>    Las audiencias de &#8216;YAS&#8217; respecto a la media de Antena 3<\/p>\n<p class=\"article-text\">\n        A lo largo de su historia, pero especialmente en los dos \u00faltimos cursos, Y ahora Sonsoles ha sido la oferta diaria menos competitiva de Antena 3. Hasta ahora, esto no le ha supuesto un problema, pues la cadena no ha necesitado m\u00e1s cuota de pantalla del programa para liderar c\u00f3modamente mes a mes. Es decir, que ha podido permitirse el menor rendimiento del formato \u2014y adem\u00e1s, en una franja en la que con un 10%-11% no desentonas en audiencia\u2014 porque lo ha ido compensando con la sideral fuerza de otros. Entre ellos, los dos que se emiten entre medias de Y ahora Sonsoles:<strong> Sue\u00f1os de libertad<\/strong> y <strong>Pasapalabra<\/strong>, que promedian unas cifras muy superiores a las del magac\u00edn (en torno al 14% en el caso de la serie diaria, y por encima del 20% en el del veterano concurso).\n    <\/p>\n<p>            <img decoding=\"async\" class=\"lazy\" loading=\"lazy\" data-src=\"https:\/\/static.eldiario.es\/clip\/187d73ae-73bd-4f76-bc45-f1b1d2ca2d8d_16-9-discover-aspect-ratio_default_0.jpg\" src=\"data:image\/svg+xml,%3Csvg xmlns=\" http:=\"\" viewbox=\"0 0 1200 675\" alt=\"Sonsoles \u00d3nega y Ruth Lorenzo, en una entrega reciente de 'YAS'\"\/><\/p>\n<p class=\"article-text\">\n        Sin embargo, si La 1 sigue acerc\u00e1ndose a este ritmo y llega a amenazar el liderato de Antena 3 \u2014a estas alturas de noviembre va nueve d\u00e9cimas por detr\u00e1s: 12% vs 12.9%\u2014 , el canal de Atresmedia necesitar\u00e1 un punto extra para mantener su actual hegemonia. Y si ese momento llega, las miradas recaer\u00e1n sobre su prime time \u2014es la franja donde tiene m\u00e1s margen de maniobra\u2014, pero tambi\u00e9n sobre Y ahora Sonsoles por el mero hecho de ser <strong>su programa diario con menos share<\/strong>.\n    <\/p>\n<p class=\"article-text\">\n        Por ahora, el magac\u00edn ha abierto el curso con n\u00fameros similares al anterior <strong>(10.6% y 768.000 tras 52 entregas)<\/strong> y m\u00e1s de dos puntos por debajo de la media de Antena 3 (13% entre septiembre y lo que llevamos de noviembre), lo que resume su actual d\u00e9ficit respecto al grueso de la programaci\u00f3n de la cadena.\n    <\/p>\n<p class=\"article-text\">\n        <strong>Desventaja de &#8216;YAS&#8217; esta temporada respecto a la media de Antena 3: <\/strong>\n    <\/p>\n<ul>\n<li>Septiembre: <strong>-2.1 puntos<\/strong> (10.9% vs 13%)<\/li>\n<li>Octubre: <strong>-2.8 puntos<\/strong> (10.3% vs 13.1%)<\/li>\n<li>Noviembre: <strong>-2.3 puntos<\/strong> (10.6% vs 12.9%)<\/li>\n<\/ul>\n<p class=\"article-text\">\n        La mejor noticia para \u00d3nega es que su relaci\u00f3n con Atresmedia va <strong>m\u00e1s all\u00e1 de su magac\u00edn<\/strong>. Por ejemplo, ya la hemos visto presentar en prime time varios especiales del programa social <strong>Hablando en plata<\/strong>, y el pr\u00f3ximo 30 de noviembre ver\u00e1 c\u00f3mo la adaptaci\u00f3n televisiva de <a href=\"https:\/\/www.eldiario.es\/vertele\/videos\/trailers-y-avances\/atresmedia-pone-fecha-estreno-lanza-trailer-hijas-criada-serie-firma-sonsoles-onega_8_12644095.html\" target=\"_blank\" data-mrf-recirculation=\"links-noticia\" class=\"link\" rel=\"nofollow noopener\"><strong>Las hijas de la criada<\/strong><\/a>, la novela por la que gan\u00f3 el Premio Planeta en 2023, se estrena en <strong>Atresplayer<\/strong>. \u201cEn la primera reuni\u00f3n que tuve con los jefes de esta casa se habl\u00f3 de un mont\u00f3n de cosas ilusionantes. Poder hacer documentales en Atresplayer Premium y alguna adaptaci\u00f3n de mis libros me gusta\u201d, reconoci\u00f3 ella misma hace tres a\u00f1os en aquella entrevista con verTele.\n    <\/p>\n<p>    <a href=\"https:\/\/www.eldiario.es\/vertele\/noticias\/tamara-falco-critica-ante-cristina-pardo-trabajo-periodistas-lasexta-libro-rey-emerito-sesgado_1_12749664.html\" data-mrf-recirculation=\"saber-mas-abajo\" data-dl-event=\"saber-mas-abajo\" rel=\"nofollow noopener\" target=\"_blank\"><\/p>\n<p class=\"know-more__title\">Tamara Falc\u00f3 critica ante Cristina Pardo el trabajo de periodistas de laSexta con el libro del rey em\u00e9rito: \u201cEst\u00e1 sesgado\u201d<\/p>\n<p>            <img decoding=\"async\" class=\"lazy\" loading=\"lazy\" data-src=\"https:\/\/static.eldiario.es\/clip\/e6e89685-91ff-4a2d-a4c5-965de7a03cd0_16-9-aspect-ratio_default_0.jpg\" src=\"data:image\/svg+xml,%3Csvg xmlns=\" http:=\"\" viewbox=\"0 0 880 495\" alt=\"Tamara Falc\u00f3 critica ante Cristina Pardo el trabajo de periodistas de laSexta con el libro del rey em\u00e9rito: &quot;Est\u00e1 sesgado&quot;\"\/><\/p>\n<p>                        <\/a><\/p>\n<p class=\"article-text\">\n        Aun as\u00ed, su prioridad sigue siendo la misma que entonces: Y ahora Sonsoles. Es decir, el formato con el que Antena 3 recuper\u00f3 muchos a\u00f1os despu\u00e9s el coraz\u00f3n y los magacines en directo para sus tardes y que ahora, tras un primer trienio de vida sin grandes sobresaltos, se ve <strong>m\u00e1s exigido que nunca<\/strong> para dar la talla y continuar siendo la ventana a la actualidad en las tardes del canal.\n    <\/p>\n","protected":false},"excerpt":{"rendered":"Y ahora Sonsoles acaba de cumplir tres a\u00f1os de vida en Antena 3. Tres a\u00f1os de lo que&hellip;\n","protected":false},"author":2,"featured_media":233063,"comment_status":"","ping_status":"","sticky":false,"template":"","format":"standard","meta":{"footnotes":""},"categories":[171],"tags":[1705,2509,17001,146,147,25,24,14218,6870,23,9747,214,16537],"class_list":{"0":"post-233062","1":"post","2":"type-post","3":"status-publish","4":"format-standard","5":"has-post-thumbnail","7":"category-tv","8":"tag-analisis","9":"tag-audiencias","10":"tag-auge","11":"tag-entertainment","12":"tag-entretenimiento","13":"tag-es","14":"tag-espana","15":"tag-exigentes","16":"tag-la-1","17":"tag-spain","18":"tag-tardes","19":"tag-tv","20":"tag-y-ahora-sonsoles"},"share_on_mastodon":{"url":"https:\/\/pubeurope.com\/@es\/115540368162926069","error":""},"_links":{"self":[{"href":"https:\/\/www.europesays.com\/es\/wp-json\/wp\/v2\/posts\/233062","targetHints":{"allow":["GET"]}}],"collection":[{"href":"https:\/\/www.europesays.com\/es\/wp-json\/wp\/v2\/posts"}],"about":[{"href":"https:\/\/www.europesays.com\/es\/wp-json\/wp\/v2\/types\/post"}],"author":[{"embeddable":true,"href":"https:\/\/www.europesays.com\/es\/wp-json\/wp\/v2\/users\/2"}],"replies":[{"embeddable":true,"href":"https:\/\/www.europesays.com\/es\/wp-json\/wp\/v2\/comments?post=233062"}],"version-history":[{"count":0,"href":"https:\/\/www.europesays.com\/es\/wp-json\/wp\/v2\/posts\/233062\/revisions"}],"wp:featuredmedia":[{"embeddable":true,"href":"https:\/\/www.europesays.com\/es\/wp-json\/wp\/v2\/media\/233063"}],"wp:attachment":[{"href":"https:\/\/www.europesays.com\/es\/wp-json\/wp\/v2\/media?parent=233062"}],"wp:term":[{"taxonomy":"category","embeddable":true,"href":"https:\/\/www.europesays.com\/es\/wp-json\/wp\/v2\/categories?post=233062"},{"taxonomy":"post_tag","embeddable":true,"href":"https:\/\/www.europesays.com\/es\/wp-json\/wp\/v2\/tags?post=233062"}],"curies":[{"name":"wp","href":"https:\/\/api.w.org\/{rel}","templated":true}]}}