{"id":233069,"date":"2025-11-13T03:57:23","date_gmt":"2025-11-13T03:57:23","guid":{"rendered":"https:\/\/www.europesays.com\/es\/233069\/"},"modified":"2025-11-13T03:57:23","modified_gmt":"2025-11-13T03:57:23","slug":"nueva-campana-sobre-uso-del-preservativo-ante-auge-de-infecciones-de-transmision-sexual-gomera-verde","status":"publish","type":"post","link":"https:\/\/www.europesays.com\/es\/233069\/","title":{"rendered":"Nueva campa\u00f1a sobre uso del preservativo ante auge de infecciones de transmisi\u00f3n sexual | Gomera Verde"},"content":{"rendered":"<p>En la presentaci\u00f3n de la campa\u00f1a, que lleva por t\u00edtulo &#8216;\u00a1Que nada te impida usar el preservativo! Disfruta del sexo seguro&#8217;, el director general de Salud P\u00fablica, Jos\u00e9 D\u00edaz-Flores, ha expuesto que el auge de las ITS \u00abpone de manifiesto que es prioritario proporcionar informaci\u00f3n precisa\u00bb sobre las mismas.<\/p>\n<p>Ha indicado que factores como la falta de informaci\u00f3n, el estigma y la percepci\u00f3n de invulnerabilidad \u00abhacen que muchas personas no tomen medidas preventivas, como el uso del preservativo\u00bb., de ah\u00ed la importancia de este tipo de acciones.<\/p>\n<p>El concepto creativo de la campa\u00f1a refleja la \u00aburgencia\u00bb que muchas veces se tiene por las pr\u00e1cticas sexuales sin tener un conocimiento de la pareja ni usar las medidas de protecci\u00f3n necesarias, lo que expone a riesgos innecesarios.<\/p>\n<p>Adem\u00e1s, plantea claramente la soluci\u00f3n de prevenci\u00f3n, detecci\u00f3n y tratamiento precoz.<\/p>\n<p>El director general de Salud P\u00fablica ha explicado que la campa\u00f1a pone el foco en la necesidad de fomentar los comportamientos sexuales responsables para reducir la transmisi\u00f3n de las ITS, promover la realizaci\u00f3n de pruebas diagn\u00f3sticas a la m\u00ednima sospecha de riesgo y las exploraciones rutinarias para detectar estas infecciones a tiempo, especialmente cuando los s\u00edntomas no son visibles.<\/p>\n<p>Adem\u00e1s, se busca resaltar la responsabilidad personal que conlleva que las decisiones sobre la salud sexual afectan no solo a la persona, sino tambi\u00e9n a sus parejas y a la comunidad.<\/p>\n<p>Esta iniciativa est\u00e1 dirigida a todas las personas sexualmente activas, con especial atenci\u00f3n a la juventud, que estad\u00edsticamente es el grupo de mayor vulnerabilidad para contraer ITS; a las personas adultas mayores que est\u00e1n experimentando un aumento en las tasas de transmisi\u00f3n de ITS, y a las personas homosexuales (gays), bisexuales y hombres que tienen sexo con hombres (GBHSH) con una mayor incidencia de ITS, y que requieren un enfoque espec\u00edfico.<\/p>\n<p>La Consejer\u00eda de Sanidad hace hincapi\u00e9 en que la falta de educaci\u00f3n afectivo-sexual reglada, el inicio temprano de las relaciones sexuales, la globalizaci\u00f3n de la informaci\u00f3n a trav\u00e9s de las redes sociales y la interconexi\u00f3n social han facilitado el crecimiento de ideas equivocadas sobre c\u00f3mo se transmiten las ITS, cu\u00e1les son sus factores de riesgo, o c\u00f3mo prevenirlas.<\/p>\n<p>Adem\u00e1s, recalca que la estigmatizaci\u00f3n que provocan estas infecciones hace que la juventud, y a veces otros grupos de poblaci\u00f3n, se sienta juzgada y se muestre reticente a hablar sobre estos temas que pueden resultar inc\u00f3modos, y no acuda a los centros sanitarios sino a las redes sociales y al consejo entre pares.<\/p>\n<p>Seg\u00fan datos provisionales de enero a octubre de 2025, en Canarias se han confirmado 1.312 casos de infecci\u00f3n gonoc\u00f3cica (78,2% de los casos en hombres y el 21,7% en mujeres). El rango de edad abarca desde los 14 a los 70 a\u00f1os de edad, con una media de 31,4 a\u00f1os.<\/p>\n<p>En este mismo periodo se han contabilizado 1.935 casos de infecci\u00f3n por chlamydia (49,1% de los casos en hombres y el 50,9% en mujeres). El rango de edad abarca desde los 0 meses a los 70 a\u00f1os de edad, con una media de 28,1 a\u00f1os.<\/p>\n<p>Se han confirmado 568 casos de s\u00edfilis (82,9% de los casos en hombres y el 17,1% en mujeres). El rango de edad abarca desde los 15 a los 89 a\u00f1os de edad, con una media de 38,2 a\u00f1os. <\/p>\n<p>\u00a0<\/p>\n","protected":false},"excerpt":{"rendered":"En la presentaci\u00f3n de la campa\u00f1a, que lleva por t\u00edtulo &#8216;\u00a1Que nada te impida usar el preservativo! Disfruta&hellip;\n","protected":false},"author":2,"featured_media":153558,"comment_status":"","ping_status":"","sticky":false,"template":"","format":"standard","meta":{"footnotes":""},"categories":[92],"tags":[1896,14491,168,25,24,14490,14493,14487,165,14489,14488,10,166,14492,23],"class_list":{"0":"post-233069","1":"post","2":"type-post","3":"status-publish","4":"format-standard","5":"has-post-thumbnail","7":"category-salud","8":"tag-canarias","9":"tag-chacaras","10":"tag-deportes","11":"tag-es","12":"tag-espana","13":"tag-esquelas","14":"tag-folklore","15":"tag-gomeraverde","16":"tag-health","17":"tag-lagomera","18":"tag-necrologicas","19":"tag-noticias","20":"tag-salud","21":"tag-silbo","22":"tag-spain"},"share_on_mastodon":{"url":"https:\/\/pubeurope.com\/@es\/115540383752443850","error":""},"_links":{"self":[{"href":"https:\/\/www.europesays.com\/es\/wp-json\/wp\/v2\/posts\/233069","targetHints":{"allow":["GET"]}}],"collection":[{"href":"https:\/\/www.europesays.com\/es\/wp-json\/wp\/v2\/posts"}],"about":[{"href":"https:\/\/www.europesays.com\/es\/wp-json\/wp\/v2\/types\/post"}],"author":[{"embeddable":true,"href":"https:\/\/www.europesays.com\/es\/wp-json\/wp\/v2\/users\/2"}],"replies":[{"embeddable":true,"href":"https:\/\/www.europesays.com\/es\/wp-json\/wp\/v2\/comments?post=233069"}],"version-history":[{"count":0,"href":"https:\/\/www.europesays.com\/es\/wp-json\/wp\/v2\/posts\/233069\/revisions"}],"wp:featuredmedia":[{"embeddable":true,"href":"https:\/\/www.europesays.com\/es\/wp-json\/wp\/v2\/media\/153558"}],"wp:attachment":[{"href":"https:\/\/www.europesays.com\/es\/wp-json\/wp\/v2\/media?parent=233069"}],"wp:term":[{"taxonomy":"category","embeddable":true,"href":"https:\/\/www.europesays.com\/es\/wp-json\/wp\/v2\/categories?post=233069"},{"taxonomy":"post_tag","embeddable":true,"href":"https:\/\/www.europesays.com\/es\/wp-json\/wp\/v2\/tags?post=233069"}],"curies":[{"name":"wp","href":"https:\/\/api.w.org\/{rel}","templated":true}]}}