{"id":233079,"date":"2025-11-13T04:10:31","date_gmt":"2025-11-13T04:10:31","guid":{"rendered":"https:\/\/www.europesays.com\/es\/233079\/"},"modified":"2025-11-13T04:10:31","modified_gmt":"2025-11-13T04:10:31","slug":"toon-aerts-triunfa-y-orts-en-el-top-10","status":"publish","type":"post","link":"https:\/\/www.europesays.com\/es\/233079\/","title":{"rendered":"Toon Aerts triunfa y Orts en el top-10"},"content":{"rendered":"<blockquote class=\"quote-card lateral\">\n<p>Toon Aerts gana el Europeo con una Orbea Orca, una bici de carretera<\/p>\n<\/blockquote>\n<p>El belga Toon Aerts ha sido el mejor en el completo y espectacular circuito de Middelkerke, proclam\u00e1ndose campe\u00f3n de Europa de ciclocross a los mandos de una Orbea Orca, una bicicleta de carretera adaptada para la disciplina. Una elecci\u00f3n poco habitual en la \u00e9lite del ciclocross, pero que ha sido posible gracias a la evoluci\u00f3n de las bicis de carretera modernas, que hoy pueden alojar cubiertas de incluso m\u00e1s de los 33 mm establecidos como el m\u00e1ximo permitido por el reglamento de la UCI.<\/p>\n<p>En este caso la Orbea Orca anuncia un paso de rueda de hasta 32 mm, lo que abre la puerta a montar cubiertas de ciclocross en circuitos donde no haya mucho barro, como ha sido el caso de este Europeo. Aerts tambi\u00e9n ha competido con la nueva <a href=\"https:\/\/www.youtube.com\/watch?v=jwrH6Laq2FQ\" target=\"_blank\" rel=\"noopener nofollow\"><strong>Orbea Terra Race<\/strong><\/a> en otras citas de esta temporada.<\/p>\n<p>\t Contin\u00faa tras los patrocinadores<\/p>\n<blockquote class=\"quote-card lateral\">\n<p>B\u00e9lgica ha dominado, como era de esperar<\/p>\n<\/blockquote>\n<p>Aerts se impuso en un circuito t\u00e9cnico y r\u00e1pido, dominando frente a una potente selecci\u00f3n belga que cop\u00f3 las primeras posiciones. Su victoria supone su mejor resultado desde que regres\u00f3 a la competici\u00f3n en febrero de 2024, tras dos a\u00f1os de sanci\u00f3n por dar positivo en Letrozol, firmando adem\u00e1s un resultado hist\u00f3rico para Orbea, que a\u00f1ade un nuevo t\u00edtulo continental a su palmar\u00e9s como marca de bicicletas. Quiz\u00e1s uno de los menos esperados.<\/p>\n<p>El desenlace lleg\u00f3 al sprint frente a Thibau Nys, con Joran Wyseure completando el podio despu\u00e9s de una carrera con m\u00faltiples cambios de l\u00edder y cortes que se rehicieron hasta la \u00faltima vuelta.<\/p>\n<blockquote class=\"quote-card lateral\">\n<p>Felipe Orts fue el mejor espa\u00f1ol y firm\u00f3 una s\u00f3lida actuaci\u00f3n dentro del top-10<\/p>\n<\/blockquote>\n<p>El siete veces campe\u00f3n de Espa\u00f1a, Felipe Orts, complet\u00f3 una gran actuaci\u00f3n en Middelkerke. El alicantino fue el mejor espa\u00f1ol en carrera y logr\u00f3 meterse entre los diez primeros clasificados, confirmando su regularidad y su papel de referente nacional en el ciclocross internacional.<\/p>\n<p>La prueba continental dej\u00f3 claro el dominio belga en esta disciplina, con varios de sus corredores entre los primeros puestos, mientras que Orts volvi\u00f3 a mostrar que puede competir de t\u00fa a t\u00fa con los mejores del mundo, sumando un nuevo top-10 internacional a su temporada.<\/p>\n<p><strong>Clasificaci\u00f3n top-10 \u2013 Campeonato de Europa de ciclocross 2025 (Middelkerke)<\/strong><\/p>\n<tr>\nPos.<br \/>\nNombre<br \/>\nTiempo<br \/>\n<\/tr>\n<tr>\n<td>1<\/td>\n<td>Toon Aerts (B\u00e9lgica)<\/td>\n<td>58:40<\/td>\n<\/tr>\n<tr>\n<td>2<\/td>\n<td>Thibau Nys (B\u00e9lgica)<\/td>\n<td>m.t.<\/td>\n<\/tr>\n<tr>\n<td>3<\/td>\n<td>Joran Wyseure (B\u00e9lgica)<\/td>\n<td>+0:03<\/td>\n<\/tr>\n<tr>\n<td>4<\/td>\n<td>Pim Ronhaar (Pa\u00edses Bajos)<\/td>\n<td>+0:04<\/td>\n<\/tr>\n<tr>\n<td>5<\/td>\n<td>Cameron Mason (Gran Breta\u00f1a)<\/td>\n<td>m.t.<\/td>\n<\/tr>\n<tr>\n<td>6<\/td>\n<td>Emiel Verstrynge (B\u00e9lgica)<\/td>\n<td>+0:12<\/td>\n<\/tr>\n<tr>\n<td>7<\/td>\n<td>Mees Hendrikx (Pa\u00edses Bajos)<\/td>\n<td>+0:25<\/td>\n<\/tr>\n<tr>\n<td>8<\/td>\n<td>Jente Michels (B\u00e9lgica)<\/td>\n<td>+0:33<\/td>\n<\/tr>\n<tr>\n<td>9<\/td>\n<td>Felipe Orts (Espa\u00f1a)<\/td>\n<td>+0:37<\/td>\n<\/tr>\n<tr>\n<td>10<\/td>\n<td>Michael Vanthourenhout (B\u00e9lgica)<\/td>\n<td>+0:42<\/td>\n<\/tr>\n","protected":false},"excerpt":{"rendered":"Toon Aerts gana el Europeo con una Orbea Orca, una bici de carretera El belga Toon Aerts ha&hellip;\n","protected":false},"author":2,"featured_media":233080,"comment_status":"","ping_status":"","sticky":false,"template":"","format":"standard","meta":{"footnotes":""},"categories":[273],"tags":[313,44324,312,168,25,24,45016,23,167,60772],"class_list":{"0":"post-233079","1":"post","2":"type-post","3":"status-publish","4":"format-standard","5":"has-post-thumbnail","7":"category-ciclismo","8":"tag-ciclismo","9":"tag-ciclocross","10":"tag-cycling","11":"tag-deportes","12":"tag-es","13":"tag-espana","14":"tag-orbea","15":"tag-spain","16":"tag-sports","17":"tag-toon-aerts"},"share_on_mastodon":{"url":"https:\/\/pubeurope.com\/@es\/115540434753283393","error":""},"_links":{"self":[{"href":"https:\/\/www.europesays.com\/es\/wp-json\/wp\/v2\/posts\/233079","targetHints":{"allow":["GET"]}}],"collection":[{"href":"https:\/\/www.europesays.com\/es\/wp-json\/wp\/v2\/posts"}],"about":[{"href":"https:\/\/www.europesays.com\/es\/wp-json\/wp\/v2\/types\/post"}],"author":[{"embeddable":true,"href":"https:\/\/www.europesays.com\/es\/wp-json\/wp\/v2\/users\/2"}],"replies":[{"embeddable":true,"href":"https:\/\/www.europesays.com\/es\/wp-json\/wp\/v2\/comments?post=233079"}],"version-history":[{"count":0,"href":"https:\/\/www.europesays.com\/es\/wp-json\/wp\/v2\/posts\/233079\/revisions"}],"wp:featuredmedia":[{"embeddable":true,"href":"https:\/\/www.europesays.com\/es\/wp-json\/wp\/v2\/media\/233080"}],"wp:attachment":[{"href":"https:\/\/www.europesays.com\/es\/wp-json\/wp\/v2\/media?parent=233079"}],"wp:term":[{"taxonomy":"category","embeddable":true,"href":"https:\/\/www.europesays.com\/es\/wp-json\/wp\/v2\/categories?post=233079"},{"taxonomy":"post_tag","embeddable":true,"href":"https:\/\/www.europesays.com\/es\/wp-json\/wp\/v2\/tags?post=233079"}],"curies":[{"name":"wp","href":"https:\/\/api.w.org\/{rel}","templated":true}]}}